{"id":46290,"date":"2025-09-29T22:00:00","date_gmt":"2025-09-30T01:00:00","guid":{"rendered":"https:\/\/noticiasdestaque.com.br\/index.php\/2025\/09\/29\/previsao-do-tempo-terca-feira-30-de-muitas-chuvas-no-norte\/"},"modified":"2025-09-29T22:00:00","modified_gmt":"2025-09-30T01:00:00","slug":"previsao-do-tempo-terca-feira-30-de-muitas-chuvas-no-norte","status":"publish","type":"post","link":"https:\/\/noticiasdestaque.com.br\/index.php\/2025\/09\/29\/previsao-do-tempo-terca-feira-30-de-muitas-chuvas-no-norte\/","title":{"rendered":"PREVIS\u00c3O DO TEMPO: ter\u00e7a-feira (30) de muitas chuvas no Norte"},"content":{"rendered":"<p>\t\t\t\t\t\t\t\t\t\t<audio controls class=\"b61_audio_player\" data-noticia=\"84897\" src=\"https:\/\/brasil61.com\/rails\/active_storage\/blobs\/eyJfcmFpbHMiOnsibWVzc2FnZSI6IkJBaHBBd1NqQXc9PSIsImV4cCI6bnVsbCwicHVyIjoiYmxvYl9pZCJ9fQ==--67f222d5f4910afa0e8b2a252689b79dfcb621ec\/PTRN254566A\"><\/audio><\/p>\n<p>A <strong>previs\u00e3o do tempo para a Regi\u00e3o Norte<\/strong> do pa\u00eds, nesta <strong>ter\u00e7a-feira (30)<\/strong>, <strong>indica muitas chuvas<\/strong>. O <strong>Instituto Nacional de Meteorologia (Inmet) alerta para perigo de chuvas intensas em todo o Acre e boa parte do Amazonas<\/strong>, nas regi\u00f5es sudoeste, sul e norte do estado. H\u00e1 tamb\u00e9m <strong>o alerta de perigo potencial de chuvas intensas<\/strong> que afetam o restante das <strong>regi\u00f5es amazonenses<\/strong>, o norte de <strong>Roraima<\/strong> e o estado de <strong>Rond\u00f4nia<\/strong>.<\/p>\n<p>Na manh\u00e3, as pancadas de chuvas e trovoadas isoladas atingem o Amazonas, Acre, Rond\u00f4nia e a maior parte de Roraima. As poss\u00edveis chuvas isoladas se concentram no Par\u00e1 e no Amap\u00e1. O restante dos territ\u00f3rios \u00e9 de c\u00e9u com nuvens por todo Tocantins, o leste de Roraima, o Baixo Amazonas paraense e o norte do Amap\u00e1, assim como em Oiapoque.<\/p>\n<p>Durante a tarde, toda a regi\u00e3o \u00e9 coberta por possibilidades de chuvas, exceto o Tocantins, que segue com tempo firme. O tempo se fecha nas zonas do Maraj\u00f3 e nordeste do Par\u00e1 e no sul do Amap\u00e1, com pancadas de chuvas e trovoadas isoladas. Chuvas isoladas atingem as regi\u00f5es de Roraima, o sul de Rond\u00f4nia e o centro amazonense.<\/p>\n<p>\u00c0 noite, as pancadas de chuvas permanecem no Acre, no norte e sul amazonense, norte de Rond\u00f4nia e uma parcela pequena do Par\u00e1, em Jacareacanga. Boa Vista, Macap\u00e1 e Bel\u00e9m s\u00e3o as capitais com chuvas isoladas. O Tocantins segue com c\u00e9u com muitas e poucas nuvens.<\/p>\n<p>Entre as capitais, a temperatura m\u00ednima prevista \u00e9 de 23\u00b0C em Rio Branco e Bel\u00e9m. J\u00e1 a m\u00e1xima pode chegar at\u00e9 38\u00b0C em Palmas. A umidade relativa do ar varia entre 20% e 100%.<\/p>\n<h2>5 Motivos para saber das previs\u00f5es do tempo\u00a0\u00a0<\/h2>\n<ul>\n<li>Agricultura: garantia de uma boa colheita;<\/li>\n<li>Marinha: prote\u00e7\u00e3o dos marinheiros, dos navios e dos passageiros;<\/li>\n<li>Aeron\u00e1utica: prote\u00e7\u00e3o e seguran\u00e7a dos pilotos, das aeronaves e dos passageiros;<\/li>\n<li>Pesca: condi\u00e7\u00f5es favor\u00e1veis e seguras \u00e0 pesca; e<\/li>\n<li>Turismo: garantia de um passeio e de uma viagem feliz e tranquila.<\/li>\n<\/ul>\n<h2>Import\u00e2ncia das observa\u00e7\u00f5es meteorol\u00f3gicas no INMET<\/h2>\n<p>As observa\u00e7\u00f5es meteorol\u00f3gicas do INMET s\u00e3o essenciais para previs\u00f5es em tempo real, estat\u00edsticas clim\u00e1ticas e coopera\u00e7\u00e3o internacional.<\/p>\n<p>Esses dados precisos ajudam a estudar o clima passado e a produzir Normais Climatol\u00f3gicas conforme a Organiza\u00e7\u00e3o Meteorol\u00f3gica Mundial (<a href=\"https:\/\/worldweather.wmo.int\/pt\/home.html\" target=\"_blank\">OMM<\/a>).<\/p>\n<p>As informa\u00e7\u00f5es s\u00e3o do Instituto Nacional de Meteorologia (<a href=\"https:\/\/portal.inmet.gov.br\/\" target=\"_blank\">Inmet<\/a>).<\/p>\n<p>\u00a0<\/p>\n<p>\t\t\t\t\t\t\t\t\t<img loading=\"lazy\" decoding=\"async\" src=\"https:\/\/brasil61.com\/api\/v1\/serve_pixel\/17677\/84897\" alt=\"Pixel Brasil 61\" class=\"b61_pixel\" width=\"0\" height=\"0\"><\/p>\n<input type=\"hidden\" id=\"baseurl\" value=\"https:\/\/noticiasdestaque.com.br\"><input type=\"hidden\" id=\"audio_nonce\" value=\"6f73a554f1\">","protected":false},"excerpt":{"rendered":"<p>Inmet alerta para perigo de chuvas intensas no Acre e em boa parte do Amazonas; temperaturas variam entre 23\u00b0C e 38\u00b0C<\/p>\n","protected":false},"author":1,"featured_media":46291,"comment_status":"open","ping_status":"open","sticky":false,"template":"","format":"standard","meta":{"fifu_image_url":"","fifu_image_alt":"","footnotes":""},"categories":[58],"tags":[],"class_list":["post-46290","post","type-post","status-publish","format-standard","has-post-thumbnail","hentry","category-cotidiano"],"distributor_meta":false,"distributor_terms":false,"distributor_media":false,"distributor_original_site_name":"Noticias em Destaque","distributor_original_site_url":"https:\/\/noticiasdestaque.com.br","push-errors":false,"_links":{"self":[{"href":"https:\/\/noticiasdestaque.com.br\/index.php\/wp-json\/wp\/v2\/posts\/46290","targetHints":{"allow":["GET"]}}],"collection":[{"href":"https:\/\/noticiasdestaque.com.br\/index.php\/wp-json\/wp\/v2\/posts"}],"about":[{"href":"https:\/\/noticiasdestaque.com.br\/index.php\/wp-json\/wp\/v2\/types\/post"}],"author":[{"embeddable":true,"href":"https:\/\/noticiasdestaque.com.br\/index.php\/wp-json\/wp\/v2\/users\/1"}],"replies":[{"embeddable":true,"href":"https:\/\/noticiasdestaque.com.br\/index.php\/wp-json\/wp\/v2\/comments?post=46290"}],"version-history":[{"count":0,"href":"https:\/\/noticiasdestaque.com.br\/index.php\/wp-json\/wp\/v2\/posts\/46290\/revisions"}],"wp:featuredmedia":[{"embeddable":true,"href":"https:\/\/noticiasdestaque.com.br\/index.php\/wp-json\/wp\/v2\/media\/46291"}],"wp:attachment":[{"href":"https:\/\/noticiasdestaque.com.br\/index.php\/wp-json\/wp\/v2\/media?parent=46290"}],"wp:term":[{"taxonomy":"category","embeddable":true,"href":"https:\/\/noticiasdestaque.com.br\/index.php\/wp-json\/wp\/v2\/categories?post=46290"},{"taxonomy":"post_tag","embeddable":true,"href":"https:\/\/noticiasdestaque.com.br\/index.php\/wp-json\/wp\/v2\/tags?post=46290"}],"curies":[{"name":"wp","href":"https:\/\/api.w.org\/{rel}","templated":true}]}}