{"id":46288,"date":"2025-09-29T22:00:00","date_gmt":"2025-09-30T01:00:00","guid":{"rendered":"https:\/\/noticiasdestaque.com.br\/index.php\/2025\/09\/29\/previsao-do-tempo-sudeste-com-muitas-nuvens-nesta-terca-feira-30\/"},"modified":"2025-09-29T22:00:00","modified_gmt":"2025-09-30T01:00:00","slug":"previsao-do-tempo-sudeste-com-muitas-nuvens-nesta-terca-feira-30","status":"publish","type":"post","link":"https:\/\/noticiasdestaque.com.br\/index.php\/2025\/09\/29\/previsao-do-tempo-sudeste-com-muitas-nuvens-nesta-terca-feira-30\/","title":{"rendered":"PREVIS\u00c3O DO TEMPO: Sudeste com muitas nuvens nesta ter\u00e7a-feira (30)"},"content":{"rendered":"<p>\t\t\t\t\t\t\t\t\t\t<audio controls class=\"b61_audio_player\" data-noticia=\"84892\" src=\"https:\/\/brasil61.com\/rails\/active_storage\/blobs\/eyJfcmFpbHMiOnsibWVzc2FnZSI6IkJBaHBBd2VqQXc9PSIsImV4cCI6bnVsbCwicHVyIjoiYmxvYl9pZCJ9fQ==--0cd75d922da5ed48049c4355d7cc5eb8b26922a8\/PTSD254205A\"><\/audio><\/p>\n<p>A <strong>previs\u00e3o do tempo para a regi\u00e3o Sudeste<\/strong> do pa\u00eds, nesta <strong>ter\u00e7a-feira (30)<\/strong>, indica muitas nuvens. O <strong>Instituto Nacional de Meteorologia (Inmet) alerta para perigo potencial de baixa umidade<\/strong> do norte ao sul de <strong>Minas Gerais<\/strong> e nas regi\u00f5es de S\u00e3o Jos\u00e9 do Rio Preto e Ribeir\u00e3o Preto, em <strong>S\u00e3o Paulo<\/strong>.<\/p>\n<p>De manh\u00e3, <strong>predominam poucas e muitas nuvens<\/strong> nos estados do <strong>Esp\u00edrito Santo, Minas Gerais, Rio de Janeiro<\/strong> e do norte de <strong>S\u00e3o Paulo<\/strong> ao Vale do Para\u00edba Paulista, at\u00e9 a capital. Est\u00e3o previstas pancadas de chuvas e trovoadas desde Presidente Prudente at\u00e9 o litoral sul paulista.<\/p>\n<p>A possibilidade de chuvas isoladas ocupa\u00a0as regi\u00f5es de Ara\u00e7atuba e Mar\u00edlia.<\/p>\n<p>\u00c0 tarde, as chuvas avan\u00e7am e ocupam quase todo territ\u00f3rio de S\u00e3o Paulo, atingindo a capital com pancadas e trovoadas. O c\u00e9u com poucas nuvens permanece nos territ\u00f3rios dos estados mineiro, capixaba e fluminense.\u00a0\u00a0<\/p>\n<p>A noite \u00e9 marcada por poucas nuvens e sem chuvas em todos os quatro estados do Sudeste.<\/p>\n<p>Entre as capitais, a <strong>temperatura m\u00ednima prevista \u00e9 de 16\u00b0C em Belo Horizonte, S\u00e3o Paulo e Vit\u00f3ria<\/strong>. J\u00e1 a <strong>m\u00e1xima pode chegar a at\u00e9 31\u00b0C, em S\u00e3o Paulo<\/strong>. A umidade relativa do ar varia entre <strong>30% e 100%<\/strong>.<\/p>\n<h2>5 Motivos para saber das previs\u00f5es do tempo\u00a0\u00a0<\/h2>\n<ul>\n<li>Agricultura: garantia de uma boa colheita;<\/li>\n<li>Marinha: prote\u00e7\u00e3o dos marinheiros, dos navios e dos passageiros;<\/li>\n<li>Aeron\u00e1utica: prote\u00e7\u00e3o e seguran\u00e7a dos pilotos, das aeronaves e dos passageiros;<\/li>\n<li>Pesca: condi\u00e7\u00f5es favor\u00e1veis e seguras \u00e0 pesca; e<\/li>\n<li>Turismo: garantia de um passeio e de uma viagem feliz e tranquila.<\/li>\n<\/ul>\n<h2>Import\u00e2ncia das observa\u00e7\u00f5es meteorol\u00f3gicas no INMET<\/h2>\n<p>As observa\u00e7\u00f5es meteorol\u00f3gicas do INMET s\u00e3o essenciais para previs\u00f5es em tempo real, estat\u00edsticas clim\u00e1ticas e coopera\u00e7\u00e3o internacional. Esses dados precisos ajudam a estudar o clima passado e a produzir Normais Climatol\u00f3gicas conforme a Organiza\u00e7\u00e3o Meteorol\u00f3gica Mundial (<a href=\"https:\/\/worldweather.wmo.int\/pt\/home.html\" target=\"_blank\">OMM<\/a>).<\/p>\n<p>As informa\u00e7\u00f5es s\u00e3o do Instituto Nacional de Meteorologia (<a href=\"https:\/\/portal.inmet.gov.br\/\" target=\"_blank\">Inmet<\/a>).<\/p>\n<p>\u00a0<\/p>\n<p>\t\t\t\t\t\t\t\t\t<img loading=\"lazy\" decoding=\"async\" src=\"https:\/\/brasil61.com\/api\/v1\/serve_pixel\/17677\/84892\" alt=\"Pixel Brasil 61\" class=\"b61_pixel\" width=\"0\" height=\"0\"><\/p>\n<input type=\"hidden\" id=\"baseurl\" value=\"https:\/\/noticiasdestaque.com.br\"><input type=\"hidden\" id=\"audio_nonce\" value=\"6f73a554f1\">","protected":false},"excerpt":{"rendered":"<p>Inmet alerta para perigo potencial de baixa umidade em partes de Minas e S\u00e3o Paulo; temperaturas variam entre 16\u00b0C e 31\u00b0C<\/p>\n","protected":false},"author":1,"featured_media":46289,"comment_status":"open","ping_status":"open","sticky":false,"template":"","format":"standard","meta":{"fifu_image_url":"","fifu_image_alt":"","footnotes":""},"categories":[58],"tags":[],"class_list":["post-46288","post","type-post","status-publish","format-standard","has-post-thumbnail","hentry","category-cotidiano"],"distributor_meta":false,"distributor_terms":false,"distributor_media":false,"distributor_original_site_name":"Noticias em Destaque","distributor_original_site_url":"https:\/\/noticiasdestaque.com.br","push-errors":false,"_links":{"self":[{"href":"https:\/\/noticiasdestaque.com.br\/index.php\/wp-json\/wp\/v2\/posts\/46288","targetHints":{"allow":["GET"]}}],"collection":[{"href":"https:\/\/noticiasdestaque.com.br\/index.php\/wp-json\/wp\/v2\/posts"}],"about":[{"href":"https:\/\/noticiasdestaque.com.br\/index.php\/wp-json\/wp\/v2\/types\/post"}],"author":[{"embeddable":true,"href":"https:\/\/noticiasdestaque.com.br\/index.php\/wp-json\/wp\/v2\/users\/1"}],"replies":[{"embeddable":true,"href":"https:\/\/noticiasdestaque.com.br\/index.php\/wp-json\/wp\/v2\/comments?post=46288"}],"version-history":[{"count":0,"href":"https:\/\/noticiasdestaque.com.br\/index.php\/wp-json\/wp\/v2\/posts\/46288\/revisions"}],"wp:featuredmedia":[{"embeddable":true,"href":"https:\/\/noticiasdestaque.com.br\/index.php\/wp-json\/wp\/v2\/media\/46289"}],"wp:attachment":[{"href":"https:\/\/noticiasdestaque.com.br\/index.php\/wp-json\/wp\/v2\/media?parent=46288"}],"wp:term":[{"taxonomy":"category","embeddable":true,"href":"https:\/\/noticiasdestaque.com.br\/index.php\/wp-json\/wp\/v2\/categories?post=46288"},{"taxonomy":"post_tag","embeddable":true,"href":"https:\/\/noticiasdestaque.com.br\/index.php\/wp-json\/wp\/v2\/tags?post=46288"}],"curies":[{"name":"wp","href":"https:\/\/api.w.org\/{rel}","templated":true}]}}