{"id":46284,"date":"2025-09-29T04:10:00","date_gmt":"2025-09-29T07:10:00","guid":{"rendered":"https:\/\/noticiasdestaque.com.br\/index.php\/2025\/09\/29\/isencao-do-imposto-de-renda-deve-dominar-agenda-do-congresso-esta-semana\/"},"modified":"2025-09-29T04:10:00","modified_gmt":"2025-09-29T07:10:00","slug":"isencao-do-imposto-de-renda-deve-dominar-agenda-do-congresso-esta-semana","status":"publish","type":"post","link":"https:\/\/noticiasdestaque.com.br\/index.php\/2025\/09\/29\/isencao-do-imposto-de-renda-deve-dominar-agenda-do-congresso-esta-semana\/","title":{"rendered":"Isen\u00e7\u00e3o do Imposto de Renda deve dominar agenda do Congresso esta semana"},"content":{"rendered":"<p>\t\t\t\t\t\t\t\t\t\t<audio controls class=\"b61_audio_player\" data-noticia=\"84844\" src=\"https:\/\/brasil61.com\/rails\/active_storage\/blobs\/eyJfcmFpbHMiOnsibWVzc2FnZSI6IkJBaHBBNHFoQXc9PSIsImV4cCI6bnVsbCwicHVyIjoiYmxvYl9pZCJ9fQ==--78e936197b2bef9dd6eb0525c66237f95f921905\/BRAS2514799A\"><\/audio><\/p>\n<p>A pauta do <strong>Imposto de Renda <\/strong>deve dominar os trabalhos esta semana no <strong>Congresso Nacional<\/strong>. A <a href=\"https:\/\/www.camara.leg.br\/\"><strong>C\u00e2mara dos Deputados <\/strong><\/a>busca recuperar a imagem junto \u00e0 sociedade e dar resposta ao <a href=\"https:\/\/www12.senado.leg.br\/hpsenado\"><strong>Senado<\/strong><\/a>, que recentemente aprovou projeto do senador Renan Calheiros sobre a isen\u00e7\u00e3o do IR, avalia o cientista pol\u00edtico e professor da <strong>Funda\u00e7\u00e3o Get\u00falio Varga (<a href=\"https:\/\/portal.fgv.br\/\">FGV<\/a>)<\/strong>, Eduardo Grin.<\/p>\n<p>\u201cAt\u00e9 tudo indica que a grande pauta da semana ser\u00e1 a do imposto de renda. A C\u00e2mara dever\u00e1 aprovar, porque ser\u00e1 dif\u00edcil para o bolsonarismo se posicionar contra uma medida que beneficia a popula\u00e7\u00e3o\u201d, explicou Grin.<\/p>\n<p>O especialista acredita que, <strong>embora haja tentativas de condicionar a primeira discuss\u00e3o da anistia \u00e0 aprova\u00e7\u00e3o do IR, a tend\u00eancia \u00e9 que o tema avance independentemente<\/strong>.<\/p>\n<h2>Regulamenta\u00e7\u00e3o da reforma tribut\u00e1ria segue na agenda<\/h2>\n<p>O <strong>Senado <\/strong>deve retomar a vota\u00e7\u00e3o da segunda etapa da <strong>r<a href=\"https:\/\/www25.senado.leg.br\/web\/atividade\/materias\/-\/materia\/166095\">egulamenta\u00e7\u00e3o da reforma tribut\u00e1ria<\/a>\u00a0<\/strong>sobre o consumo. A sess\u00e3o, marcada para ter\u00e7a-feira (30), foi adiada para permitir que o relator, senador <strong>Eduardo Braga (MDB-AM)<\/strong>, analise e negocie mais de 150 emendas apresentadas por senadores.<\/p>\n<p>O substitutivo em an\u00e1lise trata da cria\u00e7\u00e3o do Comit\u00ea Gestor respons\u00e1vel por administrar o Imposto sobre Bens e Servi\u00e7os (IBS) e prev\u00ea um per\u00edodo de testes j\u00e1 em 2026.<\/p>\n<h2>Anistia e PEC da Seguran\u00e7a continuam no radar<\/h2>\n<p>Apesar de terem gerado forte repercuss\u00e3o recentemente, os <strong>projetos de anistia e a chamada PEC da blindagem perderam for\u00e7a ap\u00f3s as manifesta\u00e7\u00f5es do \u00faltimo dia 21 de setembro<\/strong>. Grin explica que o bolsonarismo seguir\u00e1 pressionando, mas dificilmente haver\u00e1 avan\u00e7os significativos na pr\u00f3xima semana.<\/p>\n<p>Por outro lado, a <strong>seguran\u00e7a p\u00fablica permanece como uma das maiores preocupa\u00e7\u00f5es da popula\u00e7\u00e3o<\/strong>. A expectativa \u00e9 que o governo tente retomar a discuss\u00e3o da <strong>PEC da Seguran\u00e7a nos pr\u00f3ximos dias<\/strong>.<\/p>\n<p>\u201cNo Congresso atual, especialmente na C\u00e2mara, os trabalhos t\u00eam sido muito monof\u00e1sicos, focados em uma pauta de cada vez. \u00c9 improv\u00e1vel que avancem m\u00faltiplos temas ao mesmo tempo, mas a PEC da Seguran\u00e7a continua na agenda\u201d, afirma o professor.<\/p>\n<h2>Outros temas e or\u00e7amento 2026<\/h2>\n<p>Al\u00e9m dessas prioridades, outros projetos continuam no radar, como a <strong>regula\u00e7\u00e3o de apostas (bets)<\/strong>, das <strong>Big Techs <\/strong>e do <strong>or\u00e7amento do pr\u00f3ximo ano<\/strong>. Eduardo Grin alerta que a discuss\u00e3o da Lei Or\u00e7ament\u00e1ria de 2026 deve incluir debates sobre a aloca\u00e7\u00e3o de emendas, investimentos do governo e a manuten\u00e7\u00e3o do PAC, cujo valor pode sofrer ajustes.<\/p>\n<p>\u201c\u00c9 importante acompanhar como se dar\u00e1 a aloca\u00e7\u00e3o de recursos e o que ser\u00e1 aprovado para fundo de campanha, al\u00e9m das prioridades de investimento, que devem ter impacto direto sobre o or\u00e7amento do ano que vem\u201d, acrescenta Grin.<br \/>\n\u00a0<\/p>\n<p>\t\t\t\t\t\t\t\t\t<img loading=\"lazy\" decoding=\"async\" src=\"https:\/\/brasil61.com\/api\/v1\/serve_pixel\/17677\/84844\" alt=\"Pixel Brasil 61\" class=\"b61_pixel\" width=\"0\" height=\"0\"><\/p>\n<input type=\"hidden\" id=\"baseurl\" value=\"https:\/\/noticiasdestaque.com.br\"><input type=\"hidden\" id=\"audio_nonce\" value=\"6a24ca502e\">","protected":false},"excerpt":{"rendered":"<p>Anistia, regulamenta\u00e7\u00e3o da reforma tribut\u00e1ria e PEC da Seguran\u00e7a tamb\u00e9m est\u00e3o no radar dos parlamentares<\/p>\n","protected":false},"author":1,"featured_media":46285,"comment_status":"open","ping_status":"open","sticky":false,"template":"","format":"standard","meta":{"fifu_image_url":"","fifu_image_alt":"","footnotes":""},"categories":[50],"tags":[],"class_list":["post-46284","post","type-post","status-publish","format-standard","has-post-thumbnail","hentry","category-politica"],"distributor_meta":false,"distributor_terms":false,"distributor_media":false,"distributor_original_site_name":"Noticias em Destaque","distributor_original_site_url":"https:\/\/noticiasdestaque.com.br","push-errors":false,"_links":{"self":[{"href":"https:\/\/noticiasdestaque.com.br\/index.php\/wp-json\/wp\/v2\/posts\/46284","targetHints":{"allow":["GET"]}}],"collection":[{"href":"https:\/\/noticiasdestaque.com.br\/index.php\/wp-json\/wp\/v2\/posts"}],"about":[{"href":"https:\/\/noticiasdestaque.com.br\/index.php\/wp-json\/wp\/v2\/types\/post"}],"author":[{"embeddable":true,"href":"https:\/\/noticiasdestaque.com.br\/index.php\/wp-json\/wp\/v2\/users\/1"}],"replies":[{"embeddable":true,"href":"https:\/\/noticiasdestaque.com.br\/index.php\/wp-json\/wp\/v2\/comments?post=46284"}],"version-history":[{"count":0,"href":"https:\/\/noticiasdestaque.com.br\/index.php\/wp-json\/wp\/v2\/posts\/46284\/revisions"}],"wp:featuredmedia":[{"embeddable":true,"href":"https:\/\/noticiasdestaque.com.br\/index.php\/wp-json\/wp\/v2\/media\/46285"}],"wp:attachment":[{"href":"https:\/\/noticiasdestaque.com.br\/index.php\/wp-json\/wp\/v2\/media?parent=46284"}],"wp:term":[{"taxonomy":"category","embeddable":true,"href":"https:\/\/noticiasdestaque.com.br\/index.php\/wp-json\/wp\/v2\/categories?post=46284"},{"taxonomy":"post_tag","embeddable":true,"href":"https:\/\/noticiasdestaque.com.br\/index.php\/wp-json\/wp\/v2\/tags?post=46284"}],"curies":[{"name":"wp","href":"https:\/\/api.w.org\/{rel}","templated":true}]}}