{"id":46256,"date":"2025-09-27T18:40:00","date_gmt":"2025-09-27T21:40:00","guid":{"rendered":"https:\/\/noticiasdestaque.com.br\/index.php\/2025\/09\/27\/previsao-do-tempo-norte-registra-pancadas-de-chuva-em-boa-parte-da-regiao-neste-domingo-28\/"},"modified":"2025-09-27T18:40:00","modified_gmt":"2025-09-27T21:40:00","slug":"previsao-do-tempo-norte-registra-pancadas-de-chuva-em-boa-parte-da-regiao-neste-domingo-28","status":"publish","type":"post","link":"https:\/\/noticiasdestaque.com.br\/index.php\/2025\/09\/27\/previsao-do-tempo-norte-registra-pancadas-de-chuva-em-boa-parte-da-regiao-neste-domingo-28\/","title":{"rendered":"PREVIS\u00c3O DO TEMPO: Norte registra pancadas de chuva em boa parte da regi\u00e3o, neste domingo (28)"},"content":{"rendered":"<p>\t\t\t\t\t\t\t\t\t\t<audio controls class=\"b61_audio_player\" data-noticia=\"84847\" src=\"https:\/\/brasil61.com\/rails\/active_storage\/blobs\/eyJfcmFpbHMiOnsibWVzc2FnZSI6IkJBaHBBM2loQXc9PSIsImV4cCI6bnVsbCwicHVyIjoiYmxvYl9pZCJ9fQ==--241ce9630d99a38045c9b71d62dfa70d0a10a27e\/PTRN254563A\"><\/audio><\/p>\n<p>A previs\u00e3o do tempo para este domingo (28) \u00e9 de muitas nuvens, pancadas de chuvas e trovoadas no Norte do Brasil. Essa condi\u00e7\u00e3o ser\u00e1 percebida no\u00a0norte do Amazonas at\u00e9 os munic\u00edpios de Juta\u00ed e Tef\u00e9, e no Sul de Roraima, atingindo Caracara\u00ed e Rorain\u00f3polis. Nas demais \u00e1reas\u00a0amazonenses e roraimenses, no Acre, em Rond\u00f4nia e na microrregi\u00e3o de Itaituba, no Par\u00e1, est\u00e3o previstas pancadas de chuva e trovoadas isoladas.<\/p>\n<p>Tamb\u00e9m est\u00e3o previstas muitas nuvens e poss\u00edveis chuvas isoladas para os estados do Par\u00e1 e Amap\u00e1, que atingem as respectivas capitais Bel\u00e9m e Macap\u00e1, e poucos munic\u00edpios do Tocantins, como Araguatins.<\/p>\n<p>Para quase todo o territ\u00f3rio do Tocantins, a previs\u00e3o \u00e9 de poucas nuvens e c\u00e9u claro.\u00a0\u00a0<\/p>\n<p>Entre as capitais, a temperatura m\u00ednima prevista \u00e9 de 23\u00b0C, em Rio Branco, e 24\u00b0C em Bel\u00e9m, Porto Velho e Palmas. A m\u00e1xima deve chegar a 37\u00b0C, em Boa Vista, e 35\u00b0C, em Manaus e Palmas. A umidade relativa do ar varia entre 25% e 95%.<\/p>\n<h2>5 Motivos para saber das previs\u00f5es do tempo\u00a0\u00a0<\/h2>\n<ul>\n<li>Agricultura: garantia de uma boa colheita;<\/li>\n<li>Marinha: prote\u00e7\u00e3o dos marinheiros, dos navios e dos passageiros;<\/li>\n<li>Aeron\u00e1utica: prote\u00e7\u00e3o e seguran\u00e7a dos pilotos, das aeronaves e dos passageiros;<\/li>\n<li>Pesca: condi\u00e7\u00f5es favor\u00e1veis e seguras \u00e0 pesca; e<\/li>\n<li>Turismo: garantia de um passeio e de uma viagem feliz e tranquila.<\/li>\n<\/ul>\n<h2>Import\u00e2ncia das observa\u00e7\u00f5es meteorol\u00f3gicas no INMET<\/h2>\n<p>As observa\u00e7\u00f5es meteorol\u00f3gicas do INMET s\u00e3o essenciais para previs\u00f5es em tempo real, estat\u00edsticas clim\u00e1ticas e coopera\u00e7\u00e3o internacional. Esses dados precisos ajudam a estudar o clima passado e a produzir Normais Climatol\u00f3gicas conforme a Organiza\u00e7\u00e3o Meteorol\u00f3gica Mundial (<a href=\"https:\/\/worldweather.wmo.int\/pt\/home.html\" target=\"_blank\">OMM<\/a>).<\/p>\n<p>As informa\u00e7\u00f5es s\u00e3o do Instituto Nacional de Meteorologia (<a href=\"https:\/\/portal.inmet.gov.br\/\" target=\"_blank\">Inmet<\/a>).<\/p>\n<p>\t\t\t\t\t\t\t\t\t<img loading=\"lazy\" decoding=\"async\" src=\"https:\/\/brasil61.com\/api\/v1\/serve_pixel\/17677\/84847\" alt=\"Pixel Brasil 61\" class=\"b61_pixel\" width=\"0\" height=\"0\"><\/p>\n<input type=\"hidden\" id=\"baseurl\" value=\"https:\/\/noticiasdestaque.com.br\"><input type=\"hidden\" id=\"audio_nonce\" value=\"6f73a554f1\">","protected":false},"excerpt":{"rendered":"<p>Entre as capitais, a temperatura m\u00ednima prevista \u00e9 de 23\u00b0C, em Rio Branco. A m\u00e1xima deve chegar a 37\u00b0C, Boa Vista.<\/p>\n","protected":false},"author":1,"featured_media":46257,"comment_status":"open","ping_status":"open","sticky":false,"template":"","format":"standard","meta":{"fifu_image_url":"","fifu_image_alt":"","footnotes":""},"categories":[58],"tags":[],"class_list":["post-46256","post","type-post","status-publish","format-standard","has-post-thumbnail","hentry","category-cotidiano"],"distributor_meta":false,"distributor_terms":false,"distributor_media":false,"distributor_original_site_name":"Noticias em Destaque","distributor_original_site_url":"https:\/\/noticiasdestaque.com.br","push-errors":false,"_links":{"self":[{"href":"https:\/\/noticiasdestaque.com.br\/index.php\/wp-json\/wp\/v2\/posts\/46256","targetHints":{"allow":["GET"]}}],"collection":[{"href":"https:\/\/noticiasdestaque.com.br\/index.php\/wp-json\/wp\/v2\/posts"}],"about":[{"href":"https:\/\/noticiasdestaque.com.br\/index.php\/wp-json\/wp\/v2\/types\/post"}],"author":[{"embeddable":true,"href":"https:\/\/noticiasdestaque.com.br\/index.php\/wp-json\/wp\/v2\/users\/1"}],"replies":[{"embeddable":true,"href":"https:\/\/noticiasdestaque.com.br\/index.php\/wp-json\/wp\/v2\/comments?post=46256"}],"version-history":[{"count":0,"href":"https:\/\/noticiasdestaque.com.br\/index.php\/wp-json\/wp\/v2\/posts\/46256\/revisions"}],"wp:featuredmedia":[{"embeddable":true,"href":"https:\/\/noticiasdestaque.com.br\/index.php\/wp-json\/wp\/v2\/media\/46257"}],"wp:attachment":[{"href":"https:\/\/noticiasdestaque.com.br\/index.php\/wp-json\/wp\/v2\/media?parent=46256"}],"wp:term":[{"taxonomy":"category","embeddable":true,"href":"https:\/\/noticiasdestaque.com.br\/index.php\/wp-json\/wp\/v2\/categories?post=46256"},{"taxonomy":"post_tag","embeddable":true,"href":"https:\/\/noticiasdestaque.com.br\/index.php\/wp-json\/wp\/v2\/tags?post=46256"}],"curies":[{"name":"wp","href":"https:\/\/api.w.org\/{rel}","templated":true}]}}