{"id":46254,"date":"2025-09-27T18:30:00","date_gmt":"2025-09-27T21:30:00","guid":{"rendered":"https:\/\/noticiasdestaque.com.br\/index.php\/2025\/09\/27\/previsao-do-tempo-ceu-com-poucas-nuvens-no-nordeste-neste-domingo-28\/"},"modified":"2025-09-27T18:30:00","modified_gmt":"2025-09-27T21:30:00","slug":"previsao-do-tempo-ceu-com-poucas-nuvens-no-nordeste-neste-domingo-28","status":"publish","type":"post","link":"https:\/\/noticiasdestaque.com.br\/index.php\/2025\/09\/27\/previsao-do-tempo-ceu-com-poucas-nuvens-no-nordeste-neste-domingo-28\/","title":{"rendered":"PREVIS\u00c3O DO TEMPO: c\u00e9u com poucas nuvens no Nordeste, neste domingo (28)"},"content":{"rendered":"<p>\t\t\t\t\t\t\t\t\t\t<audio controls class=\"b61_audio_player\" data-noticia=\"84848\" src=\"https:\/\/brasil61.com\/rails\/active_storage\/blobs\/eyJfcmFpbHMiOnsibWVzc2FnZSI6IkJBaHBBM2VoQXc9PSIsImV4cCI6bnVsbCwicHVyIjoiYmxvYl9pZCJ9fQ==--6e90c7371a1cba106a10c8531df437060938f453\/PTND254812A\"><\/audio><\/p>\n<p>O predom\u00ednio de c\u00e9u claro e com poucas nuvens \u00e9 a previs\u00e3o para este domingo (28) no\u00a0Nordeste brasileiro. Essa condi\u00e7\u00e3o afeta quase todo o estado da Bahia, como na capital Salvador; o\u00a0sudeste e sudoeste do Piau\u00ed, al\u00e9m do\u00a0sul do Maranh\u00e3o, at\u00e9 o munic\u00edpio de Bar\u00e3o de Graja\u00fa.<\/p>\n<p>Al\u00e9m disso, est\u00e3o\u00a0previstas muitas nuvens para todo\u00a0o\u00a0territ\u00f3rio\u00a0do Cear\u00e1, Rio Grande do Norte, em boa parte da Para\u00edba, exceto no litoral, no Sert\u00e3o e em S\u00e3o Francisco do Pernambuco, na microrregi\u00e3o de Paulo Afonso e no nordeste baiano.<\/p>\n<p>A previs\u00e3o tamb\u00e9m indica possibilidade de chuvas isoladas no\u00a0oeste do Maranh\u00e3o, sobretudo em munic\u00edpios como C\u00e2ndido Mendes e Imperatriz;\u00a0na capital paraibana, Jo\u00e3o Pessoa;\u00a0do agreste \u00e0 costa pernambucana, que inclui a capital Recife;\u00a0e nos sert\u00f5es de Alagoas e de Sergipe, incluindo tamb\u00e9m outros munic\u00edpios sergipanos, como Indiaroba.\u00a0\u00a0<\/p>\n<p>Neste domingo, o\u00a0c\u00e9u tamb\u00e9m ficar\u00e1 nublado e haver\u00e1 pancadas de chuva\u00a0no leste alagoano e no leste de Sergipe, at\u00e9 Est\u00e2ncia.<br \/>\n\u00a0<br \/>\nEntre as capitais, a temperatura m\u00ednima prevista \u00e9 de 22\u00b0C em Macei\u00f3. A m\u00e1xima deve chegar a 37\u00b0C, em Teresina, e 33\u00b0C em S\u00e3o Lu\u00eds. A umidade relativa do ar varia entre 30% e 95%.<\/p>\n<h2>5 Motivos para saber das previs\u00f5es do tempo\u00a0\u00a0<\/h2>\n<ul>\n<li>Agricultura: garantia de uma boa colheita;<\/li>\n<li>Marinha: prote\u00e7\u00e3o dos marinheiros, dos navios e dos passageiros;<\/li>\n<li>Aeron\u00e1utica: prote\u00e7\u00e3o e seguran\u00e7a dos pilotos, das aeronaves e dos passageiros;<\/li>\n<li>Pesca: condi\u00e7\u00f5es favor\u00e1veis e seguras \u00e0 pesca; e<\/li>\n<li>Turismo: garantia de um passeio e de uma viagem feliz e tranquila.<\/li>\n<\/ul>\n<h2>Import\u00e2ncia das observa\u00e7\u00f5es meteorol\u00f3gicas no INMET<\/h2>\n<p>As observa\u00e7\u00f5es meteorol\u00f3gicas do INMET s\u00e3o essenciais para previs\u00f5es em tempo real, estat\u00edsticas clim\u00e1ticas e coopera\u00e7\u00e3o internacional. Esses dados precisos ajudam a estudar o clima passado e a produzir Normais Climatol\u00f3gicas conforme a Organiza\u00e7\u00e3o Meteorol\u00f3gica Mundial (<a href=\"https:\/\/worldweather.wmo.int\/pt\/home.html\" target=\"_blank\">OMM<\/a>).<\/p>\n<p>As informa\u00e7\u00f5es s\u00e3o do Instituto Nacional de Meteorologia (<a href=\"https:\/\/portal.inmet.gov.br\/\" target=\"_blank\">Inmet<\/a>).<\/p>\n<p>\t\t\t\t\t\t\t\t\t<img loading=\"lazy\" decoding=\"async\" src=\"https:\/\/brasil61.com\/api\/v1\/serve_pixel\/17677\/84848\" alt=\"Pixel Brasil 61\" class=\"b61_pixel\" width=\"0\" height=\"0\"><\/p>\n<input type=\"hidden\" id=\"baseurl\" value=\"https:\/\/noticiasdestaque.com.br\"><input type=\"hidden\" id=\"audio_nonce\" value=\"6f73a554f1\">","protected":false},"excerpt":{"rendered":"<p>Entre as capitais, a temperatura m\u00ednima prevista \u00e9 de 22\u00b0C em Macei\u00f3. A m\u00e1xima deve chegar a 37\u00b0C, em Teresina<\/p>\n","protected":false},"author":1,"featured_media":46255,"comment_status":"open","ping_status":"open","sticky":false,"template":"","format":"standard","meta":{"fifu_image_url":"","fifu_image_alt":"","footnotes":""},"categories":[58],"tags":[],"class_list":["post-46254","post","type-post","status-publish","format-standard","has-post-thumbnail","hentry","category-cotidiano"],"distributor_meta":false,"distributor_terms":false,"distributor_media":false,"distributor_original_site_name":"Noticias em Destaque","distributor_original_site_url":"https:\/\/noticiasdestaque.com.br","push-errors":false,"_links":{"self":[{"href":"https:\/\/noticiasdestaque.com.br\/index.php\/wp-json\/wp\/v2\/posts\/46254","targetHints":{"allow":["GET"]}}],"collection":[{"href":"https:\/\/noticiasdestaque.com.br\/index.php\/wp-json\/wp\/v2\/posts"}],"about":[{"href":"https:\/\/noticiasdestaque.com.br\/index.php\/wp-json\/wp\/v2\/types\/post"}],"author":[{"embeddable":true,"href":"https:\/\/noticiasdestaque.com.br\/index.php\/wp-json\/wp\/v2\/users\/1"}],"replies":[{"embeddable":true,"href":"https:\/\/noticiasdestaque.com.br\/index.php\/wp-json\/wp\/v2\/comments?post=46254"}],"version-history":[{"count":0,"href":"https:\/\/noticiasdestaque.com.br\/index.php\/wp-json\/wp\/v2\/posts\/46254\/revisions"}],"wp:featuredmedia":[{"embeddable":true,"href":"https:\/\/noticiasdestaque.com.br\/index.php\/wp-json\/wp\/v2\/media\/46255"}],"wp:attachment":[{"href":"https:\/\/noticiasdestaque.com.br\/index.php\/wp-json\/wp\/v2\/media?parent=46254"}],"wp:term":[{"taxonomy":"category","embeddable":true,"href":"https:\/\/noticiasdestaque.com.br\/index.php\/wp-json\/wp\/v2\/categories?post=46254"},{"taxonomy":"post_tag","embeddable":true,"href":"https:\/\/noticiasdestaque.com.br\/index.php\/wp-json\/wp\/v2\/tags?post=46254"}],"curies":[{"name":"wp","href":"https:\/\/api.w.org\/{rel}","templated":true}]}}