{"id":46252,"date":"2025-09-27T18:20:00","date_gmt":"2025-09-27T21:20:00","guid":{"rendered":"https:\/\/noticiasdestaque.com.br\/index.php\/2025\/09\/27\/previsao-do-tempo-centro-oeste-tera-domingo-28-de-chuva-isolada-e-alerta-para-tempestade-em-algumas-areas-da-regiao\/"},"modified":"2025-09-27T18:20:00","modified_gmt":"2025-09-27T21:20:00","slug":"previsao-do-tempo-centro-oeste-tera-domingo-28-de-chuva-isolada-e-alerta-para-tempestade-em-algumas-areas-da-regiao","status":"publish","type":"post","link":"https:\/\/noticiasdestaque.com.br\/index.php\/2025\/09\/27\/previsao-do-tempo-centro-oeste-tera-domingo-28-de-chuva-isolada-e-alerta-para-tempestade-em-algumas-areas-da-regiao\/","title":{"rendered":"PREVIS\u00c3O DO TEMPO: Centro-Oeste ter\u00e1 domingo (28) de chuva isolada e alerta para tempestade em algumas \u00e1reas da regi\u00e3o"},"content":{"rendered":"<p>\t\t\t\t\t\t\t\t\t\t<audio controls class=\"b61_audio_player\" data-noticia=\"84849\" src=\"https:\/\/brasil61.com\/rails\/active_storage\/blobs\/eyJfcmFpbHMiOnsibWVzc2FnZSI6IkJBaHBBM21oQXc9PSIsImV4cCI6bnVsbCwicHVyIjoiYmxvYl9pZCJ9fQ==--6c9619d0b31dde5502c1ae0b175c3c2741ebca24\/PTCO254214A\"><\/audio><\/p>\n<p>A previs\u00e3o para este domingo (28)\u00a0\u00e9 de muitas nuvens com chuvas isoladas na regi\u00e3o Centro-Oeste.\u00a0Essa condi\u00e7\u00e3o cobre partes da extens\u00e3o do Mato Grosso e Mato Grosso do Sul, desde Col\u00edder ao Alto Pantanal. O quadro tamb\u00e9m ser\u00e1 percebido nas\u00a0regi\u00f5es dos pantanais, centro-norte e sudoeste sul-mato-grossense.\u00a0<\/p>\n<p>Al\u00e9m disso, o\u00a0Instituto Nacional de Meteorologia emitiu um alerta de risco potencial de tempestade v\u00e1lido\u00a0para\u00a0o sul de\u00a0Mato Grosso do Sul, em munic\u00edpios como Paranhos, Sete Quedas e Juti.\u00a0<\/p>\n<p>Tamb\u00e9m est\u00e3o previstas pancadas de chuvas nas microrregi\u00f5es de Aripuan\u00e3, Alta Floresta, Parecis, at\u00e9 o munic\u00edpio de Vila Bela da Sant\u00edssima Trindade, no Mato Grosso.\u00a0\u00a0<\/p>\n<p>Est\u00e3o previstas, ainda, muitas nuvens nos territ\u00f3rios do sudoeste de\u00a0Goi\u00e1s, como em Jata\u00ed;\u00a0do nordeste e sudeste mato-grossense, como nos munic\u00edpios de Vila Rica e Alto Taquari;\u00a0e do leste do Mato Grosso do Sul, na regi\u00e3o de Cassil\u00e2ndia at\u00e9 Tr\u00eas Lagoas.\u00a0<\/p>\n<p>Al\u00e9m disso, o c\u00e9u fica mais claro e com poucas nuvens no estado do Goi\u00e1s e no Distrito Federal.<\/p>\n<p>Entre as capitais, a temperatura m\u00ednima prevista \u00e9 de 14\u00b0C em Bras\u00edlia, e 19\u00b0C em Goi\u00e2nia. A m\u00e1xima deve chegar a 35\u00b0C, em Campo Grande, e 33\u00b0C em Goi\u00e2nia. A umidade relativa do ar varia entre 20% e 80%.<\/p>\n<h2>5 Motivos para saber das previs\u00f5es do tempo\u00a0\u00a0<\/h2>\n<ul>\n<li>Agricultura: garantia de uma boa colheita;<\/li>\n<li>Marinha: prote\u00e7\u00e3o dos marinheiros, dos navios e dos passageiros;<\/li>\n<li>Aeron\u00e1utica: prote\u00e7\u00e3o e seguran\u00e7a dos pilotos, das aeronaves e dos passageiros;<\/li>\n<li>Pesca: condi\u00e7\u00f5es favor\u00e1veis e seguras \u00e0 pesca; e<\/li>\n<li>Turismo: garantia de um passeio e de uma viagem feliz e tranquila.<\/li>\n<\/ul>\n<h2>Import\u00e2ncia das observa\u00e7\u00f5es meteorol\u00f3gicas no INMET<\/h2>\n<p>As observa\u00e7\u00f5es meteorol\u00f3gicas do INMET s\u00e3o essenciais para previs\u00f5es em tempo real, estat\u00edsticas clim\u00e1ticas e coopera\u00e7\u00e3o internacional. Esses dados precisos ajudam a estudar o clima passado e a produzir Normais Climatol\u00f3gicas conforme a Organiza\u00e7\u00e3o Meteorol\u00f3gica Mundial (<a href=\"https:\/\/worldweather.wmo.int\/pt\/home.html\" target=\"_blank\">OMM<\/a>).<\/p>\n<p>As informa\u00e7\u00f5es s\u00e3o do Instituto Nacional de Meteorologia (<a href=\"https:\/\/portal.inmet.gov.br\/\" target=\"_blank\">Inmet<\/a>).<\/p>\n<p>\u00a0<\/p>\n<p>\t\t\t\t\t\t\t\t\t<img loading=\"lazy\" decoding=\"async\" src=\"https:\/\/brasil61.com\/api\/v1\/serve_pixel\/17677\/84849\" alt=\"Pixel Brasil 61\" class=\"b61_pixel\" width=\"0\" height=\"0\"><\/p>\n<input type=\"hidden\" id=\"baseurl\" value=\"https:\/\/noticiasdestaque.com.br\"><input type=\"hidden\" id=\"audio_nonce\" value=\"6f73a554f1\">","protected":false},"excerpt":{"rendered":"<p>Entre as capitais, a temperatura m\u00ednima prevista \u00e9 de 14\u00b0C em Bras\u00edlia. A m\u00e1xima deve chegar a 35\u00b0C, em Campo Grande<\/p>\n","protected":false},"author":1,"featured_media":46253,"comment_status":"open","ping_status":"open","sticky":false,"template":"","format":"standard","meta":{"fifu_image_url":"","fifu_image_alt":"","footnotes":""},"categories":[58],"tags":[],"class_list":["post-46252","post","type-post","status-publish","format-standard","has-post-thumbnail","hentry","category-cotidiano"],"distributor_meta":false,"distributor_terms":false,"distributor_media":false,"distributor_original_site_name":"Noticias em Destaque","distributor_original_site_url":"https:\/\/noticiasdestaque.com.br","push-errors":false,"_links":{"self":[{"href":"https:\/\/noticiasdestaque.com.br\/index.php\/wp-json\/wp\/v2\/posts\/46252","targetHints":{"allow":["GET"]}}],"collection":[{"href":"https:\/\/noticiasdestaque.com.br\/index.php\/wp-json\/wp\/v2\/posts"}],"about":[{"href":"https:\/\/noticiasdestaque.com.br\/index.php\/wp-json\/wp\/v2\/types\/post"}],"author":[{"embeddable":true,"href":"https:\/\/noticiasdestaque.com.br\/index.php\/wp-json\/wp\/v2\/users\/1"}],"replies":[{"embeddable":true,"href":"https:\/\/noticiasdestaque.com.br\/index.php\/wp-json\/wp\/v2\/comments?post=46252"}],"version-history":[{"count":0,"href":"https:\/\/noticiasdestaque.com.br\/index.php\/wp-json\/wp\/v2\/posts\/46252\/revisions"}],"wp:featuredmedia":[{"embeddable":true,"href":"https:\/\/noticiasdestaque.com.br\/index.php\/wp-json\/wp\/v2\/media\/46253"}],"wp:attachment":[{"href":"https:\/\/noticiasdestaque.com.br\/index.php\/wp-json\/wp\/v2\/media?parent=46252"}],"wp:term":[{"taxonomy":"category","embeddable":true,"href":"https:\/\/noticiasdestaque.com.br\/index.php\/wp-json\/wp\/v2\/categories?post=46252"},{"taxonomy":"post_tag","embeddable":true,"href":"https:\/\/noticiasdestaque.com.br\/index.php\/wp-json\/wp\/v2\/tags?post=46252"}],"curies":[{"name":"wp","href":"https:\/\/api.w.org\/{rel}","templated":true}]}}