{"id":46250,"date":"2025-09-27T18:10:00","date_gmt":"2025-09-27T21:10:00","guid":{"rendered":"https:\/\/noticiasdestaque.com.br\/index.php\/2025\/09\/27\/previsao-do-tempo-sudeste-tem-prevalencia-de-ceu-claro-neste-domingo-28\/"},"modified":"2025-09-27T18:10:00","modified_gmt":"2025-09-27T21:10:00","slug":"previsao-do-tempo-sudeste-tem-prevalencia-de-ceu-claro-neste-domingo-28","status":"publish","type":"post","link":"https:\/\/noticiasdestaque.com.br\/index.php\/2025\/09\/27\/previsao-do-tempo-sudeste-tem-prevalencia-de-ceu-claro-neste-domingo-28\/","title":{"rendered":"PREVIS\u00c3O DO TEMPO: Sudeste tem preval\u00eancia de c\u00e9u claro, neste domingo (28)"},"content":{"rendered":"<p>\t\t\t\t\t\t\t\t\t\t<audio controls class=\"b61_audio_player\" data-noticia=\"84850\" src=\"https:\/\/brasil61.com\/rails\/active_storage\/blobs\/eyJfcmFpbHMiOnsibWVzc2FnZSI6IkJBaHBBM3VoQXc9PSIsImV4cCI6bnVsbCwicHVyIjoiYmxvYl9pZCJ9fQ==--0f3d7054e9d6247c364432a9029854d4843ecc52\/PTSD254202A\"><\/audio><\/p>\n<p>A previs\u00e3o do tempo para este domingo (28), no Sudeste brasileiro, indica predomin\u00e2ncia de c\u00e9u com poucas nuvens nos quatro estados da regi\u00e3o. Essa condi\u00e7\u00e3o abrange\u00a0as capitais Rio de Janeiro, Vit\u00f3ria e Belo Horizonte, al\u00e9m das regi\u00f5es de Ribeir\u00e3o Preto e Campinas, em S\u00e3o Paulo. O c\u00e9u claro se concentra no norte, noroeste at\u00e9 o Vale do Rio Doce de Minas Gerais, como nos munic\u00edpios de Governador Valadares, Nanuque e Una\u00ed.\u00a0<\/p>\n<p>O c\u00e9u fica mais carregado de nuvens na maior parte do estado de S\u00e3o Paulo, como na microrregi\u00e3o de S\u00e3o Jos\u00e9 do Rio Preto, no munic\u00edpio de Fernand\u00f3polis, no Vale do Para\u00edba Paulista, em Ilhabela, no litoral sul paulista e em Registro.<\/p>\n<p>Tamb\u00e9m h\u00e1\u00a0possibilidade de chuvas isoladas na regi\u00e3o de Presidente Prudente.<\/p>\n<p>Entre as capitais, a temperatura m\u00ednima prevista \u00e9 de 10\u00b0C em Belo Horizonte, e 11\u00b0C em S\u00e3o Paulo. A m\u00e1xima deve chegar a 29\u00b0C, em S\u00e3o Paulo, e 28\u00b0C em Belo Horizonte. A umidade relativa do ar varia entre 25% e 90%.<\/p>\n<h2>5 Motivos para saber das previs\u00f5es do tempo\u00a0\u00a0<\/h2>\n<ul>\n<li>Agricultura: garantia de uma boa colheita;<\/li>\n<li>Marinha: prote\u00e7\u00e3o dos marinheiros, dos navios e dos passageiros;<\/li>\n<li>Aeron\u00e1utica: prote\u00e7\u00e3o e seguran\u00e7a dos pilotos, das aeronaves e dos passageiros;<\/li>\n<li>Pesca: condi\u00e7\u00f5es favor\u00e1veis e seguras \u00e0 pesca; e<\/li>\n<li>Turismo: garantia de um passeio e de uma viagem feliz e tranquila.<\/li>\n<\/ul>\n<h2>Import\u00e2ncia das observa\u00e7\u00f5es meteorol\u00f3gicas no INMET<\/h2>\n<p>As observa\u00e7\u00f5es meteorol\u00f3gicas do INMET s\u00e3o essenciais para previs\u00f5es em tempo real, estat\u00edsticas clim\u00e1ticas e coopera\u00e7\u00e3o internacional. Esses dados precisos ajudam a estudar o clima passado e a produzir Normais Climatol\u00f3gicas conforme a Organiza\u00e7\u00e3o Meteorol\u00f3gica Mundial (<a href=\"https:\/\/worldweather.wmo.int\/pt\/home.html\" target=\"_blank\">OMM<\/a>).<\/p>\n<p>As informa\u00e7\u00f5es s\u00e3o do Instituto Nacional de Meteorologia (<a href=\"https:\/\/portal.inmet.gov.br\/\" target=\"_blank\">Inmet<\/a>).<\/p>\n<p>\u00a0<\/p>\n<p>\t\t\t\t\t\t\t\t\t<img loading=\"lazy\" decoding=\"async\" src=\"https:\/\/brasil61.com\/api\/v1\/serve_pixel\/17677\/84850\" alt=\"Pixel Brasil 61\" class=\"b61_pixel\" width=\"0\" height=\"0\"><\/p>\n<input type=\"hidden\" id=\"baseurl\" value=\"https:\/\/noticiasdestaque.com.br\"><input type=\"hidden\" id=\"audio_nonce\" value=\"6f73a554f1\">","protected":false},"excerpt":{"rendered":"<p>Entre as capitais, a temperatura m\u00ednima prevista \u00e9 de 10\u00b0C em Belo Horizonte. A m\u00e1xima deve chegar a 29\u00b0C, em S\u00e3o Paulo. A umidade relativa do ar varia entre 25% e 90%.<\/p>\n","protected":false},"author":1,"featured_media":46251,"comment_status":"open","ping_status":"open","sticky":false,"template":"","format":"standard","meta":{"fifu_image_url":"","fifu_image_alt":"","footnotes":""},"categories":[58],"tags":[],"class_list":["post-46250","post","type-post","status-publish","format-standard","has-post-thumbnail","hentry","category-cotidiano"],"distributor_meta":false,"distributor_terms":false,"distributor_media":false,"distributor_original_site_name":"Noticias em Destaque","distributor_original_site_url":"https:\/\/noticiasdestaque.com.br","push-errors":false,"_links":{"self":[{"href":"https:\/\/noticiasdestaque.com.br\/index.php\/wp-json\/wp\/v2\/posts\/46250","targetHints":{"allow":["GET"]}}],"collection":[{"href":"https:\/\/noticiasdestaque.com.br\/index.php\/wp-json\/wp\/v2\/posts"}],"about":[{"href":"https:\/\/noticiasdestaque.com.br\/index.php\/wp-json\/wp\/v2\/types\/post"}],"author":[{"embeddable":true,"href":"https:\/\/noticiasdestaque.com.br\/index.php\/wp-json\/wp\/v2\/users\/1"}],"replies":[{"embeddable":true,"href":"https:\/\/noticiasdestaque.com.br\/index.php\/wp-json\/wp\/v2\/comments?post=46250"}],"version-history":[{"count":0,"href":"https:\/\/noticiasdestaque.com.br\/index.php\/wp-json\/wp\/v2\/posts\/46250\/revisions"}],"wp:featuredmedia":[{"embeddable":true,"href":"https:\/\/noticiasdestaque.com.br\/index.php\/wp-json\/wp\/v2\/media\/46251"}],"wp:attachment":[{"href":"https:\/\/noticiasdestaque.com.br\/index.php\/wp-json\/wp\/v2\/media?parent=46250"}],"wp:term":[{"taxonomy":"category","embeddable":true,"href":"https:\/\/noticiasdestaque.com.br\/index.php\/wp-json\/wp\/v2\/categories?post=46250"},{"taxonomy":"post_tag","embeddable":true,"href":"https:\/\/noticiasdestaque.com.br\/index.php\/wp-json\/wp\/v2\/tags?post=46250"}],"curies":[{"name":"wp","href":"https:\/\/api.w.org\/{rel}","templated":true}]}}