{"id":46248,"date":"2025-09-27T18:00:00","date_gmt":"2025-09-27T21:00:00","guid":{"rendered":"https:\/\/noticiasdestaque.com.br\/index.php\/2025\/09\/27\/previsao-do-tempo-domingo-28-de-ceu-com-muitas-nuvens-e-possibilidades-de-chuvas-no-sul\/"},"modified":"2025-09-27T18:00:00","modified_gmt":"2025-09-27T21:00:00","slug":"previsao-do-tempo-domingo-28-de-ceu-com-muitas-nuvens-e-possibilidades-de-chuvas-no-sul","status":"publish","type":"post","link":"https:\/\/noticiasdestaque.com.br\/index.php\/2025\/09\/27\/previsao-do-tempo-domingo-28-de-ceu-com-muitas-nuvens-e-possibilidades-de-chuvas-no-sul\/","title":{"rendered":"PREVIS\u00c3O DO TEMPO: domingo (28) de c\u00e9u com muitas nuvens e possibilidades de chuvas no Sul"},"content":{"rendered":"<p>\t\t\t\t\t\t\t\t\t\t<audio controls class=\"b61_audio_player\" data-noticia=\"84851\" src=\"https:\/\/brasil61.com\/rails\/active_storage\/blobs\/eyJfcmFpbHMiOnsibWVzc2FnZSI6IkJBaHBBM3FoQXc9PSIsImV4cCI6bnVsbCwicHVyIjoiYmxvYl9pZCJ9fQ==--16192d29ea37c64a106fd54cb4288aefb347b3c5\/PTRS254078A\"><\/audio><\/p>\n<p>A previs\u00e3o que predomina para este domingo (28) \u00e9 de muitas nuvens e pancadas de chuvas nas regi\u00f5es dos tr\u00eas estados do Sul. A condi\u00e7\u00e3o ser\u00e1 percebida em\u00a0munic\u00edpios como Terra Roxa e Paula Freitas, no Paran\u00e1;\u00a0praticamente todo o territ\u00f3rio de Santa Catarina, inclusive na capital Florian\u00f3polis, e nas localidades do noroeste e nordeste ga\u00fachos, assim como na\u00a0regi\u00e3o metropolitana de Porto Alegre.\u00a0<\/p>\n<p>No norte paranaense, no centro metropolitano de Curitiba e em partes do Rio Grande do Sul, desde o munic\u00edpio de Alpestre at\u00e9 S\u00e3o Jos\u00e9 do Norte, a estimativa \u00e9 muitas nuvens e possibilidade de chuvas isoladas. No restante do territ\u00f3rio ga\u00facho \u00e9 previsto c\u00e9u com muitas e poucas nuvens.\u00a0<\/p>\n<p>Al\u00e9m disso, o\u00a0Instituto Nacional de Meteorologia emitiu um alerta de risco potencial de tempestade at\u00e9 o per\u00edodo da manh\u00e3, atingindo os\u00a0estados\u00a0do Paran\u00e1 \u2014 em munic\u00edpios como Umuarama, Cascavel e Guarapuava \u2014 grande parte de Santa Catarina, afetando o interior e parte do litoral, como em Crici\u00fama;\u00a0e partes do noroeste e\u00a0nordeste rio-grandense, al\u00e9m do centro metropolitano de Porto Alegre.<\/p>\n<p>H\u00e1 tamb\u00e9m alerta de perigo de ventos costeiros em uma parcela da costa catarinense, tamb\u00e9m na regi\u00e3o de Crici\u00fama e na totalidade do litoral ga\u00facho.<\/p>\n<p>Entre as capitais, a temperatura m\u00ednima prevista \u00e9 de 11\u00b0C em Curitiba, e 14\u00b0C em Porto Alegre. A m\u00e1xima deve chegar a 22\u00b0C em Porto Alegre e Florian\u00f3polis. A umidade relativa do ar varia entre 50% e 95%.<\/p>\n<h2>5 Motivos para saber das previs\u00f5es do tempo\u00a0\u00a0<\/h2>\n<ul>\n<li>Agricultura: garantia de uma boa colheita;<\/li>\n<li>Marinha: prote\u00e7\u00e3o dos marinheiros, dos navios e dos passageiros;<\/li>\n<li>Aeron\u00e1utica: prote\u00e7\u00e3o e seguran\u00e7a dos pilotos, das aeronaves e dos passageiros;<\/li>\n<li>Pesca: condi\u00e7\u00f5es favor\u00e1veis e seguras \u00e0 pesca; e<\/li>\n<li>Turismo: garantia de um passeio e de uma viagem feliz e tranquila.<\/li>\n<\/ul>\n<h2>Import\u00e2ncia das observa\u00e7\u00f5es meteorol\u00f3gicas no INMET<\/h2>\n<p>As observa\u00e7\u00f5es meteorol\u00f3gicas do INMET s\u00e3o essenciais para previs\u00f5es em tempo real, estat\u00edsticas clim\u00e1ticas e coopera\u00e7\u00e3o internacional. Esses dados precisos ajudam a estudar o clima passado e a produzir Normais Climatol\u00f3gicas conforme a Organiza\u00e7\u00e3o Meteorol\u00f3gica Mundial (<a href=\"https:\/\/worldweather.wmo.int\/pt\/home.html\" target=\"_blank\">OMM<\/a>).<\/p>\n<p>As informa\u00e7\u00f5es s\u00e3o do Instituto Nacional de Meteorologia (<a href=\"https:\/\/portal.inmet.gov.br\/\" target=\"_blank\">Inmet<\/a>).<\/p>\n<p>\t\t\t\t\t\t\t\t\t<img loading=\"lazy\" decoding=\"async\" src=\"https:\/\/brasil61.com\/api\/v1\/serve_pixel\/17677\/84851\" alt=\"Pixel Brasil 61\" class=\"b61_pixel\" width=\"0\" height=\"0\"><\/p>\n<input type=\"hidden\" id=\"baseurl\" value=\"https:\/\/noticiasdestaque.com.br\"><input type=\"hidden\" id=\"audio_nonce\" value=\"6a24ca502e\">","protected":false},"excerpt":{"rendered":"<p>Entre as capitais, a temperatura m\u00ednima prevista \u00e9 de 11\u00b0C em Curitiba. A m\u00e1xima deve chegar a 22\u00b0C em Porto Alegre e Florian\u00f3polis. A umidade relativa do ar varia entre 50% e 95%.<\/p>\n","protected":false},"author":1,"featured_media":46249,"comment_status":"open","ping_status":"open","sticky":false,"template":"","format":"standard","meta":{"fifu_image_url":"","fifu_image_alt":"","footnotes":""},"categories":[58],"tags":[],"class_list":["post-46248","post","type-post","status-publish","format-standard","has-post-thumbnail","hentry","category-cotidiano"],"distributor_meta":false,"distributor_terms":false,"distributor_media":false,"distributor_original_site_name":"Noticias em Destaque","distributor_original_site_url":"https:\/\/noticiasdestaque.com.br","push-errors":false,"_links":{"self":[{"href":"https:\/\/noticiasdestaque.com.br\/index.php\/wp-json\/wp\/v2\/posts\/46248","targetHints":{"allow":["GET"]}}],"collection":[{"href":"https:\/\/noticiasdestaque.com.br\/index.php\/wp-json\/wp\/v2\/posts"}],"about":[{"href":"https:\/\/noticiasdestaque.com.br\/index.php\/wp-json\/wp\/v2\/types\/post"}],"author":[{"embeddable":true,"href":"https:\/\/noticiasdestaque.com.br\/index.php\/wp-json\/wp\/v2\/users\/1"}],"replies":[{"embeddable":true,"href":"https:\/\/noticiasdestaque.com.br\/index.php\/wp-json\/wp\/v2\/comments?post=46248"}],"version-history":[{"count":0,"href":"https:\/\/noticiasdestaque.com.br\/index.php\/wp-json\/wp\/v2\/posts\/46248\/revisions"}],"wp:featuredmedia":[{"embeddable":true,"href":"https:\/\/noticiasdestaque.com.br\/index.php\/wp-json\/wp\/v2\/media\/46249"}],"wp:attachment":[{"href":"https:\/\/noticiasdestaque.com.br\/index.php\/wp-json\/wp\/v2\/media?parent=46248"}],"wp:term":[{"taxonomy":"category","embeddable":true,"href":"https:\/\/noticiasdestaque.com.br\/index.php\/wp-json\/wp\/v2\/categories?post=46248"},{"taxonomy":"post_tag","embeddable":true,"href":"https:\/\/noticiasdestaque.com.br\/index.php\/wp-json\/wp\/v2\/tags?post=46248"}],"curies":[{"name":"wp","href":"https:\/\/api.w.org\/{rel}","templated":true}]}}