{"id":46242,"date":"2025-09-27T04:00:00","date_gmt":"2025-09-27T07:00:00","guid":{"rendered":"https:\/\/noticiasdestaque.com.br\/index.php\/2025\/09\/27\/bc-revisa-pib-de-2025-para-2-e-preve-apenas-15-em-2026\/"},"modified":"2025-09-27T04:00:00","modified_gmt":"2025-09-27T07:00:00","slug":"bc-revisa-pib-de-2025-para-2-e-preve-apenas-15-em-2026","status":"publish","type":"post","link":"https:\/\/noticiasdestaque.com.br\/index.php\/2025\/09\/27\/bc-revisa-pib-de-2025-para-2-e-preve-apenas-15-em-2026\/","title":{"rendered":"BC revisa PIB de 2025 para 2% e prev\u00ea apenas 1,5% em 2026"},"content":{"rendered":"<p>\t\t\t\t\t\t\t\t\t\t<audio controls class=\"b61_audio_player\" data-noticia=\"84843\" src=\"https:\/\/brasil61.com\/rails\/active_storage\/blobs\/eyJfcmFpbHMiOnsibWVzc2FnZSI6IkJBaHBBMWVoQXc9PSIsImV4cCI6bnVsbCwicHVyIjoiYmxvYl9pZCJ9fQ==--67cb0c4a4146e0ca4e5090d3f49babeb8b0a13ab\/BRAS2514798A\"><\/audio><\/p>\n<p>Ap\u00f3s a <strong>divulga\u00e7\u00e3o do PIB do segundo trimestre<\/strong>, no in\u00edcio de setembro, que <strong>confirmou a desacelera\u00e7\u00e3o da economia brasileira<\/strong>, o <a href=\"https:\/\/www.bcb.gov.br\/\"><strong>Banco Central <\/strong><\/a><strong>revisou para baixo suas proje\u00e7\u00f5es para 2025 e 2026<\/strong>. No <a href=\"https:\/\/www.bcb.gov.br\/detalhenoticia\/20853\/nota\"><strong>Relat\u00f3rio de Pol\u00edtica Monet\u00e1ria do terceiro trimestre<\/strong><\/a>, publicado na \u00faltima quinta-feira (25), a <strong>estimativa de crescimento do Produto Interno Bruto (PIB) em 2025 caiu de 2,1% para 2%. Para 2026, a previs\u00e3o \u00e9 ainda mais modesta, de apenas 1,5%<\/strong>.<\/p>\n<p>Segundo o BC, a <strong>atividade econ\u00f4mica deve seguir em ritmo moderado no segundo semestre deste ano e manter a tend\u00eancia de arrefecimento em 2026<\/strong>. A institui\u00e7\u00e3o cita como <strong>fatores de risco o impacto incerto das tarifas de importa\u00e7\u00e3o impostas pelos Estados Unidos, a continuidade da pol\u00edtica monet\u00e1ria restritiva e a desacelera\u00e7\u00e3o da economia global<\/strong>. Por outro lado, destaca proje\u00e7\u00f5es mais favor\u00e1veis para a agropecu\u00e1ria e a ind\u00fastria extrativa em 2025, embora esse impulso n\u00e3o deva se repetir no ano seguinte.<\/p>\n<h2>Infla\u00e7\u00e3o acima da meta<\/h2>\n<p>O relat\u00f3rio tamb\u00e9m <strong>manteve o alerta para o comportamento da infla\u00e7\u00e3o<\/strong>. A expectativa \u00e9 que os \u00edndices permane\u00e7am acima do centro da meta at\u00e9 2026: 4,8% em 2025 e 4,3% em 2026. S\u00f3 no primeiro trimestre de 2027 a infla\u00e7\u00e3o deve convergir para 3,4%, aproximando-se do alvo definido pelo<strong> Conselho Monet\u00e1rio Nacional (CMN)<\/strong>, que \u00e9 de 3%, com toler\u00e2ncia de 1,5 ponto percentual para mais ou para menos.<\/p>\n<h2>Endividamento em alta<\/h2>\n<p>A <strong>deteriora\u00e7\u00e3o fiscal segue como pano de fundo das previs\u00f5es mais pessimistas<\/strong>. Segundo o <strong>economista Ulisses Ruiz de Gamboa<\/strong>, do Instituto Gast\u00e3o Vidigal e da <a href=\"https:\/\/acsp.com.br\/\"><strong>Associa\u00e7\u00e3o Comercial de S\u00e3o Paulo<\/strong><\/a>, <strong>o governo Lula deve encerrar o mandato com aumento expressivo da d\u00edvida p\u00fablica<\/strong>.<\/p>\n<p>\u201cQuando o presidente Lula assumiu o governo, o endividamento estava em torno de 70% do PIB. No pr\u00f3ximo ano, ao deixar o cargo, a proje\u00e7\u00e3o \u00e9 que essa d\u00edvida alcance entre 80% e 81% do PIB \u2014 um avan\u00e7o de 11 pontos percentuais\u201d, afirma.<\/p>\n<p>Para ele, a trajet\u00f3ria \u00e9 preocupante. \u201cA situa\u00e7\u00e3o fiscal brasileira est\u00e1 p\u00e9ssima e estamos em uma rota de insolv\u00eancia. Essa insolv\u00eancia pode se manifestar de diferentes formas: o governo pode aumentar ainda mais a carga tribut\u00e1ria \u2014 como j\u00e1 vem acontecendo; pode decretar um calote da d\u00edvida, em uma medida mais radical; ou pode recorrer \u00e0 infla\u00e7\u00e3o para reduzir o valor real do passivo. Todas essas alternativas j\u00e1 foram testadas no Brasil e, no fim, nenhuma delas trouxe crescimento econ\u00f4mico sustent\u00e1vel.\u201d<\/p>\n<h2>Continuidade da desacelera\u00e7\u00e3o<\/h2>\n<p>No in\u00edcio de setembro, o IBGE havia divulgado que o PIB brasileiro cresceu 0,4% no segundo trimestre de 2025 frente ao trimestre anterior, atingindo R$ 3,2 trilh\u00f5es em valores correntes. Embora o resultado tenha superado ligeiramente as expectativas, refor\u00e7ou a leitura de que a economia perde f\u00f4lego. Servi\u00e7os e consumo das fam\u00edlias sustentaram o desempenho, mas investimentos e ind\u00fastria seguem em retra\u00e7\u00e3o.<\/p>\n<p>Com a revis\u00e3o do Banco Central, o cen\u00e1rio se torna mais claro: o pa\u00eds caminha para encerrar 2025 com crescimento pr\u00f3ximo a 2% e enfrentar um 2026 ainda mais fraco, pressionado por juros altos, baixo investimento produtivo e o risco fiscal crescente.<br \/>\n\u00a0<\/p>\n<p>\t\t\t\t\t\t\t\t\t<img loading=\"lazy\" decoding=\"async\" src=\"https:\/\/brasil61.com\/api\/v1\/serve_pixel\/17677\/84843\" alt=\"Pixel Brasil 61\" class=\"b61_pixel\" width=\"0\" height=\"0\"><\/p>\n<input type=\"hidden\" id=\"baseurl\" value=\"https:\/\/noticiasdestaque.com.br\"><input type=\"hidden\" id=\"audio_nonce\" value=\"6f73a554f1\">","protected":false},"excerpt":{"rendered":"<p>Infla\u00e7\u00e3o deve permanecer acima da meta at\u00e9 2026; especialistas alertam para risco fiscal e aumento da d\u00edvida p\u00fablica<\/p>\n","protected":false},"author":1,"featured_media":46243,"comment_status":"open","ping_status":"open","sticky":false,"template":"","format":"standard","meta":{"fifu_image_url":"","fifu_image_alt":"","footnotes":""},"categories":[59],"tags":[],"class_list":["post-46242","post","type-post","status-publish","format-standard","has-post-thumbnail","hentry","category-economia"],"distributor_meta":false,"distributor_terms":false,"distributor_media":false,"distributor_original_site_name":"Noticias em Destaque","distributor_original_site_url":"https:\/\/noticiasdestaque.com.br","push-errors":false,"_links":{"self":[{"href":"https:\/\/noticiasdestaque.com.br\/index.php\/wp-json\/wp\/v2\/posts\/46242","targetHints":{"allow":["GET"]}}],"collection":[{"href":"https:\/\/noticiasdestaque.com.br\/index.php\/wp-json\/wp\/v2\/posts"}],"about":[{"href":"https:\/\/noticiasdestaque.com.br\/index.php\/wp-json\/wp\/v2\/types\/post"}],"author":[{"embeddable":true,"href":"https:\/\/noticiasdestaque.com.br\/index.php\/wp-json\/wp\/v2\/users\/1"}],"replies":[{"embeddable":true,"href":"https:\/\/noticiasdestaque.com.br\/index.php\/wp-json\/wp\/v2\/comments?post=46242"}],"version-history":[{"count":0,"href":"https:\/\/noticiasdestaque.com.br\/index.php\/wp-json\/wp\/v2\/posts\/46242\/revisions"}],"wp:featuredmedia":[{"embeddable":true,"href":"https:\/\/noticiasdestaque.com.br\/index.php\/wp-json\/wp\/v2\/media\/46243"}],"wp:attachment":[{"href":"https:\/\/noticiasdestaque.com.br\/index.php\/wp-json\/wp\/v2\/media?parent=46242"}],"wp:term":[{"taxonomy":"category","embeddable":true,"href":"https:\/\/noticiasdestaque.com.br\/index.php\/wp-json\/wp\/v2\/categories?post=46242"},{"taxonomy":"post_tag","embeddable":true,"href":"https:\/\/noticiasdestaque.com.br\/index.php\/wp-json\/wp\/v2\/tags?post=46242"}],"curies":[{"name":"wp","href":"https:\/\/api.w.org\/{rel}","templated":true}]}}