{"id":46232,"date":"2025-09-26T19:10:00","date_gmt":"2025-09-26T22:10:00","guid":{"rendered":"https:\/\/noticiasdestaque.com.br\/index.php\/2025\/09\/26\/previsao-do-tempo-sabado-27-com-chance-de-chuva-em-grande-parte-da-regiao-norte\/"},"modified":"2025-09-26T19:10:00","modified_gmt":"2025-09-26T22:10:00","slug":"previsao-do-tempo-sabado-27-com-chance-de-chuva-em-grande-parte-da-regiao-norte","status":"publish","type":"post","link":"https:\/\/noticiasdestaque.com.br\/index.php\/2025\/09\/26\/previsao-do-tempo-sabado-27-com-chance-de-chuva-em-grande-parte-da-regiao-norte\/","title":{"rendered":"PREVIS\u00c3O DO TEMPO: S\u00e1bado (27) com chance de chuva em grande parte da regi\u00e3o Norte"},"content":{"rendered":"<p>\t\t\t\t\t\t\t\t\t\t<audio controls class=\"b61_audio_player\" data-noticia=\"84858\" src=\"https:\/\/brasil61.com\/rails\/active_storage\/blobs\/eyJfcmFpbHMiOnsibWVzc2FnZSI6IkJBaHBBNEdoQXc9PSIsImV4cCI6bnVsbCwicHVyIjoiYmxvYl9pZCJ9fQ==--6c791e0f5e67bd8c4fe6142286b9356670c19cc4\/PTRN254564A\"><\/audio><\/p>\n<p>O Instituto Nacional de Meteorologia (Inmet) emitiu alerta de perigo potencial de chuvas intensas para todo o estado do Acre e de Rond\u00f4nia, abrangendo tamb\u00e9m uma extensa faixa da zona leste e oeste de Manaus e a regi\u00e3o sudoeste do Par\u00e1.<\/p>\n<\/p>\n<p>Durante o per\u00edodo da\u00a0manh\u00e3 e o da tarde, a expectativa \u00e9 de muitas nuvens com pancadas de chuva e trovoadas isoladas em todo o estado do Amazonas. O mesmo quadro \u00e9 esperado no\u00a0Acre. Em Rond\u00f4nia, a principal faixa atingida pelas chuvas inclui os munic\u00edpios de Machadinho do Oeste e Vale do Anari. \u00c0 tarde,\u00a0as precipita\u00e7\u00f5es se estendem por todo o estado.<\/p>\n<p>J\u00e1 em Roraima, praticamente toda a unidade da federa\u00e7\u00e3o deve registrar chuvas isoladas, com exce\u00e7\u00e3o da regi\u00e3o de Uiramut\u00e3, onde a previs\u00e3o indica tempo mais firme, com poucas nuvens. No Amap\u00e1, a maior parte do dia ser\u00e1 de poucas nuvens por todo o estado.<\/p>\n<p>No Par\u00e1, os principais munic\u00edpios afetados pelas chuvas ser\u00e3o Portel, Itaituba, Altamira e S\u00e3o F\u00e9lix do Xingu. Em Tocantins, a regi\u00e3o do Araguaia tamb\u00e9m ter\u00e1 chuvas intensas desde a manh\u00e3 at\u00e9 o per\u00edodo da\u00a0noite.<\/p>\n<p>Entre as capitais, a temperatura m\u00ednima prevista \u00e9 de 22\u00b0C, em Rio Branco. J\u00e1 a m\u00e1xima pode chegar a 37\u00b0C, em Boa Vista. A umidade relativa do ar varia entre 25% e 100%.<\/p>\n<h2>5 Motivos para saber das previs\u00f5es do tempo \u00a0<\/h2>\n<ul>\n<li>Agricultura: garantia de uma boa colheita;<\/li>\n<li>Marinha: prote\u00e7\u00e3o dos marinheiros, dos navios e dos passageiros;<\/li>\n<li>Aeron\u00e1utica: prote\u00e7\u00e3o e seguran\u00e7a dos pilotos, das aeronaves e dos passageiros;<\/li>\n<li>Pesca: condi\u00e7\u00f5es favor\u00e1veis e seguras \u00e0 pesca; e<\/li>\n<li>Turismo: garantia de um passeio e de uma viagem feliz e tranquila.<\/li>\n<\/ul>\n<h2>Import\u00e2ncia das observa\u00e7\u00f5es meteorol\u00f3gicas no INMET<\/h2>\n<p>As observa\u00e7\u00f5es meteorol\u00f3gicas do INMET s\u00e3o essenciais para previs\u00f5es em tempo real, estat\u00edsticas clim\u00e1ticas e coopera\u00e7\u00e3o internacional. Esses dados precisos ajudam a estudar o clima passado e a produzir Normais Climatol\u00f3gicas conforme a Organiza\u00e7\u00e3o Meteorol\u00f3gica Mundial (<a href=\"https:\/\/worldweather.wmo.int\/pt\/home.html\" target=\"_blank\">OMM<\/a>).<\/p>\n<p>As informa\u00e7\u00f5es s\u00e3o do Instituto Nacional de Meteorologia (<a href=\"https:\/\/portal.inmet.gov.br\/\" target=\"_blank\">Inmet<\/a>).<br \/>\n\u00a0<\/p>\n<p>\t\t\t\t\t\t\t\t\t<img loading=\"lazy\" decoding=\"async\" src=\"https:\/\/brasil61.com\/api\/v1\/serve_pixel\/17677\/84858\" alt=\"Pixel Brasil 61\" class=\"b61_pixel\" width=\"0\" height=\"0\"><\/p>\n<input type=\"hidden\" id=\"baseurl\" value=\"https:\/\/noticiasdestaque.com.br\"><input type=\"hidden\" id=\"audio_nonce\" value=\"6f73a554f1\">","protected":false},"excerpt":{"rendered":"<p>No Par\u00e1, os principais munic\u00edpios afetados pela chuva ser\u00e3o Portel, Itaituba, Altamira e S\u00e3o F\u00e9lix do Xingu. Em Tocantins, a regi\u00e3o do Araguaia tamb\u00e9m ter\u00e1 chuvas intensas desde a manh\u00e3 at\u00e9 \u00e0 noite<\/p>\n","protected":false},"author":1,"featured_media":46233,"comment_status":"open","ping_status":"open","sticky":false,"template":"","format":"standard","meta":{"fifu_image_url":"","fifu_image_alt":"","footnotes":""},"categories":[58],"tags":[],"class_list":["post-46232","post","type-post","status-publish","format-standard","has-post-thumbnail","hentry","category-cotidiano"],"distributor_meta":false,"distributor_terms":false,"distributor_media":false,"distributor_original_site_name":"Noticias em Destaque","distributor_original_site_url":"https:\/\/noticiasdestaque.com.br","push-errors":false,"_links":{"self":[{"href":"https:\/\/noticiasdestaque.com.br\/index.php\/wp-json\/wp\/v2\/posts\/46232","targetHints":{"allow":["GET"]}}],"collection":[{"href":"https:\/\/noticiasdestaque.com.br\/index.php\/wp-json\/wp\/v2\/posts"}],"about":[{"href":"https:\/\/noticiasdestaque.com.br\/index.php\/wp-json\/wp\/v2\/types\/post"}],"author":[{"embeddable":true,"href":"https:\/\/noticiasdestaque.com.br\/index.php\/wp-json\/wp\/v2\/users\/1"}],"replies":[{"embeddable":true,"href":"https:\/\/noticiasdestaque.com.br\/index.php\/wp-json\/wp\/v2\/comments?post=46232"}],"version-history":[{"count":0,"href":"https:\/\/noticiasdestaque.com.br\/index.php\/wp-json\/wp\/v2\/posts\/46232\/revisions"}],"wp:featuredmedia":[{"embeddable":true,"href":"https:\/\/noticiasdestaque.com.br\/index.php\/wp-json\/wp\/v2\/media\/46233"}],"wp:attachment":[{"href":"https:\/\/noticiasdestaque.com.br\/index.php\/wp-json\/wp\/v2\/media?parent=46232"}],"wp:term":[{"taxonomy":"category","embeddable":true,"href":"https:\/\/noticiasdestaque.com.br\/index.php\/wp-json\/wp\/v2\/categories?post=46232"},{"taxonomy":"post_tag","embeddable":true,"href":"https:\/\/noticiasdestaque.com.br\/index.php\/wp-json\/wp\/v2\/tags?post=46232"}],"curies":[{"name":"wp","href":"https:\/\/api.w.org\/{rel}","templated":true}]}}