{"id":46230,"date":"2025-09-26T19:05:00","date_gmt":"2025-09-26T22:05:00","guid":{"rendered":"https:\/\/noticiasdestaque.com.br\/index.php\/2025\/09\/26\/previsao-do-tempo-nordeste-conta-com-alerta-de-perigo-para-chuvas-intensas-e-vendaval-em-alguns-estados-neste-sabado-27\/"},"modified":"2025-09-26T19:05:00","modified_gmt":"2025-09-26T22:05:00","slug":"previsao-do-tempo-nordeste-conta-com-alerta-de-perigo-para-chuvas-intensas-e-vendaval-em-alguns-estados-neste-sabado-27","status":"publish","type":"post","link":"https:\/\/noticiasdestaque.com.br\/index.php\/2025\/09\/26\/previsao-do-tempo-nordeste-conta-com-alerta-de-perigo-para-chuvas-intensas-e-vendaval-em-alguns-estados-neste-sabado-27\/","title":{"rendered":"PREVIS\u00c3O DO TEMPO: Nordeste conta com alerta de perigo para chuvas intensas e vendaval em alguns estados, neste s\u00e1bado (27)"},"content":{"rendered":"<p>\t\t\t\t\t\t\t\t\t\t<audio controls class=\"b61_audio_player\" data-noticia=\"84859\" src=\"https:\/\/brasil61.com\/rails\/active_storage\/blobs\/eyJfcmFpbHMiOnsibWVzc2FnZSI6IkJBaHBBNEtoQXc9PSIsImV4cCI6bnVsbCwicHVyIjoiYmxvYl9pZCJ9fQ==--481107584aff0525181f782cd9f9f59afa03e389\/PTND254813A\"><\/audio><\/p>\n<p>O Instituto Nacional de Meteorologia (Inmet) emitiu alerta de perigo de chuvas intensas no litoral da Bahia, e de vendaval em todo o estado, al\u00e9m de alerta de vendaval e baixa umidade no Cear\u00e1, Maranh\u00e3o, Piau\u00ed e em uma pequena faixa do sert\u00e3o Paraibano.<\/p>\n<\/p>\n<p dir=\"ltr\">Na Bahia, a previs\u00e3o indica uma manh\u00e3 com predom\u00ednio de poucas nuvens, com chuvas isoladas atingindo apenas munic\u00edpios como Tucano, Queimadas e Santa Luz. No per\u00edodo da tarde, as chuvas devem permanecer nessas mesmas regi\u00f5es.\u00a0<\/p>\n<p dir=\"ltr\">No Maranh\u00e3o, o tempo ser\u00e1 est\u00e1vel com muitas nuvens, mas com chuvas na regi\u00e3o oeste do estado, abrangendo munic\u00edpios como S\u00edtio Novo, Riach\u00e3o e Nova Olinda do Maranh\u00e3o.<\/p>\n<p dir=\"ltr\">J\u00e1 no Piau\u00ed, a \u00fanica \u00e1rea que n\u00e3o deve contar com\u00a0muitas nuvens \u00e9 a que vai do munic\u00edpio de Paran\u00e1 at\u00e9 Riacho Frio. No restante do Nordeste, os estados do Cear\u00e1, Rio Grande do Norte, Para\u00edba, Pernambuco e Alagoas permanecer\u00e3o est\u00e1veis ao longo de todo o dia, com predom\u00ednio de nuvens em todas as regi\u00f5es.\u00a0<\/p>\n<p dir=\"ltr\">Em Sergipe, a expectativa \u00e9 de chuva em apenas uma pequena parte da regi\u00e3o sul, onde se localiza o munic\u00edpio de Est\u00e2ncia.<\/p>\n<p dir=\"ltr\">Entre as capitais, a temperatura m\u00ednima prevista \u00e9 de 22\u00b0C, em Macei\u00f3. J\u00e1 a m\u00e1xima deve atingir at\u00e9 38\u00b0C, em Teresina. A umidade relativa do ar varia entre 30% e 95%.<\/p>\n<h2 dir=\"ltr\">5 Motivos para saber das previs\u00f5es do tempo \u00a0<\/h2>\n<ul dir=\"ltr\">\n<li>Agricultura: garantia de uma boa colheita;<\/li>\n<li>Marinha: prote\u00e7\u00e3o dos marinheiros, dos navios e dos passageiros;<\/li>\n<li>Aeron\u00e1utica: prote\u00e7\u00e3o e seguran\u00e7a dos pilotos, das aeronaves e dos passageiros;<\/li>\n<li>Pesca: condi\u00e7\u00f5es favor\u00e1veis e seguras \u00e0 pesca; e<\/li>\n<li>Turismo: garantia de um passeio e de uma viagem feliz e tranquila.<\/li>\n<\/ul>\n<h2 dir=\"ltr\">Import\u00e2ncia das observa\u00e7\u00f5es meteorol\u00f3gicas no INMET<\/h2>\n<p dir=\"ltr\">As observa\u00e7\u00f5es meteorol\u00f3gicas do INMET s\u00e3o essenciais para previs\u00f5es em tempo real, estat\u00edsticas clim\u00e1ticas e coopera\u00e7\u00e3o internacional. Esses dados precisos ajudam a estudar o clima passado e a produzir Normais Climatol\u00f3gicas conforme a Organiza\u00e7\u00e3o Meteorol\u00f3gica Mundial (<a href=\"https:\/\/worldweather.wmo.int\/pt\/home.html\" target=\"_blank\">OMM<\/a>).<\/p>\n<p dir=\"ltr\">As informa\u00e7\u00f5es s\u00e3o do Instituto Nacional de Meteorologia (<a href=\"https:\/\/portal.inmet.gov.br\/\" target=\"_blank\">Inmet<\/a>).<\/p>\n<p>\t\t\t\t\t\t\t\t\t<img loading=\"lazy\" decoding=\"async\" src=\"https:\/\/brasil61.com\/api\/v1\/serve_pixel\/17677\/84859\" alt=\"Pixel Brasil 61\" class=\"b61_pixel\" width=\"0\" height=\"0\"><\/p>\n<input type=\"hidden\" id=\"baseurl\" value=\"https:\/\/noticiasdestaque.com.br\"><input type=\"hidden\" id=\"audio_nonce\" value=\"6f73a554f1\">","protected":false},"excerpt":{"rendered":"<p>Em Sergipe, a expectativa \u00e9 de chuva em apenas uma pequena parte da regi\u00e3o sul, onde se localiza o munic\u00edpio de Est\u00e2ncia<\/p>\n","protected":false},"author":1,"featured_media":46231,"comment_status":"open","ping_status":"open","sticky":false,"template":"","format":"standard","meta":{"fifu_image_url":"","fifu_image_alt":"","footnotes":""},"categories":[58],"tags":[],"class_list":["post-46230","post","type-post","status-publish","format-standard","has-post-thumbnail","hentry","category-cotidiano"],"distributor_meta":false,"distributor_terms":false,"distributor_media":false,"distributor_original_site_name":"Noticias em Destaque","distributor_original_site_url":"https:\/\/noticiasdestaque.com.br","push-errors":false,"_links":{"self":[{"href":"https:\/\/noticiasdestaque.com.br\/index.php\/wp-json\/wp\/v2\/posts\/46230","targetHints":{"allow":["GET"]}}],"collection":[{"href":"https:\/\/noticiasdestaque.com.br\/index.php\/wp-json\/wp\/v2\/posts"}],"about":[{"href":"https:\/\/noticiasdestaque.com.br\/index.php\/wp-json\/wp\/v2\/types\/post"}],"author":[{"embeddable":true,"href":"https:\/\/noticiasdestaque.com.br\/index.php\/wp-json\/wp\/v2\/users\/1"}],"replies":[{"embeddable":true,"href":"https:\/\/noticiasdestaque.com.br\/index.php\/wp-json\/wp\/v2\/comments?post=46230"}],"version-history":[{"count":0,"href":"https:\/\/noticiasdestaque.com.br\/index.php\/wp-json\/wp\/v2\/posts\/46230\/revisions"}],"wp:featuredmedia":[{"embeddable":true,"href":"https:\/\/noticiasdestaque.com.br\/index.php\/wp-json\/wp\/v2\/media\/46231"}],"wp:attachment":[{"href":"https:\/\/noticiasdestaque.com.br\/index.php\/wp-json\/wp\/v2\/media?parent=46230"}],"wp:term":[{"taxonomy":"category","embeddable":true,"href":"https:\/\/noticiasdestaque.com.br\/index.php\/wp-json\/wp\/v2\/categories?post=46230"},{"taxonomy":"post_tag","embeddable":true,"href":"https:\/\/noticiasdestaque.com.br\/index.php\/wp-json\/wp\/v2\/tags?post=46230"}],"curies":[{"name":"wp","href":"https:\/\/api.w.org\/{rel}","templated":true}]}}