{"id":46216,"date":"2025-09-26T04:25:00","date_gmt":"2025-09-26T07:25:00","guid":{"rendered":"https:\/\/noticiasdestaque.com.br\/index.php\/2025\/09\/26\/ipca-15-de-setembro-registra-alta-de-048-influenciada-pela-habitacao\/"},"modified":"2025-09-26T04:25:00","modified_gmt":"2025-09-26T07:25:00","slug":"ipca-15-de-setembro-registra-alta-de-048-influenciada-pela-habitacao","status":"publish","type":"post","link":"https:\/\/noticiasdestaque.com.br\/index.php\/2025\/09\/26\/ipca-15-de-setembro-registra-alta-de-048-influenciada-pela-habitacao\/","title":{"rendered":"IPCA-15 de setembro registra alta de 0,48% influenciada pela habita\u00e7\u00e3o"},"content":{"rendered":"<p>\t\t\t\t\t\t\t\t\t\t<audio controls class=\"b61_audio_player\" data-noticia=\"84818\" src=\"https:\/\/brasil61.com\/rails\/active_storage\/blobs\/eyJfcmFpbHMiOnsibWVzc2FnZSI6IkJBaHBBL0tmQXc9PSIsImV4cCI6bnVsbCwicHVyIjoiYmxvYl9pZCJ9fQ==--ba7a34c8c1bcfcc7af023d05c22c26588cb635a6\/BRAS2514789A\"><\/audio><\/p>\n<p style=\"text-align: justify\">O<strong> \u00cdndice Nacional de Pre\u00e7os ao Consumidor Amplo 15 <\/strong>(IPCA-15), <a href=\"https:\/\/agenciadenoticias.ibge.gov.br\/agencia-sala-de-imprensa\/2013-agencia-de-noticias\/releases\/44568-ipca-15-foi-de-0-48-em-setembro\" target=\"_blank\">medido pelo IBGE<\/a>, registrou <strong>alta de 0,48% em setembro<\/strong>. O resultado foi influenciado principalmente pelo grupo <strong>Habita\u00e7\u00e3o <\/strong>(3,31%). Acumulando alta de 3,76%, ficando 0,62 ponto percentual acima do resultado de agosto.\u00a0<\/p>\n<p style=\"text-align: justify\">\n<p style=\"text-align: justify\">Com o fim da incorpora\u00e7\u00e3o do B\u00f4nus de Itaipu nas faturas, a <strong>energia el\u00e9trica<\/strong> foi o principal impacto no grupo <strong>Habita\u00e7\u00e3o<\/strong>. No <strong>Vestu\u00e1rio<\/strong> (0,97%), destacaram-se as <strong>roupas femininas<\/strong> e os <strong>cal\u00e7ados e acess\u00f3rios<\/strong>. Em <strong>Sa\u00fade e cuidados pessoais<\/strong> (0,36%), a alta foi influenciada pelo<strong> plano de sa\u00fade<\/strong>. J\u00e1 Despesas pessoais (0,20%) e Educa\u00e7\u00e3o (0,03%) tamb\u00e9m registraram aumentos.\u00a0<\/p>\n<p style=\"text-align: justify\">O grupo <strong>Alimenta\u00e7\u00e3o e bebidas<\/strong> (-0,35%) registrou a quarta queda consecutiva na m\u00e9dia de pre\u00e7os, influenciada pelo recuo do <strong>tomate<\/strong>, <strong>cebola<\/strong>, <strong>arroz <\/strong>e <strong>caf\u00e9 mo\u00eddo<\/strong>. <strong>Transportes <\/strong>(-0,25%) apresentou retra\u00e7\u00e3o, puxada pelo <strong>seguro volunt\u00e1rio de ve\u00edculo<\/strong>, <strong>passagens a\u00e9reas<\/strong> e <strong>combust\u00edveis<\/strong>. J\u00e1 Artigos de resid\u00eancia (-0,16%) e Comunica\u00e7\u00e3o (-0,08%) tamb\u00e9m apresentaram varia\u00e7\u00e3o negativa.\u00a0<\/p>\n<p style=\"text-align: justify\"><span style=\"font-size:18px\">IPCA-15: diferen\u00e7as regionais\u00a0<\/span><\/p>\n<p style=\"text-align: justify\">No recorte regional, as <strong>11 \u00e1reas pesquisadas <\/strong>(ver tabela abaixo)\u00a0registraram alta de pre\u00e7os em setembro. <strong>Recife <\/strong>apresentou a maior varia\u00e7\u00e3o (0,80%), impulsionada pelo aumento da energia el\u00e9trica residencial e gasolina. Enquanto <strong>Goi\u00e2nia <\/strong>teve o menor resultado, reflexo da queda nos pre\u00e7os da gasolina e do tomate.\u00a0<br \/>\n\u00a0<\/p>\n<table>\n<thead>\n<tr>\n<th>Regi\u00e3o<\/th>\n<th>Peso Regional (%)<\/th>\n<th>Julho<\/th>\n<th>Agosto<\/th>\n<th>Setembro<\/th>\n<th>Trimestre<\/th>\n<th>12 meses<\/th>\n<\/tr>\n<\/thead>\n<tbody>\n<tr>\n<td>Recife<\/td>\n<td>4,71<\/td>\n<td>0,27<\/td>\n<td>-0,28<\/td>\n<td>0,80<\/td>\n<td>0,79<\/td>\n<td>5,40<\/td>\n<\/tr>\n<tr>\n<td>Bel\u00e9m<\/td>\n<td>4,46<\/td>\n<td>0,19<\/td>\n<td>-0,61<\/td>\n<td>0,62<\/td>\n<td>0,20<\/td>\n<td>5,54<\/td>\n<\/tr>\n<tr>\n<td>S\u00e3o Paulo<\/td>\n<td>33,45<\/td>\n<td>0,40<\/td>\n<td>0,13<\/td>\n<td>0,60<\/td>\n<td>1,13<\/td>\n<td>5,77<\/td>\n<\/tr>\n<tr>\n<td>Curitiba<\/td>\n<td>8,09<\/td>\n<td>0,14<\/td>\n<td>-0,17<\/td>\n<td>0,55<\/td>\n<td>0,52<\/td>\n<td>5,59<\/td>\n<\/tr>\n<tr>\n<td>Rio de Janeiro<\/td>\n<td>9,77<\/td>\n<td>0,24<\/td>\n<td>-0,31<\/td>\n<td>0,55<\/td>\n<td>0,48<\/td>\n<td>4,92<\/td>\n<\/tr>\n<tr>\n<td>Fortaleza<\/td>\n<td>3,88<\/td>\n<td>0,25<\/td>\n<td>-0,11<\/td>\n<td>0,40<\/td>\n<td>0,54<\/td>\n<td>5,26<\/td>\n<\/tr>\n<tr>\n<td>Bras\u00edlia<\/td>\n<td>4,84<\/td>\n<td>0,28<\/td>\n<td>-0,29<\/td>\n<td>0,37<\/td>\n<td>0,36<\/td>\n<td>5,42<\/td>\n<\/tr>\n<tr>\n<td>Porto Alegre<\/td>\n<td>8,61<\/td>\n<td>0,48<\/td>\n<td>-0,27<\/td>\n<td>0,35<\/td>\n<td>0,56<\/td>\n<td>4,47<\/td>\n<\/tr>\n<tr>\n<td>Salvador<\/td>\n<td>7,19<\/td>\n<td>0,19<\/td>\n<td>-0,15<\/td>\n<td>0,32<\/td>\n<td>0,24<\/td>\n<td>4,74<\/td>\n<\/tr>\n<tr>\n<td>Belo Horizonte<\/td>\n<td>10,04<\/td>\n<td>0,61<\/td>\n<td>-0,61<\/td>\n<td>0,25<\/td>\n<td>0,63<\/td>\n<td>5,30<\/td>\n<\/tr>\n<tr>\n<td>Goi\u00e2nia<\/td>\n<td>4,96<\/td>\n<td>-0,05<\/td>\n<td>-0,35<\/td>\n<td>0,10<\/td>\n<td>-0,30<\/td>\n<td>4,83<\/td>\n<\/tr>\n<tr>\n<td><strong>Brasil<\/strong><\/td>\n<td><strong>100,00<\/strong><\/td>\n<td><strong>0,33<\/strong><\/td>\n<td><strong>-0,14<\/strong><\/td>\n<td><strong>0,48<\/strong><\/td>\n<td><strong>0,67<\/strong><\/td>\n<td><strong>5,32<\/strong><\/td>\n<\/tr>\n<\/tbody>\n<\/table>\n<p><em><span style=\"font-size:9px\">Fonte: <a href=\"https:\/\/agenciadenoticias.ibge.gov.br\/agencia-sala-de-imprensa\/2013-agencia-de-noticias\/releases\/44568-ipca-15-foi-de-0-48-em-setembro\" target=\"_blank\">IBGE<\/a><\/span><\/em><\/p>\n<p>\t\t\t\t\t\t\t\t\t<img loading=\"lazy\" decoding=\"async\" src=\"https:\/\/brasil61.com\/api\/v1\/serve_pixel\/17677\/84818\" alt=\"Pixel Brasil 61\" class=\"b61_pixel\" width=\"0\" height=\"0\"><\/p>\n<input type=\"hidden\" id=\"baseurl\" value=\"https:\/\/noticiasdestaque.com.br\"><input type=\"hidden\" id=\"audio_nonce\" value=\"6f73a554f1\">","protected":false},"excerpt":{"rendered":"<p>Dados divulgados pelo IBGE mostram que a infla\u00e7\u00e3o avan\u00e7ou em setembro; Recife registrou a maior alta, enquanto Goi\u00e2nia tiveram as maiores quedas <\/p>\n","protected":false},"author":1,"featured_media":46217,"comment_status":"open","ping_status":"open","sticky":false,"template":"","format":"standard","meta":{"fifu_image_url":"","fifu_image_alt":"","footnotes":""},"categories":[59],"tags":[],"class_list":["post-46216","post","type-post","status-publish","format-standard","has-post-thumbnail","hentry","category-economia"],"distributor_meta":false,"distributor_terms":false,"distributor_media":false,"distributor_original_site_name":"Noticias em Destaque","distributor_original_site_url":"https:\/\/noticiasdestaque.com.br","push-errors":false,"_links":{"self":[{"href":"https:\/\/noticiasdestaque.com.br\/index.php\/wp-json\/wp\/v2\/posts\/46216","targetHints":{"allow":["GET"]}}],"collection":[{"href":"https:\/\/noticiasdestaque.com.br\/index.php\/wp-json\/wp\/v2\/posts"}],"about":[{"href":"https:\/\/noticiasdestaque.com.br\/index.php\/wp-json\/wp\/v2\/types\/post"}],"author":[{"embeddable":true,"href":"https:\/\/noticiasdestaque.com.br\/index.php\/wp-json\/wp\/v2\/users\/1"}],"replies":[{"embeddable":true,"href":"https:\/\/noticiasdestaque.com.br\/index.php\/wp-json\/wp\/v2\/comments?post=46216"}],"version-history":[{"count":0,"href":"https:\/\/noticiasdestaque.com.br\/index.php\/wp-json\/wp\/v2\/posts\/46216\/revisions"}],"wp:featuredmedia":[{"embeddable":true,"href":"https:\/\/noticiasdestaque.com.br\/index.php\/wp-json\/wp\/v2\/media\/46217"}],"wp:attachment":[{"href":"https:\/\/noticiasdestaque.com.br\/index.php\/wp-json\/wp\/v2\/media?parent=46216"}],"wp:term":[{"taxonomy":"category","embeddable":true,"href":"https:\/\/noticiasdestaque.com.br\/index.php\/wp-json\/wp\/v2\/categories?post=46216"},{"taxonomy":"post_tag","embeddable":true,"href":"https:\/\/noticiasdestaque.com.br\/index.php\/wp-json\/wp\/v2\/tags?post=46216"}],"curies":[{"name":"wp","href":"https:\/\/api.w.org\/{rel}","templated":true}]}}