{"id":46190,"date":"2025-09-25T11:15:00","date_gmt":"2025-09-25T14:15:00","guid":{"rendered":"https:\/\/noticiasdestaque.com.br\/index.php\/2025\/09\/25\/previsao-do-tempo-sudeste-tera-quinta-feira-25-com-alerta-para-perigo-de-chuvas-intensas-em-areas-de-minas-gerais\/"},"modified":"2025-09-25T11:15:00","modified_gmt":"2025-09-25T14:15:00","slug":"previsao-do-tempo-sudeste-tera-quinta-feira-25-com-alerta-para-perigo-de-chuvas-intensas-em-areas-de-minas-gerais","status":"publish","type":"post","link":"https:\/\/noticiasdestaque.com.br\/index.php\/2025\/09\/25\/previsao-do-tempo-sudeste-tera-quinta-feira-25-com-alerta-para-perigo-de-chuvas-intensas-em-areas-de-minas-gerais\/","title":{"rendered":"PREVIS\u00c3O DO TEMPO: Sudeste ter\u00e1 quinta-feira (25) com alerta para perigo de chuvas intensas em \u00e1reas de Minas Gerais"},"content":{"rendered":"<p>\t\t\t\t\t\t\t\t\t\t<audio controls class=\"b61_audio_player\" data-noticia=\"84805\" src=\"https:\/\/brasil61.com\/rails\/active_storage\/blobs\/eyJfcmFpbHMiOnsibWVzc2FnZSI6IkJBaHBBelNmQXc9PSIsImV4cCI6bnVsbCwicHVyIjoiYmxvYl9pZCJ9fQ==--af85e55f13cab8c2076bea18c523ff6c114c43b1\/PTSD254200A\"><\/audio><\/p>\n<p>O Sudeste brasileiro ter\u00e1 uma quinta-feira (25) com alerta para\u00a0perigo potencial de chuvas intensas na faixa que vai da regi\u00e3o da Pampulha at\u00e9 o leste de Minas Gerais. De acordo com o\u00a0Instituto Nacional de Meteorologia (Inmet) tamb\u00e9m h\u00e1 alerta de ventos costeiros para o litoral do Esp\u00edrito Santo e do Rio de Janeiro.<\/p>\n<p>No estado mineiro, a chuva deve se intensificar ao longo do dia, atingindo principalmente os munic\u00edpios de Uberl\u00e2ndia, Romaria, Monte Carmelo, Patroc\u00ednio e Serra do Salitre.<\/p>\n<\/p>\n<p>J\u00e1 no estado fluminense, a previs\u00e3o indica um dia chuvoso em toda a unidade da federa\u00e7\u00e3o, com maior concentra\u00e7\u00e3o no munic\u00edpio de S\u00e3o Jo\u00e3o da Barra. No Esp\u00edrito Santo, tamb\u00e9m h\u00e1 expectativa de chuva pela manh\u00e3, exceto na faixa que vai de Montanha at\u00e9 Ecoporanga.<\/p>\n<p>Em S\u00e3o Paulo, o dia ser\u00e1 de c\u00e9u com poucas nuvens na maior parte do estado, mas com pancadas de chuva em \u00e1reas de munic\u00edpios\u00a0como Ribeir\u00e3o Preto, Campinas, Vale do Para\u00edba, al\u00e9m da regi\u00e3o Metropolitana e do litoral paulista.<\/p>\n<p>Entre as capitais, a temperatura m\u00ednima prevista \u00e9 de 9\u00b0C, em S\u00e3o Paulo. J\u00e1 a m\u00e1xima pode chegar at\u00e9 24\u00b0C, em Belo Horizonte. A \u00a0umidade relativa do ar varia entre \u00a040% e 95%.<\/p>\n<h2>5 Motivos para saber das previs\u00f5es do tempo \u00a0<\/h2>\n<ul>\n<li>Agricultura: garantia de uma boa colheita;<\/li>\n<li>Marinha: prote\u00e7\u00e3o dos marinheiros, dos navios e dos passageiros;<\/li>\n<li>Aeron\u00e1utica: prote\u00e7\u00e3o e seguran\u00e7a dos pilotos, das aeronaves e dos passageiros;<\/li>\n<li>Pesca: condi\u00e7\u00f5es favor\u00e1veis e seguras \u00e0 pesca; e<\/li>\n<li>Turismo: garantia de um passeio e de uma viagem feliz e tranquila.<\/li>\n<\/ul>\n<h2>Import\u00e2ncia das observa\u00e7\u00f5es meteorol\u00f3gicas no INMET<\/h2>\n<p>As observa\u00e7\u00f5es meteorol\u00f3gicas do INMET s\u00e3o essenciais para previs\u00f5es em tempo real, estat\u00edsticas clim\u00e1ticas e coopera\u00e7\u00e3o internacional. Esses dados precisos ajudam a estudar o clima passado e a produzir Normais Climatol\u00f3gicas conforme a Organiza\u00e7\u00e3o Meteorol\u00f3gica Mundial (<a href=\"https:\/\/worldweather.wmo.int\/pt\/home.html\" target=\"_blank\">OMM<\/a>).<\/p>\n<p>As informa\u00e7\u00f5es s\u00e3o do Instituto Nacional de Meteorologia (<a href=\"https:\/\/portal.inmet.gov.br\/\" target=\"_blank\">Inmet<\/a>).<br \/>\n\u00a0<\/p>\n<p>\t\t\t\t\t\t\t\t\t<img loading=\"lazy\" decoding=\"async\" src=\"https:\/\/brasil61.com\/api\/v1\/serve_pixel\/17677\/84805\" alt=\"Pixel Brasil 61\" class=\"b61_pixel\" width=\"0\" height=\"0\"><\/p>\n<input type=\"hidden\" id=\"baseurl\" value=\"https:\/\/noticiasdestaque.com.br\"><input type=\"hidden\" id=\"audio_nonce\" value=\"6f73a554f1\">","protected":false},"excerpt":{"rendered":"<p>De acordo com o\u00a0Instituto Nacional de Meteorologia (Inmet) tamb\u00e9m h\u00e1 alerta de ventos costeiros para o litoral do Esp\u00edrito Santo e do Rio de Janeiro<\/p>\n","protected":false},"author":1,"featured_media":46191,"comment_status":"open","ping_status":"open","sticky":false,"template":"","format":"standard","meta":{"fifu_image_url":"","fifu_image_alt":"","footnotes":""},"categories":[58],"tags":[],"class_list":["post-46190","post","type-post","status-publish","format-standard","has-post-thumbnail","hentry","category-cotidiano"],"distributor_meta":false,"distributor_terms":false,"distributor_media":false,"distributor_original_site_name":"Noticias em Destaque","distributor_original_site_url":"https:\/\/noticiasdestaque.com.br","push-errors":false,"_links":{"self":[{"href":"https:\/\/noticiasdestaque.com.br\/index.php\/wp-json\/wp\/v2\/posts\/46190","targetHints":{"allow":["GET"]}}],"collection":[{"href":"https:\/\/noticiasdestaque.com.br\/index.php\/wp-json\/wp\/v2\/posts"}],"about":[{"href":"https:\/\/noticiasdestaque.com.br\/index.php\/wp-json\/wp\/v2\/types\/post"}],"author":[{"embeddable":true,"href":"https:\/\/noticiasdestaque.com.br\/index.php\/wp-json\/wp\/v2\/users\/1"}],"replies":[{"embeddable":true,"href":"https:\/\/noticiasdestaque.com.br\/index.php\/wp-json\/wp\/v2\/comments?post=46190"}],"version-history":[{"count":0,"href":"https:\/\/noticiasdestaque.com.br\/index.php\/wp-json\/wp\/v2\/posts\/46190\/revisions"}],"wp:featuredmedia":[{"embeddable":true,"href":"https:\/\/noticiasdestaque.com.br\/index.php\/wp-json\/wp\/v2\/media\/46191"}],"wp:attachment":[{"href":"https:\/\/noticiasdestaque.com.br\/index.php\/wp-json\/wp\/v2\/media?parent=46190"}],"wp:term":[{"taxonomy":"category","embeddable":true,"href":"https:\/\/noticiasdestaque.com.br\/index.php\/wp-json\/wp\/v2\/categories?post=46190"},{"taxonomy":"post_tag","embeddable":true,"href":"https:\/\/noticiasdestaque.com.br\/index.php\/wp-json\/wp\/v2\/tags?post=46190"}],"curies":[{"name":"wp","href":"https:\/\/api.w.org\/{rel}","templated":true}]}}