{"id":46170,"date":"2025-09-24T20:20:00","date_gmt":"2025-09-24T23:20:00","guid":{"rendered":"https:\/\/noticiasdestaque.com.br\/index.php\/2025\/09\/24\/previsao-do-tempo-sul-do-brasil-tera-quinta-feira-25-com-poucas-chances-de-chuva\/"},"modified":"2025-09-24T20:20:00","modified_gmt":"2025-09-24T23:20:00","slug":"previsao-do-tempo-sul-do-brasil-tera-quinta-feira-25-com-poucas-chances-de-chuva","status":"publish","type":"post","link":"https:\/\/noticiasdestaque.com.br\/index.php\/2025\/09\/24\/previsao-do-tempo-sul-do-brasil-tera-quinta-feira-25-com-poucas-chances-de-chuva\/","title":{"rendered":"PREVIS\u00c3O DO TEMPO: Sul do Brasil ter\u00e1 quinta-feira (25) com poucas chances de chuva"},"content":{"rendered":"<p>\t\t\t\t\t\t\t\t\t\t<audio controls class=\"b61_audio_player\" data-noticia=\"84806\" src=\"https:\/\/brasil61.com\/rails\/active_storage\/blobs\/eyJfcmFpbHMiOnsibWVzc2FnZSI6IkJBaHBBem1mQXc9PSIsImV4cCI6bnVsbCwicHVyIjoiYmxvYl9pZCJ9fQ==--d2e0840e0e1979c76f4dc4bcf6ca3f7833857a69\/PTRS254076A\"><\/audio><\/p>\n<p>A previs\u00e3o\u00a0para a regi\u00e3o Sul, nesta quinta-feira (25), indica tempo claro na maior parte da regi\u00e3o. Essa condi\u00e7\u00e3o ser\u00e1 notada, por exemplo, em todo o\u00a0Rio Grande do Sul. Tamb\u00e9m est\u00e1 prevista a presen\u00e7a de\u00a0geada em Porto Alegre e em algumas \u00e1reas do sul ga\u00facho, como nos munic\u00edpios de Cangu\u00e7u e Herval.<\/p>\n<p>No Paran\u00e1, h\u00e1 possibilidade de\u00a0chuva mais ao leste da unidade da federa\u00e7\u00e3o,\u00a0em cidades como Os\u00f3rio. Alguns acumulados isolados tamb\u00e9m devem atingir o\u00a0litoral lagunar, enquanto o restante do estado deve permanecer com tempo aberto ao longo do dia.<\/p>\n<p>J\u00e1 em Santa Catarina, a previs\u00e3o \u00e9 de tempo est\u00e1vel, mas com possibilidade de chuva entre o per\u00edodo da\u00a0tarde e o da\u00a0noite, especialmente na faixa que vai de Joinville at\u00e9 Brusque.<\/p>\n<p>Entre as capitais, a temperatura m\u00ednima prevista \u00e9 de 9\u00b0C, em Curitiba. J\u00e1 a m\u00e1xima deve atingir\u00a019\u00b0C, em Florian\u00f3polis. A umidade relativa do ar varia entre 35% e 90%.<\/p>\n<h2 dir=\"ltr\">5 Motivos para saber das previs\u00f5es do tempo \u00a0<\/h2>\n<ul dir=\"ltr\">\n<li>Agricultura: garantia de uma boa colheita;<\/li>\n<li>Marinha: prote\u00e7\u00e3o dos marinheiros, dos navios e dos passageiros;<\/li>\n<li>Aeron\u00e1utica: prote\u00e7\u00e3o e seguran\u00e7a dos pilotos, das aeronaves e dos passageiros;<\/li>\n<li>Pesca: condi\u00e7\u00f5es favor\u00e1veis e seguras \u00e0 pesca; e<\/li>\n<li>Turismo: garantia de um passeio e de uma viagem feliz e tranquila.<\/li>\n<\/ul>\n<h2 dir=\"ltr\">Import\u00e2ncia das observa\u00e7\u00f5es meteorol\u00f3gicas no INMET<\/h2>\n<p dir=\"ltr\">As observa\u00e7\u00f5es meteorol\u00f3gicas do INMET s\u00e3o essenciais para previs\u00f5es em tempo real, estat\u00edsticas clim\u00e1ticas e coopera\u00e7\u00e3o internacional. Esses dados precisos ajudam a estudar o clima passado e a produzir Normais Climatol\u00f3gicas conforme a Organiza\u00e7\u00e3o Meteorol\u00f3gica Mundial (<a href=\"https:\/\/worldweather.wmo.int\/pt\/home.html\" target=\"_blank\">OMM<\/a>).<\/p>\n<p dir=\"ltr\">As informa\u00e7\u00f5es s\u00e3o do Instituto Nacional de Meteorologia (<a href=\"https:\/\/portal.inmet.gov.br\/\" target=\"_blank\">Inmet<\/a>).<\/p>\n<p>\t\t\t\t\t\t\t\t\t<img loading=\"lazy\" decoding=\"async\" src=\"https:\/\/brasil61.com\/api\/v1\/serve_pixel\/17677\/84806\" alt=\"Pixel Brasil 61\" class=\"b61_pixel\" width=\"0\" height=\"0\"><\/p>\n<input type=\"hidden\" id=\"baseurl\" value=\"https:\/\/noticiasdestaque.com.br\"><input type=\"hidden\" id=\"audio_nonce\" value=\"6f73a554f1\">","protected":false},"excerpt":{"rendered":"<p>Entre as capitais, a temperatura m\u00ednima prevista \u00e9 de 9\u00b0C, em Curitiba. J\u00e1 a m\u00e1xima deve atingir at\u00e9 19\u00b0C, em Florian\u00f3polis. A umidade relativa do ar varia entre 35% e 90%<\/p>\n","protected":false},"author":1,"featured_media":46171,"comment_status":"open","ping_status":"open","sticky":false,"template":"","format":"standard","meta":{"fifu_image_url":"","fifu_image_alt":"","footnotes":""},"categories":[58],"tags":[],"class_list":["post-46170","post","type-post","status-publish","format-standard","has-post-thumbnail","hentry","category-cotidiano"],"distributor_meta":false,"distributor_terms":false,"distributor_media":false,"distributor_original_site_name":"Noticias em Destaque","distributor_original_site_url":"https:\/\/noticiasdestaque.com.br","push-errors":false,"_links":{"self":[{"href":"https:\/\/noticiasdestaque.com.br\/index.php\/wp-json\/wp\/v2\/posts\/46170","targetHints":{"allow":["GET"]}}],"collection":[{"href":"https:\/\/noticiasdestaque.com.br\/index.php\/wp-json\/wp\/v2\/posts"}],"about":[{"href":"https:\/\/noticiasdestaque.com.br\/index.php\/wp-json\/wp\/v2\/types\/post"}],"author":[{"embeddable":true,"href":"https:\/\/noticiasdestaque.com.br\/index.php\/wp-json\/wp\/v2\/users\/1"}],"replies":[{"embeddable":true,"href":"https:\/\/noticiasdestaque.com.br\/index.php\/wp-json\/wp\/v2\/comments?post=46170"}],"version-history":[{"count":0,"href":"https:\/\/noticiasdestaque.com.br\/index.php\/wp-json\/wp\/v2\/posts\/46170\/revisions"}],"wp:featuredmedia":[{"embeddable":true,"href":"https:\/\/noticiasdestaque.com.br\/index.php\/wp-json\/wp\/v2\/media\/46171"}],"wp:attachment":[{"href":"https:\/\/noticiasdestaque.com.br\/index.php\/wp-json\/wp\/v2\/media?parent=46170"}],"wp:term":[{"taxonomy":"category","embeddable":true,"href":"https:\/\/noticiasdestaque.com.br\/index.php\/wp-json\/wp\/v2\/categories?post=46170"},{"taxonomy":"post_tag","embeddable":true,"href":"https:\/\/noticiasdestaque.com.br\/index.php\/wp-json\/wp\/v2\/tags?post=46170"}],"curies":[{"name":"wp","href":"https:\/\/api.w.org\/{rel}","templated":true}]}}