{"id":46160,"date":"2025-09-24T04:50:00","date_gmt":"2025-09-24T07:50:00","guid":{"rendered":"https:\/\/noticiasdestaque.com.br\/index.php\/2025\/09\/24\/saf-petrobras-produz-querosene-renovavel-em-escala-industrial\/"},"modified":"2025-09-24T04:50:00","modified_gmt":"2025-09-24T07:50:00","slug":"saf-petrobras-produz-querosene-renovavel-em-escala-industrial","status":"publish","type":"post","link":"https:\/\/noticiasdestaque.com.br\/index.php\/2025\/09\/24\/saf-petrobras-produz-querosene-renovavel-em-escala-industrial\/","title":{"rendered":"SAF: Petrobras produz querosene renov\u00e1vel em escala industrial"},"content":{"rendered":"<p>\t\t\t\t\t\t\t\t\t\t<audio controls class=\"b61_audio_player\" data-noticia=\"84786\" src=\"https:\/\/brasil61.com\/rails\/active_storage\/blobs\/eyJfcmFpbHMiOnsibWVzc2FnZSI6IkJBaHBBNm1lQXc9PSIsImV4cCI6bnVsbCwicHVyIjoiYmxvYl9pZCJ9fQ==--c1592866bc360ce8cffed2b2d142378317eadc20\/MPOR250115A\"><\/audio><\/p>\n<p>A Petrobras produziu, pela primeira vez em escala industrial, querosene de avia\u00e7\u00e3o com conte\u00fado renov\u00e1vel. O marco ocorreu em setembro, na <strong>Refinaria Henrique Lage (Revap)<\/strong>, em S\u00e3o Jos\u00e9 dos Campos (SP).<\/p>\n<p>O novo combust\u00edvel, conhecido como <strong>SAF <\/strong>(sigla em ingl\u00eas para Sustainable Aviation Fuel \u2013 combust\u00edvel sustent\u00e1vel de avia\u00e7\u00e3o), tem potencial para reduzir significativamente as emiss\u00f5es de gases de efeito estufa.\u00a0<\/p>\n<p>O SAF vem no contexto do compromisso do Governo Federal com a transi\u00e7\u00e3o energ\u00e9tica, por meio do <strong>Minist\u00e9rio de Portos e Aeroportos (MPor)<\/strong> e da Ag\u00eancia Nacional de Avia\u00e7\u00e3o Civil (Anac). \u00c9 o que ressalta a diretora de Sustentabilidade do minist\u00e9rio, Larissa Amorim: \u00a0\u201cO Minist\u00e9rio de Portos e Aeroportos est\u00e1 engajado em acelerar a transi\u00e7\u00e3o energ\u00e9tica, garantindo seguran\u00e7a regulat\u00f3ria, previsibilidade e incentivos para que o uso do SAF ganhe escala. Al\u00e9m disso, a gente refor\u00e7a nossa atua\u00e7\u00e3o institucional por meios de iniciativa como <strong>FOTEA [F\u00f3rum de Transi\u00e7\u00e3o Energ\u00e9tica na Avia\u00e7\u00e3o Civil],<\/strong> grupos de trabalho a projetos pilotos, investimentos e pesquisa, certifica\u00e7\u00e3o, para assegurar que o Brasil aproveite suas vantagens comparativas, como abund\u00e2ncia de mat\u00e9rias-primas renov\u00e1veis e bases tecnol\u00f3gicas, e se posicione como protagonista global na avia\u00e7\u00e3o sustent\u00e1vel\u201d, afirma.<\/p>\n<h2>Combust\u00edvel do presente<\/h2>\n<p>O <strong>SAF <\/strong>\u00e9 produzido a partir de mat\u00e9rias-primas renov\u00e1veis, como \u00f3leos vegetais, res\u00edduos gordurosos e etanol. O combust\u00edvel pode ser utilizado nas aeronaves sem necessidade de adapta\u00e7\u00e3o de motores ou infraestrutura, pois \u00e9 quimicamente compat\u00edvel com o querosene de avia\u00e7\u00e3o f\u00f3ssil (<strong>QAV<\/strong>).<\/p>\n<p>No \u00e2mbito internacional, o <strong>SAF <\/strong>est\u00e1 alinhado \u00e0s metas clim\u00e1ticas da <strong>Organiza\u00e7\u00e3o da Avia\u00e7\u00e3o Civil Internacional (OACI)<\/strong>, especialmente ao <strong>CORSIA (Esquema de Compensa\u00e7\u00e3o e Redu\u00e7\u00e3o de Carbono para a Avia\u00e7\u00e3o Internacional)<\/strong>, que prev\u00ea emiss\u00f5es l\u00edquidas zero at\u00e9 2050.<\/p>\n<p>O ministro de Portos e Aeroportos, Silvio Costa Filho, aponta a import\u00e2ncia do uso desse combust\u00edvel.\u00a0<\/p>\n<p>\u201cRepresenta um passo decisivo para a descarboniza\u00e7\u00e3o da avia\u00e7\u00e3o e para o fortalecimento da competitividade do Brasil no cen\u00e1rio internacional. Nosso papel \u00e9 criar as condi\u00e7\u00f5es para que esse combust\u00edvel sustent\u00e1vel ganhe escala, com seguran\u00e7a regulat\u00f3ria e previsibilidade.\u201d<\/p>\n<p>Luana Amorim ressalta o potencial da iniciativa na preserva\u00e7\u00e3o do meio ambiente. \u201cEsse \u00e9 um compromisso que a gente assume, avan\u00e7ar com equil\u00edbrio entre desenvolvimento econ\u00f4mico, inova\u00e7\u00e3o e competitividade internacional, buscando sempre a preserva\u00e7\u00e3o ambiental. O futuro \u00e9 sustent\u00e1vel e \u00e9 brasileiro.\u201d<\/p>\n<h2>Produ\u00e7\u00e3o e utiliza\u00e7\u00e3o no Brasil\u00a0<\/h2>\n<p>De acordo com o gerente geral da <strong>Revap<\/strong>, Alexandre Coelho, a Petrobras deve concluir o relat\u00f3rio t\u00e9cnico e encaminh\u00e1-lo \u00e0 Ag\u00eancia Nacional do Petr\u00f3leo, G\u00e1s Natural e Biocombust\u00edveis (ANP) at\u00e9 o fim de setembro.\u00a0<\/p>\n<p>Em seguida, a companhia contratar\u00e1 uma certificadora para comprovar a redu\u00e7\u00e3o das emiss\u00f5es de carbono do produto. Com a aprova\u00e7\u00e3o regulat\u00f3ria e a certifica\u00e7\u00e3o, o combust\u00edvel poder\u00e1 ser comercializado.<\/p>\n<p>Segundo o <strong>MPor<\/strong>, a ado\u00e7\u00e3o do <strong>SAF <\/strong>representa uma mudan\u00e7a estrutural na avia\u00e7\u00e3o brasileira, com potencial de reduzir emiss\u00f5es de CO\u2082 em todo o ciclo de vida do combust\u00edvel.<\/p>\n<p>Al\u00e9m dos benef\u00edcios ambientais, a produ\u00e7\u00e3o estimula empregos em novas cadeias produtivas ligadas \u00e0 bioenergia, \u00e0 ind\u00fastria qu\u00edmica e ao agroneg\u00f3cio, gerando tamb\u00e9m oportunidades para pesquisa, inova\u00e7\u00e3o e atra\u00e7\u00e3o de investimentos de empresas a\u00e9reas e refinarias.<\/p>\n<p>Al\u00e9m dos benef\u00edcios ambientais, a produ\u00e7\u00e3o do <strong>SAF <\/strong>no pa\u00eds tamb\u00e9m estimula a gera\u00e7\u00e3o de empregos em novas cadeias produtivas ligadas \u00e0 bioenergia, \u00e0 ind\u00fastria qu\u00edmica e ao agroneg\u00f3cio, com est\u00edmulo \u00e0 pesquisa, desenvolvimento e inova\u00e7\u00e3o.\u00a0<\/p>\n<h2>Resultados in\u00e9ditos<\/h2>\n<p>A Petrobras, com sua produ\u00e7\u00e3o experimental de <strong>SAF<\/strong>, obteve resultados in\u00e9ditos em suas refinarias, na <strong>Revap<\/strong>. Alexandre Coelho destaca o papel da iniciativa para o pa\u00eds, tendo em vista o trabalho da refinaria no pa\u00eds. \u201cA consolida\u00e7\u00e3o desta rota tecnol\u00f3gica \u00e9 especialmente relevante considerando que a <strong>Revap <\/strong>\u00e9 respons\u00e1vel por aproximadamente 50% de todo o querosene de avia\u00e7\u00e3o produzido no pa\u00eds. A refinaria possui interliga\u00e7\u00e3o direta com o Aeroporto Internacional de Guarulhos, o que confere grande competitividade log\u00edstica ao produto.\u201d<br \/>\n\u00a0<\/p>\n<p>\t\t\t\t\t\t\t\t\t<img loading=\"lazy\" decoding=\"async\" src=\"https:\/\/brasil61.com\/api\/v1\/serve_pixel\/17677\/84786\" alt=\"Pixel Brasil 61\" class=\"b61_pixel\" width=\"0\" height=\"0\"><\/p>\n<input type=\"hidden\" id=\"baseurl\" value=\"https:\/\/noticiasdestaque.com.br\"><input type=\"hidden\" id=\"audio_nonce\" value=\"6f73a554f1\">","protected":false},"excerpt":{"rendered":"<p>Novo combust\u00edvel sustent\u00e1vel ser\u00e1 submetido \u00e0 ANP e pode impulsionar a transi\u00e7\u00e3o energ\u00e9tica da avia\u00e7\u00e3o. Para Minist\u00e9rio dos Portos e Aeroportos, produ\u00e7\u00e3o nacional do combust\u00edvel se conecta \u00e0s a\u00e7\u00f5es do governo para descarbonizar o transporte a\u00e9reo e ampliar a competitividade do setor<\/p>\n","protected":false},"author":1,"featured_media":46161,"comment_status":"open","ping_status":"open","sticky":false,"template":"","format":"standard","meta":{"fifu_image_url":"","fifu_image_alt":"","footnotes":""},"categories":[59],"tags":[],"class_list":["post-46160","post","type-post","status-publish","format-standard","has-post-thumbnail","hentry","category-economia"],"distributor_meta":false,"distributor_terms":false,"distributor_media":false,"distributor_original_site_name":"Noticias em Destaque","distributor_original_site_url":"https:\/\/noticiasdestaque.com.br","push-errors":false,"_links":{"self":[{"href":"https:\/\/noticiasdestaque.com.br\/index.php\/wp-json\/wp\/v2\/posts\/46160","targetHints":{"allow":["GET"]}}],"collection":[{"href":"https:\/\/noticiasdestaque.com.br\/index.php\/wp-json\/wp\/v2\/posts"}],"about":[{"href":"https:\/\/noticiasdestaque.com.br\/index.php\/wp-json\/wp\/v2\/types\/post"}],"author":[{"embeddable":true,"href":"https:\/\/noticiasdestaque.com.br\/index.php\/wp-json\/wp\/v2\/users\/1"}],"replies":[{"embeddable":true,"href":"https:\/\/noticiasdestaque.com.br\/index.php\/wp-json\/wp\/v2\/comments?post=46160"}],"version-history":[{"count":0,"href":"https:\/\/noticiasdestaque.com.br\/index.php\/wp-json\/wp\/v2\/posts\/46160\/revisions"}],"wp:featuredmedia":[{"embeddable":true,"href":"https:\/\/noticiasdestaque.com.br\/index.php\/wp-json\/wp\/v2\/media\/46161"}],"wp:attachment":[{"href":"https:\/\/noticiasdestaque.com.br\/index.php\/wp-json\/wp\/v2\/media?parent=46160"}],"wp:term":[{"taxonomy":"category","embeddable":true,"href":"https:\/\/noticiasdestaque.com.br\/index.php\/wp-json\/wp\/v2\/categories?post=46160"},{"taxonomy":"post_tag","embeddable":true,"href":"https:\/\/noticiasdestaque.com.br\/index.php\/wp-json\/wp\/v2\/tags?post=46160"}],"curies":[{"name":"wp","href":"https:\/\/api.w.org\/{rel}","templated":true}]}}