{"id":46158,"date":"2025-09-24T04:45:00","date_gmt":"2025-09-24T07:45:00","guid":{"rendered":"https:\/\/noticiasdestaque.com.br\/index.php\/2025\/09\/24\/industria-da-construcao-tem-pior-agosto-em-nove-anos-aponta-cni\/"},"modified":"2025-09-24T04:45:00","modified_gmt":"2025-09-24T07:45:00","slug":"industria-da-construcao-tem-pior-agosto-em-nove-anos-aponta-cni","status":"publish","type":"post","link":"https:\/\/noticiasdestaque.com.br\/index.php\/2025\/09\/24\/industria-da-construcao-tem-pior-agosto-em-nove-anos-aponta-cni\/","title":{"rendered":"Ind\u00fastria da constru\u00e7\u00e3o tem pior agosto em nove anos, aponta CNI"},"content":{"rendered":"<p>\t\t\t\t\t\t\t\t\t\t<audio controls class=\"b61_audio_player\" data-noticia=\"84777\" src=\"https:\/\/brasil61.com\/rails\/active_storage\/blobs\/eyJfcmFpbHMiOnsibWVzc2FnZSI6IkJBaHBBNU9lQXc9PSIsImV4cCI6bnVsbCwicHVyIjoiYmxvYl9pZCJ9fQ==--103ea37f2c46698c7e2a104a8c16a05c09507cfa\/PIND254633A\"><\/audio><\/p>\n<p><!--StartFragment -->A ind\u00fastria da constru\u00e7\u00e3o registrou, em agosto de 2025, o desempenho mais fraco para o m\u00eas em nove anos, de acordo com a Sondagem Ind\u00fastria da Constru\u00e7\u00e3o, divulgada, nesta ter\u00e7a-feira (23), pela Confedera\u00e7\u00e3o Nacional da Ind\u00fastria (<a href=\"https:\/\/www.portaldaindustria.com.br\/cni\/\" target=\"_blank\"><strong>CNI<\/strong><\/a>) em parceria com a C\u00e2mara Brasileira da Ind\u00fastria da Constru\u00e7\u00e3o (<a href=\"https:\/\/cbic.org.br\/\" target=\"_blank\"><strong>CBIC<\/strong><\/a>).<\/p>\n<p>O \u00edndice de evolu\u00e7\u00e3o do n\u00edvel de atividade caiu 3,5 pontos em rela\u00e7\u00e3o a julho, chegando a 46 pontos \u2013 o menor patamar para agosto desde 2016. O recuo atingiu tamb\u00e9m o emprego, com o indicador passando de 50,1 para 46,3 pontos, e a Utiliza\u00e7\u00e3o da Capacidade Operacional (UCO), que caiu de 68% para 66%, n\u00edvel mais baixo em tr\u00eas anos.<\/p>\n<p>\u201cA eleva\u00e7\u00e3o da taxa de juros vem trazendo, progressivamente, maiores problemas para a ind\u00fastria da constru\u00e7\u00e3o, um encarecimento do investimento, mas principalmente uma perda de ritmo na demanda, por conta da eleva\u00e7\u00e3o dos custos\u201d, avaliou o gerente de An\u00e1lise Econ\u00f4mica da CNI, Marcelo Azevedo. Segundo o especialista, o quadro acende um sinal de alerta, j\u00e1 que os empres\u00e1rios relatam queda em indicadores que, historicamente, registram crescimento no per\u00edodo.<\/p>\n<h2>Sondagem Ind\u00fastria da Constru\u00e7\u00e3o: rea\u00e7\u00e3o do setor<\/h2>\n<p>A diretora de Opera\u00e7\u00f5es da empresa goiana <a href=\"https:\/\/trindadesc.com.br\/\" target=\"_blank\">Trindade Solu\u00e7\u00f5es Construtivas<\/a>, Daniele Trindade, vai viajar, em outubro, para um dos maiores polos de tecnologia e inova\u00e7\u00e3o da constru\u00e7\u00e3o civil, em Guangzhou, na China, com o objetivo de desenvolver ideias para o mercado nacional. Envolvida diretamente com o cen\u00e1rio atual do setor, ela confirma que a retra\u00e7\u00e3o na ind\u00fastria da constru\u00e7\u00e3o civil j\u00e1 impacta n\u00e3o apenas o ritmo das obras, mas tamb\u00e9m os investimentos em inova\u00e7\u00e3o no segmento.<\/p>\n<p>Segundo ela, o reflexo desse movimento pode ser observado at\u00e9 em grandes eventos especializados. \u201cNitidamente tem-se, de fato, essa retra\u00e7\u00e3o no modelo industrial para a constru\u00e7\u00e3o civil. Isso, inclusive, reflete no cancelamento que houve recentemente de um dos maiores eventos de tecnologia e inova\u00e7\u00e3o para a Constru\u00e7\u00e3o Civil do estado de Goi\u00e1s, que \u00e9 a <a href=\"https:\/\/www.instagram.com\/construtecgoias\/\" target=\"_blank\">Construtec<\/a>. Eles cancelaram e passaram para o ano que vem, pela baixa ades\u00e3o de empres\u00e1rios em expor as suas tecnologias para o mercado\u201d, pontuou Daniele.<\/p>\n<p>Mesmo com canteiros de obras ativos em v\u00e1rios munic\u00edpios, a empres\u00e1ria alerta que a falta de investimento em tecnologia compromete a qualidade e a produtividade das entregas. \u201cA gente v\u00ea canteiros de obra a\u00ed em todas as esquinas. Mas, ser\u00e1 que esses canteiros est\u00e3o fazendo servi\u00e7o de alta performance? Est\u00e1 tendo m\u00e3o de obra? Essas s\u00e3o as d\u00favidas quando a gente fala de tecnologia e inova\u00e7\u00e3o para a Constru\u00e7\u00e3o Civil. Porque est\u00e3o acontecendo obras, mas poderiam ser muito melhores, muito mais qualitativas, evoluir de uma maneira a servir a um cronograma assertivo de maneira muito mais cogente, o que n\u00e3o est\u00e1 acontecendo\u201d, completa.<\/p>\n<h2>Sondagem Ind\u00fastria da Constru\u00e7\u00e3o: indicadores do setor<\/h2>\n<p>Apesar do cen\u00e1rio negativo, houve leve melhora na confian\u00e7a. O \u00cdndice de Confian\u00e7a do Empres\u00e1rio Industrial (ICEI) da Constru\u00e7\u00e3o avan\u00e7ou 1,2 ponto, em setembro, para 47 pontos. Embora ainda abaixo da linha divis\u00f3ria dos 50 pontos, que separa confian\u00e7a de falta de confian\u00e7a, o movimento indica menor pessimismo do que em agosto. A melhora foi puxada pelas expectativas em rela\u00e7\u00e3o ao desempenho das pr\u00f3prias empresas nos pr\u00f3ximos seis meses.<\/p>\n<p>J\u00e1 os indicadores de expectativa ligados \u00e0 atividade apresentaram piora. O \u00edndice de compras de mat\u00e9rias-primas caiu para 49,4 pontos, enquanto o de novos empreendimentos recuou para 49,2 pontos, ambos em campo negativo. As proje\u00e7\u00f5es para n\u00famero de empregados e n\u00edvel de atividade tamb\u00e9m diminu\u00edram, mostrando modera\u00e7\u00e3o no otimismo para os pr\u00f3ximos meses.<\/p>\n<p>Mesmo nesse ambiente adverso, a inten\u00e7\u00e3o de investir mostrou pequena recupera\u00e7\u00e3o, subindo para 41,1 pontos em setembro, ap\u00f3s tr\u00eas quedas consecutivas. O avan\u00e7o, no entanto, recupera apenas parte das perdas acumuladas no per\u00edodo.<\/p>\n<p>Esta edi\u00e7\u00e3o da Sondagem Ind\u00fastria da Constru\u00e7\u00e3o consultou 298 empresas, entre os dias 1\u00ba e 10 de setembro, sendo 122 pequenas, 118 m\u00e9dias e 58 grandes.<\/p>\n<p><!--EndFragment --><\/p>\n<p>\t\t\t\t\t\t\t\t\t<img loading=\"lazy\" decoding=\"async\" src=\"https:\/\/brasil61.com\/api\/v1\/serve_pixel\/17677\/84777\" alt=\"Pixel Brasil 61\" class=\"b61_pixel\" width=\"0\" height=\"0\"><\/p>\n<input type=\"hidden\" id=\"baseurl\" value=\"https:\/\/noticiasdestaque.com.br\"><input type=\"hidden\" id=\"audio_nonce\" value=\"6f73a554f1\">","protected":false},"excerpt":{"rendered":"<p>Atividade, emprego e uso da capacidade caem; alta dos juros pressiona setor e expectativas seguem contidas<\/p>\n","protected":false},"author":1,"featured_media":46159,"comment_status":"open","ping_status":"open","sticky":false,"template":"","format":"standard","meta":{"fifu_image_url":"","fifu_image_alt":"","footnotes":""},"categories":[59],"tags":[],"class_list":["post-46158","post","type-post","status-publish","format-standard","has-post-thumbnail","hentry","category-economia"],"distributor_meta":false,"distributor_terms":false,"distributor_media":false,"distributor_original_site_name":"Noticias em Destaque","distributor_original_site_url":"https:\/\/noticiasdestaque.com.br","push-errors":false,"_links":{"self":[{"href":"https:\/\/noticiasdestaque.com.br\/index.php\/wp-json\/wp\/v2\/posts\/46158","targetHints":{"allow":["GET"]}}],"collection":[{"href":"https:\/\/noticiasdestaque.com.br\/index.php\/wp-json\/wp\/v2\/posts"}],"about":[{"href":"https:\/\/noticiasdestaque.com.br\/index.php\/wp-json\/wp\/v2\/types\/post"}],"author":[{"embeddable":true,"href":"https:\/\/noticiasdestaque.com.br\/index.php\/wp-json\/wp\/v2\/users\/1"}],"replies":[{"embeddable":true,"href":"https:\/\/noticiasdestaque.com.br\/index.php\/wp-json\/wp\/v2\/comments?post=46158"}],"version-history":[{"count":0,"href":"https:\/\/noticiasdestaque.com.br\/index.php\/wp-json\/wp\/v2\/posts\/46158\/revisions"}],"wp:featuredmedia":[{"embeddable":true,"href":"https:\/\/noticiasdestaque.com.br\/index.php\/wp-json\/wp\/v2\/media\/46159"}],"wp:attachment":[{"href":"https:\/\/noticiasdestaque.com.br\/index.php\/wp-json\/wp\/v2\/media?parent=46158"}],"wp:term":[{"taxonomy":"category","embeddable":true,"href":"https:\/\/noticiasdestaque.com.br\/index.php\/wp-json\/wp\/v2\/categories?post=46158"},{"taxonomy":"post_tag","embeddable":true,"href":"https:\/\/noticiasdestaque.com.br\/index.php\/wp-json\/wp\/v2\/tags?post=46158"}],"curies":[{"name":"wp","href":"https:\/\/api.w.org\/{rel}","templated":true}]}}