{"id":46156,"date":"2025-09-24T04:15:00","date_gmt":"2025-09-24T07:15:00","guid":{"rendered":"https:\/\/noticiasdestaque.com.br\/index.php\/2025\/09\/24\/senado-vota-2a-parte-da-regulamentacao-da-reforma-tributaria-nesta-quarta-24\/"},"modified":"2025-09-24T04:15:00","modified_gmt":"2025-09-24T07:15:00","slug":"senado-vota-2a-parte-da-regulamentacao-da-reforma-tributaria-nesta-quarta-24","status":"publish","type":"post","link":"https:\/\/noticiasdestaque.com.br\/index.php\/2025\/09\/24\/senado-vota-2a-parte-da-regulamentacao-da-reforma-tributaria-nesta-quarta-24\/","title":{"rendered":"Senado vota 2\u00aa parte da regulamenta\u00e7\u00e3o da reforma tribut\u00e1ria nesta quarta (24)"},"content":{"rendered":"<p>\t\t\t\t\t\t\t\t\t\t<audio controls class=\"b61_audio_player\" data-noticia=\"84785\" src=\"https:\/\/brasil61.com\/rails\/active_storage\/blobs\/eyJfcmFpbHMiOnsibWVzc2FnZSI6IkJBaHBBN09lQXc9PSIsImV4cCI6bnVsbCwicHVyIjoiYmxvYl9pZCJ9fQ==--7c90e3a9cd2745f29bd9a6c1fd316b8f8418f247\/BRAS2514777A\"><\/audio><\/p>\n<p>O projeto de lei complementar (PLP)<a href=\"https:\/\/www25.senado.leg.br\/web\/atividade\/materias\/-\/materia\/166095\" target=\"_blank\"> 108\/2024<\/a> que <strong>regulamenta a \u00faltima parte da reforma tribut\u00e1ria <\/strong>pode ser votado pelo Plen\u00e1rio do Senado na <a href=\"https:\/\/www25.senado.leg.br\/web\/atividade\/sessao-plenaria\/-\/pauta\/480055\" target=\"_blank\">Ordem do Dia<\/a>, desta quarta-feira (24). A <strong>proposta foi aprovada na semana passada pela Comiss\u00e3o de Constitui\u00e7\u00e3o e Justi\u00e7a (CCJ) e possui um pedido de urg\u00eancia aprovado pelo colegiado<\/strong>.<\/p>\n<p>Entre os dispositivos,<strong> a mat\u00e9ria regula o Comit\u00ea Gestor que vai administrar o Imposto sobre Bens e Servi\u00e7os (IBS)<\/strong>. A ideia \u00e9 permitir a implementa\u00e7\u00e3o de um per\u00edodo-teste j\u00e1 em 2026, conforme previsto em lei.\u00a0<\/p>\n<p>O <strong>PLP 108\/2024 <\/strong>j\u00e1 recebeu um substitutivo do relator, senador senador <strong>Eduardo Braga (MDB-AM)<\/strong>. Segundo ele, a<strong> recep\u00e7\u00e3o da CCJ ao substitutivo foi \u201cextremamente positiva\u201d e \u201csuperou as expectativas\u201d.<\/strong>\u00a0<\/p>\n<p>O parlamentar afirmou, ainda, que as mudan\u00e7as no texto foram conversadas com o relator do <strong>PLP 108\/2024 <\/strong>na C\u00e2mara, deputado <strong>Mauro Benevides Filho (PDT-CE)<\/strong>.<\/p>\n<p>\u201cA C\u00e2mara tem autonomia para deliberar sobre a mat\u00e9ria, mas a conversa foi mais em converg\u00eancia do que em diverg\u00eancia\u201d, disse Braga.\u00a0<\/p>\n<p>J\u00e1 que o texto sofreu altera\u00e7\u00f5es no <strong><a href=\"https:\/\/www12.senado.leg.br\/hpsenado\">Senado<\/a><\/strong>, retorna \u00e0 <strong><a href=\"https:\/\/www.camara.leg.br\/\">C\u00e2mara dos Deputados <\/a><\/strong>depois de aprovado em Plen\u00e1rio.\u00a0<\/p>\n<h2>Vota\u00e7\u00e3o representa avan\u00e7o para a reforma tribut\u00e1ria\u00a0<\/h2>\n<p>A advogada tributarista, s\u00f3cia do <strong><a href=\"https:\/\/hrsa.com.br\/\">HRSA Sociedade de Advogados<\/a>, Ana Flora Diaz<\/strong>, afirma que a<strong> vota\u00e7\u00e3o representa mais um passo importante para o avan\u00e7o da reforma tribut\u00e1ria.<\/strong> Ela defende que os parlamentares aprovem e promulguem a mat\u00e9ria o quanto antes.<\/p>\n<p>\u201cA vota\u00e7\u00e3o do PLP-68 agora no \u00e2mbito do Senado \u00e9 aguardada desde o ano passado, representa mais um passo important\u00edssimo para a implementa\u00e7\u00e3o da reforma tribut\u00e1ria do consumo. Ainda, considerando que o per\u00edodo de transi\u00e7\u00e3o j\u00e1 vai se iniciar em janeiro de 2026, agora a gente est\u00e1 perto, \u00e9 especialmente relevante que o PLP-18 seja aprovado e promulgado o quanto antes, para que possa trazer maior seguran\u00e7a jur\u00eddica para os contribuintes e para a sociedade como um todo\u201d, pontua.<\/p>\n<p>Para <strong>Ana Flora Diaz<\/strong>, o relat\u00f3rio no <strong>Senado <\/strong>elucidou os pontos sobre <strong>aplica\u00e7\u00e3o de multas<\/strong>. \u201cE o parecer do relator prop\u00f4s maior clareza nas regras sobre as multas, unificando inclusive essas regras para IBS e CBS, trazendo um teto de 100% tamb\u00e9m da multa ao limite do tributo devido, podendo chegar a 150% s\u00f3 em caso de reincid\u00eancia.\u201d\u00a0<\/p>\n<h2>Cashback<\/h2>\n<p>Uma das mudan\u00e7as no substitutivo estabelece que a<strong> arrecada\u00e7\u00e3o de IBS e CBS seja ajustada para considerar o cashback<\/strong> \u2013 considerado como devolu\u00e7\u00e3o tribut\u00e1ria para contribuintes de baixa renda.<\/p>\n<p>O texto tamb\u00e9m ajusta o cashback para viabilizar a devolu\u00e7\u00e3o em opera\u00e7\u00f5es com g\u00e1s canalizado no regime monof\u00e1sico, mesmo sem destaque do tributo no documento fiscal.\u00a0\u00a0<\/p>\n<h2>Imposto Seletivo<\/h2>\n<p>Outra mudan\u00e7a prevista refere-se \u00e0<strong> cobran\u00e7a do Imposto Seletivo sobre bebidas a\u00e7ucaradas, como os refrigerantes.<\/strong><\/p>\n<p>A vers\u00e3o da C\u00e2mara previa um regime de transi\u00e7\u00e3o para a cobran\u00e7a do tributo em caso de produtos fum\u00edgenos e bebidas alco\u00f3licas. Eduardo Braga incluiu as bebidas a\u00e7ucaradas no regime de transi\u00e7\u00e3o e limitou a al\u00edquota a 2%.<\/p>\n<p>\u201cO Imposto Seletivo n\u00e3o tem, na sua ess\u00eancia, a fun\u00e7\u00e3o de arrecada\u00e7\u00e3o. N\u00e3o \u00e9 esse o esp\u00edrito. Ele tem a fun\u00e7\u00e3o de educar para o consumidor n\u00e3o fumar, n\u00e3o beber e n\u00e3o consumir bebida a\u00e7ucarada\u201d, destacou Braga.\u00a0<\/p>\n<h2>Split payment<\/h2>\n<p>O parecer regulamenta, ainda, o sistema de split payment. Com o dispositivo, o valor do imposto devido em uma transa\u00e7\u00e3o de IBS ou CBS \u00e9 separado automaticamente no momento do pagamento: <strong>uma parte vai direto para o vendedor e outra parte segue para o governo.\u00a0<\/strong><\/p>\n<p>A medida faz com que tributo n\u00e3o passe pela conta do contribuinte e reduz a possibilidade de sonega\u00e7\u00e3o. A ideia \u00e9 garantir que o recolhimento ocorra no ato da opera\u00e7\u00e3o.<\/p>\n<p>Caso a plataforma ou o prestador n\u00e3o separe ou n\u00e3o repasse o valor do tributo de forma correta, h\u00e1 previs\u00e3o de puni\u00e7\u00e3o. Diaz avalia que o t\u00f3pico trouxe um pouco de \u201cespanto\u201d e novidade. \u201cAcho que esse ponto pode gerar bastante discuss\u00e3o e resist\u00eancia, porque os operadores n\u00e3o s\u00e3o os contribuintes aqui, eles s\u00e3o s\u00f3 os facilitadores do split payment.\u201d<\/p>\n<p><strong>Confira as penalidades previstas:<\/strong><\/p>\n<ul>\n<li>Multa de R$ 20 por transa\u00e7\u00e3o;<\/li>\n<li>multa de mora mensal de 3% sobre valores n\u00e3o repassados ou repassados com atraso;<\/li>\n<li>multa de R$ 0,20 por transa\u00e7\u00e3o em caso de atraso na comunica\u00e7\u00e3o.\u00a0<\/li>\n<\/ul>\n<p>A pr\u00e1tica reincidente dessas infra\u00e7\u00f5es por institui\u00e7\u00f5es de pagamento pode levar \u00e0 suspens\u00e3o ou cassa\u00e7\u00e3o da autoriza\u00e7\u00e3o de funcionamento pelo Banco Central, conforme o relat\u00f3rio.\u00a0<\/p>\n<h2>Empresas digitais e notas fiscais<\/h2>\n<p>J\u00e1 no que diz respeito ao sistema para a expedi\u00e7\u00e3o de notas fiscais por <strong>plataformas digitais, como Netflix, Uber e iFood<\/strong>, uma emenda do senador <strong>Efraim Filho (Uni\u00e3o-PB)<\/strong> permitia que esses empreendimentos emitissem apenas um documento consolidado \u2013 relativo a todos os usu\u00e1rios. No entanto,<strong> para o relator, a regulamenta\u00e7\u00e3o da reforma tribut\u00e1ria exige a emiss\u00e3o separada por munic\u00edpios.<\/strong><\/p>\n<p>\u201cO imposto agora \u00e9 no destino, e a plataforma n\u00e3o est\u00e1 no destino. Quem est\u00e1 no destino \u00e9 o usu\u00e1rio. Ent\u00e3o, eu n\u00e3o posso ter uma nota fiscal consolidada em S\u00e3o Paulo, sob pena de prejudicar a Para\u00edba. Como \u00e9 que eu vou ter uma nota consolidada em S\u00e3o Paulo e segregar o que \u00e9 da Para\u00edba, o que \u00e9 do Amazonas, o que \u00e9 da Bahia?\u201d, questionou o relator em reuni\u00e3o da CCJ.\u00a0<\/p>\n<p><u><strong>VEJA MAIS:<\/strong><\/u><\/p>\n<ul>\n<li><a href=\"https:\/\/brasil61.com\/n\/reforma-tributaria-deve-remodelar-contratos-e-eficiencia-no-setor-de-construcao-civil-bras2514567\">Reforma Tribut\u00e1ria deve remodelar contratos e efici\u00eancia no setor de constru\u00e7\u00e3o civil<\/a><\/li>\n<\/ul>\n<p>\n<em>Com informa\u00e7\u00f5es da Ag\u00eancia Senado<\/em><\/p>\n<p>\t\t\t\t\t\t\t\t\t<img loading=\"lazy\" decoding=\"async\" src=\"https:\/\/brasil61.com\/api\/v1\/serve_pixel\/17677\/84785\" alt=\"Pixel Brasil 61\" class=\"b61_pixel\" width=\"0\" height=\"0\"><\/p>\n<input type=\"hidden\" id=\"baseurl\" value=\"https:\/\/noticiasdestaque.com.br\"><input type=\"hidden\" id=\"audio_nonce\" value=\"5128c810d9\">","protected":false},"excerpt":{"rendered":"<p>Projeto de Lei Complementar (PLP) 108\/2024 foi aprovado na semana passada pela Comiss\u00e3o de Constitui\u00e7\u00e3o e Justi\u00e7a (CCJ); proposta j\u00e1 recebeu substitutivo do relator, senador senador Eduardo Braga (MDB-AM)<\/p>\n","protected":false},"author":1,"featured_media":46157,"comment_status":"open","ping_status":"open","sticky":false,"template":"","format":"standard","meta":{"fifu_image_url":"","fifu_image_alt":"","footnotes":""},"categories":[59],"tags":[],"class_list":["post-46156","post","type-post","status-publish","format-standard","has-post-thumbnail","hentry","category-economia"],"distributor_meta":false,"distributor_terms":false,"distributor_media":false,"distributor_original_site_name":"Noticias em Destaque","distributor_original_site_url":"https:\/\/noticiasdestaque.com.br","push-errors":false,"_links":{"self":[{"href":"https:\/\/noticiasdestaque.com.br\/index.php\/wp-json\/wp\/v2\/posts\/46156","targetHints":{"allow":["GET"]}}],"collection":[{"href":"https:\/\/noticiasdestaque.com.br\/index.php\/wp-json\/wp\/v2\/posts"}],"about":[{"href":"https:\/\/noticiasdestaque.com.br\/index.php\/wp-json\/wp\/v2\/types\/post"}],"author":[{"embeddable":true,"href":"https:\/\/noticiasdestaque.com.br\/index.php\/wp-json\/wp\/v2\/users\/1"}],"replies":[{"embeddable":true,"href":"https:\/\/noticiasdestaque.com.br\/index.php\/wp-json\/wp\/v2\/comments?post=46156"}],"version-history":[{"count":0,"href":"https:\/\/noticiasdestaque.com.br\/index.php\/wp-json\/wp\/v2\/posts\/46156\/revisions"}],"wp:featuredmedia":[{"embeddable":true,"href":"https:\/\/noticiasdestaque.com.br\/index.php\/wp-json\/wp\/v2\/media\/46157"}],"wp:attachment":[{"href":"https:\/\/noticiasdestaque.com.br\/index.php\/wp-json\/wp\/v2\/media?parent=46156"}],"wp:term":[{"taxonomy":"category","embeddable":true,"href":"https:\/\/noticiasdestaque.com.br\/index.php\/wp-json\/wp\/v2\/categories?post=46156"},{"taxonomy":"post_tag","embeddable":true,"href":"https:\/\/noticiasdestaque.com.br\/index.php\/wp-json\/wp\/v2\/tags?post=46156"}],"curies":[{"name":"wp","href":"https:\/\/api.w.org\/{rel}","templated":true}]}}