{"id":46140,"date":"2025-09-23T21:00:00","date_gmt":"2025-09-24T00:00:00","guid":{"rendered":"https:\/\/noticiasdestaque.com.br\/index.php\/2025\/09\/23\/previsao-do-tempo-quarta-feira-24-sera-de-tempo-instavel-com-chuvas-no-sudeste\/"},"modified":"2025-09-23T21:00:00","modified_gmt":"2025-09-24T00:00:00","slug":"previsao-do-tempo-quarta-feira-24-sera-de-tempo-instavel-com-chuvas-no-sudeste","status":"publish","type":"post","link":"https:\/\/noticiasdestaque.com.br\/index.php\/2025\/09\/23\/previsao-do-tempo-quarta-feira-24-sera-de-tempo-instavel-com-chuvas-no-sudeste\/","title":{"rendered":"PREVIS\u00c3O DO TEMPO: Quarta-feira (24) ser\u00e1 de tempo inst\u00e1vel com chuvas no Sudeste"},"content":{"rendered":"<p>\t\t\t\t\t\t\t\t\t\t<audio controls class=\"b61_audio_player\" data-noticia=\"84773\" src=\"https:\/\/brasil61.com\/rails\/active_storage\/blobs\/eyJfcmFpbHMiOnsibWVzc2FnZSI6IkJBaHBBNjZlQXc9PSIsImV4cCI6bnVsbCwicHVyIjoiYmxvYl9pZCJ9fQ==--5c62e05fde5f8b214f24b5bc4e1e6f1d97c2e21c\/PTSD254199B\"><\/audio><\/p>\n<p>O Sudeste ter\u00e1 quarta-feira (24) de tempo inst\u00e1vel, com muitas nuvens e pancadas de chuva isoladas ao longo do dia.<\/p>\n<p>O Instituto Nacional de Meteorologia (Inmet) emitiu alerta de perigo potencial de queda de temperatura para \u00e1reas do\u00a0Rio de Janeiro, Esp\u00edrito Santo e\u00a0Minas Gerais.\u00a0A condi\u00e7\u00e3o deve atingir, pela manh\u00e3, \u00e1reas como a Zona da Mata e o Vale do Rio Doce, em Minas, o Litoral Norte e a\u00a0Central esp\u00edrito-santense, e o Noroeste, Centro e Norte fluminense.<\/p>\n<p>No Rio de Janeiro, previs\u00e3oo de trovoadas e chuvas, da manh\u00e3 at\u00e9 a noite.<\/p>\n<\/p>\n<p>No Esp\u00edrito Santo, a previs\u00e3o aponta muitas nuvens em munic\u00edpios como Pinheiros e S\u00e3o Mateus, e chuva com trovoadas isoladas na faixa que vai de Vit\u00f3ria at\u00e9 Bom Jesus do Norte.<\/p>\n<p>Em S\u00e3o Paulo, a manh\u00e3 ser\u00e1 de c\u00e9u com muitas nuvens em grande parte do estado, com possibilidade de pancadas de chuva em munic\u00edpios como Morro Agudo e Leme. No entanto, as chuvas devem se espalhar pelo territ\u00f3rio paulista durante a tarde, com intensidade na baixada santista.<\/p>\n<p>J\u00e1 em Minas Gerais, a expectativa \u00e9 de muita chuva ao longo do dia, principalmente na faixa que vai das cidades de Uberl\u00e2ndia at\u00e9 Governador Valadares.<\/p>\n<p>Entre as capitais, a temperatura m\u00ednima prevista \u00e9 de 12\u00b0C, em S\u00e3o Paulo, e 17\u00b0C, em Belo Horizonte. J\u00e1 a m\u00e1xima pode chegar a 25\u00b0C, no Rio de Janeiro, e a 23\u00b0C, em Vit\u00f3ria. A umidade relativa do ar varia entre \u00a035% e 100%.<\/p>\n<h2>5 Motivos para saber das previs\u00f5es do tempo \u00a0<\/h2>\n<ol>\n<li>Agricultura: garantia de uma boa colheita;<\/li>\n<li>Marinha: prote\u00e7\u00e3o dos marinheiros, dos navios e dos passageiros;<\/li>\n<li>Aeron\u00e1utica: prote\u00e7\u00e3o e seguran\u00e7a dos pilotos, das aeronaves e dos passageiros;<\/li>\n<li>Pesca: condi\u00e7\u00f5es favor\u00e1veis e seguras \u00e0 pesca; e<\/li>\n<li>Turismo: garantia de um passeio e de uma viagem feliz e tranquila.<\/li>\n<\/ol>\n<h2>Import\u00e2ncia das observa\u00e7\u00f5es meteorol\u00f3gicas no INMET<\/h2>\n<p>As observa\u00e7\u00f5es meteorol\u00f3gicas do INMET s\u00e3o essenciais para previs\u00f5es em tempo real, estat\u00edsticas clim\u00e1ticas e coopera\u00e7\u00e3o internacional. Esses dados precisos ajudam a estudar o clima passado e a produzir Normais Climatol\u00f3gicas conforme a Organiza\u00e7\u00e3o Meteorol\u00f3gica Mundial (<a href=\"https:\/\/worldweather.wmo.int\/pt\/home.html\" target=\"_blank\">OMM<\/a>).<\/p>\n<p>As informa\u00e7\u00f5es s\u00e3o do Instituto Nacional de Meteorologia (<a href=\"https:\/\/portal.inmet.gov.br\/\" target=\"_blank\">Inmet<\/a>).<br \/>\n\u00a0<\/p>\n<p>\t\t\t\t\t\t\t\t\t<img loading=\"lazy\" decoding=\"async\" src=\"https:\/\/brasil61.com\/api\/v1\/serve_pixel\/17677\/84773\" alt=\"Pixel Brasil 61\" class=\"b61_pixel\" width=\"0\" height=\"0\"><\/p>\n<input type=\"hidden\" id=\"baseurl\" value=\"https:\/\/noticiasdestaque.com.br\"><input type=\"hidden\" id=\"audio_nonce\" value=\"6f73a554f1\">","protected":false},"excerpt":{"rendered":"<p>Entre as capitais, a temperatura m\u00ednima prevista \u00e9 de 12\u00b0C, em S\u00e3o Paulo e 17\u00b0C em Minas Gerais. J\u00e1 a m\u00e1xima pode chegar a 25\u00b0C, no Rio de Janeiro e 23\u00b0C em Vit\u00f3ria. A  umidade relativa do ar varia entre  35% e 100%.<\/p>\n","protected":false},"author":1,"featured_media":46141,"comment_status":"open","ping_status":"open","sticky":false,"template":"","format":"standard","meta":{"fifu_image_url":"","fifu_image_alt":"","footnotes":""},"categories":[58],"tags":[],"class_list":["post-46140","post","type-post","status-publish","format-standard","has-post-thumbnail","hentry","category-cotidiano"],"distributor_meta":false,"distributor_terms":false,"distributor_media":false,"distributor_original_site_name":"Noticias em Destaque","distributor_original_site_url":"https:\/\/noticiasdestaque.com.br","push-errors":false,"_links":{"self":[{"href":"https:\/\/noticiasdestaque.com.br\/index.php\/wp-json\/wp\/v2\/posts\/46140","targetHints":{"allow":["GET"]}}],"collection":[{"href":"https:\/\/noticiasdestaque.com.br\/index.php\/wp-json\/wp\/v2\/posts"}],"about":[{"href":"https:\/\/noticiasdestaque.com.br\/index.php\/wp-json\/wp\/v2\/types\/post"}],"author":[{"embeddable":true,"href":"https:\/\/noticiasdestaque.com.br\/index.php\/wp-json\/wp\/v2\/users\/1"}],"replies":[{"embeddable":true,"href":"https:\/\/noticiasdestaque.com.br\/index.php\/wp-json\/wp\/v2\/comments?post=46140"}],"version-history":[{"count":0,"href":"https:\/\/noticiasdestaque.com.br\/index.php\/wp-json\/wp\/v2\/posts\/46140\/revisions"}],"wp:featuredmedia":[{"embeddable":true,"href":"https:\/\/noticiasdestaque.com.br\/index.php\/wp-json\/wp\/v2\/media\/46141"}],"wp:attachment":[{"href":"https:\/\/noticiasdestaque.com.br\/index.php\/wp-json\/wp\/v2\/media?parent=46140"}],"wp:term":[{"taxonomy":"category","embeddable":true,"href":"https:\/\/noticiasdestaque.com.br\/index.php\/wp-json\/wp\/v2\/categories?post=46140"},{"taxonomy":"post_tag","embeddable":true,"href":"https:\/\/noticiasdestaque.com.br\/index.php\/wp-json\/wp\/v2\/tags?post=46140"}],"curies":[{"name":"wp","href":"https:\/\/api.w.org\/{rel}","templated":true}]}}