{"id":46138,"date":"2025-09-23T20:55:00","date_gmt":"2025-09-23T23:55:00","guid":{"rendered":"https:\/\/noticiasdestaque.com.br\/index.php\/2025\/09\/23\/previsao-do-tempo-ceu-com-nuvens-no-nordeste-nesta-quarta-feira-24\/"},"modified":"2025-09-23T20:55:00","modified_gmt":"2025-09-23T23:55:00","slug":"previsao-do-tempo-ceu-com-nuvens-no-nordeste-nesta-quarta-feira-24","status":"publish","type":"post","link":"https:\/\/noticiasdestaque.com.br\/index.php\/2025\/09\/23\/previsao-do-tempo-ceu-com-nuvens-no-nordeste-nesta-quarta-feira-24\/","title":{"rendered":"PREVIS\u00c3O DO TEMPO: c\u00e9u com nuvens no Nordeste nesta quarta-feira (24)"},"content":{"rendered":"<p>\t\t\t\t\t\t\t\t\t\t<audio controls class=\"b61_audio_player\" data-noticia=\"84772\" src=\"https:\/\/brasil61.com\/rails\/active_storage\/blobs\/eyJfcmFpbHMiOnsibWVzc2FnZSI6IkJBaHBBN2VlQXc9PSIsImV4cCI6bnVsbCwicHVyIjoiYmxvYl9pZCJ9fQ==--ff05e8fcb6ab708ce15b12b493ed4ca0db1ab52e\/PTND254809A\"><\/audio><\/p>\n<p>A previs\u00e3o para esta <strong>quarta-feira (24)<\/strong> \u00e9 de <strong>manh\u00e3 com nuvens em todos os nove estados nordestinos<\/strong>. A probabilidade de muitas nuvens est\u00e1 concentrada no <strong>Maranh\u00e3o<\/strong>, do extremo oeste ao nordeste baiano e no litoral que vai de\u00a0<strong>Sergipe<\/strong> <strong>ao Rio Grande do Norte<\/strong>. No interior nordestino, predominam poucas nuvens.\u00a0\u00a0<\/p>\n<p>No per\u00edodo da tarde, as nuvens com possibilidades de chuvas isoladas atingem do\u00a0extremo oeste ao sul baiano, o Alto Parna\u00edba piauiense, e o <strong>Maranh\u00e3o<\/strong>, exceto no leste maranhense. A condi\u00e7\u00e3o se repete no restante da regi\u00e3o, com mais nuvens <strong>no litoral sergipano at\u00e9 a costa potiguar<\/strong>.\u00a0<\/p>\n<p>\u00c0 noite, as chuvas isoladas permanecem no sul do <strong>Maranh\u00e3o<\/strong>, como em Balsas, e no litoral baiano, atingindo os munic\u00edpios de Caravelas, Ilh\u00e9us e a capital <strong>Salvador<\/strong>. O c\u00e9u da costa de <strong>Sergipe, Alagoas, Pernambuco, Para\u00edba e do Rio Grande do Norte<\/strong> permanece nublado.\u00a0\u00a0<\/p>\n<p>Entre as capitais, a temperatura m\u00ednima prevista \u00e9 de <strong>22\u00b0C, em Salvador<\/strong>, e de\u00a0<strong>21\u00b0C, em Macei\u00f3<\/strong>. A m\u00e1xima deve chegar a <strong>38\u00b0C, em Teresina<\/strong>, e a\u00a0<strong>33\u00b0C em S\u00e3o Lu\u00eds<\/strong>. A umidade relativa do ar varia entre <strong>30% e 95%<\/strong>.<\/p>\n<h2>5 Motivos para saber das previs\u00f5es do tempo\u00a0\u00a0<\/h2>\n<ul>\n<li>Agricultura: garantia de uma boa colheita;<\/li>\n<li>Marinha: prote\u00e7\u00e3o dos marinheiros, dos navios e dos passageiros;<\/li>\n<li>Aeron\u00e1utica: prote\u00e7\u00e3o e seguran\u00e7a dos pilotos, das aeronaves e dos passageiros;<\/li>\n<li>Pesca: condi\u00e7\u00f5es favor\u00e1veis e seguras \u00e0 pesca; e<\/li>\n<li>Turismo: garantia de um passeio e de uma viagem feliz e tranquila.<\/li>\n<\/ul>\n<h2>Import\u00e2ncia das observa\u00e7\u00f5es meteorol\u00f3gicas no INMET<\/h2>\n<p>As observa\u00e7\u00f5es meteorol\u00f3gicas do INMET s\u00e3o essenciais para previs\u00f5es em tempo real, estat\u00edsticas clim\u00e1ticas e coopera\u00e7\u00e3o internacional. Esses dados precisos ajudam a estudar o clima passado e a produzir Normais Climatol\u00f3gicas conforme a Organiza\u00e7\u00e3o Meteorol\u00f3gica Mundial (<a href=\"https:\/\/worldweather.wmo.int\/pt\/home.html\" target=\"_blank\">OMM<\/a>).<\/p>\n<p>As informa\u00e7\u00f5es s\u00e3o do Instituto Nacional de Meteorologia (<a href=\"https:\/\/portal.inmet.gov.br\/\" target=\"_blank\">Inmet<\/a>).<\/p>\n<p>\u00a0<\/p>\n<p>\t\t\t\t\t\t\t\t\t<img loading=\"lazy\" decoding=\"async\" src=\"https:\/\/brasil61.com\/api\/v1\/serve_pixel\/17677\/84772\" alt=\"Pixel Brasil 61\" class=\"b61_pixel\" width=\"0\" height=\"0\"><\/p>\n<input type=\"hidden\" id=\"baseurl\" value=\"https:\/\/noticiasdestaque.com.br\"><input type=\"hidden\" id=\"audio_nonce\" value=\"6f73a554f1\">","protected":false},"excerpt":{"rendered":"<p>Entre as capitais, a temperatura m\u00ednima prevista \u00e9 de 22\u00b0C em Salvador, e 21\u00b0C em Macei\u00f3. A m\u00e1xima deve chegar a 38\u00b0C, em Teresina, e 33\u00b0C em S\u00e3o Lu\u00eds. A umidade relativa do ar varia entre 30% e 95%.<\/p>\n","protected":false},"author":1,"featured_media":46139,"comment_status":"open","ping_status":"open","sticky":false,"template":"","format":"standard","meta":{"fifu_image_url":"","fifu_image_alt":"","footnotes":""},"categories":[58],"tags":[],"class_list":["post-46138","post","type-post","status-publish","format-standard","has-post-thumbnail","hentry","category-cotidiano"],"distributor_meta":false,"distributor_terms":false,"distributor_media":false,"distributor_original_site_name":"Noticias em Destaque","distributor_original_site_url":"https:\/\/noticiasdestaque.com.br","push-errors":false,"_links":{"self":[{"href":"https:\/\/noticiasdestaque.com.br\/index.php\/wp-json\/wp\/v2\/posts\/46138","targetHints":{"allow":["GET"]}}],"collection":[{"href":"https:\/\/noticiasdestaque.com.br\/index.php\/wp-json\/wp\/v2\/posts"}],"about":[{"href":"https:\/\/noticiasdestaque.com.br\/index.php\/wp-json\/wp\/v2\/types\/post"}],"author":[{"embeddable":true,"href":"https:\/\/noticiasdestaque.com.br\/index.php\/wp-json\/wp\/v2\/users\/1"}],"replies":[{"embeddable":true,"href":"https:\/\/noticiasdestaque.com.br\/index.php\/wp-json\/wp\/v2\/comments?post=46138"}],"version-history":[{"count":0,"href":"https:\/\/noticiasdestaque.com.br\/index.php\/wp-json\/wp\/v2\/posts\/46138\/revisions"}],"wp:featuredmedia":[{"embeddable":true,"href":"https:\/\/noticiasdestaque.com.br\/index.php\/wp-json\/wp\/v2\/media\/46139"}],"wp:attachment":[{"href":"https:\/\/noticiasdestaque.com.br\/index.php\/wp-json\/wp\/v2\/media?parent=46138"}],"wp:term":[{"taxonomy":"category","embeddable":true,"href":"https:\/\/noticiasdestaque.com.br\/index.php\/wp-json\/wp\/v2\/categories?post=46138"},{"taxonomy":"post_tag","embeddable":true,"href":"https:\/\/noticiasdestaque.com.br\/index.php\/wp-json\/wp\/v2\/tags?post=46138"}],"curies":[{"name":"wp","href":"https:\/\/api.w.org\/{rel}","templated":true}]}}