{"id":46136,"date":"2025-09-23T20:05:00","date_gmt":"2025-09-23T23:05:00","guid":{"rendered":"https:\/\/noticiasdestaque.com.br\/index.php\/2025\/09\/23\/previsao-do-tempo-quarta-feira-24-de-pancadas-de-chuvas-no-norte\/"},"modified":"2025-09-23T20:05:00","modified_gmt":"2025-09-23T23:05:00","slug":"previsao-do-tempo-quarta-feira-24-de-pancadas-de-chuvas-no-norte","status":"publish","type":"post","link":"https:\/\/noticiasdestaque.com.br\/index.php\/2025\/09\/23\/previsao-do-tempo-quarta-feira-24-de-pancadas-de-chuvas-no-norte\/","title":{"rendered":"PREVIS\u00c3O DO TEMPO: quarta-feira (24) de pancadas de chuvas no Norte"},"content":{"rendered":"<p>\t\t\t\t\t\t\t\t\t\t<audio controls class=\"b61_audio_player\" data-noticia=\"84774\" src=\"https:\/\/brasil61.com\/rails\/active_storage\/blobs\/eyJfcmFpbHMiOnsibWVzc2FnZSI6IkJBaHBBN2llQXc9PSIsImV4cCI6bnVsbCwicHVyIjoiYmxvYl9pZCJ9fQ==--ac41834bdd072ef108b11d8b50710f4569b0ab49\/PTRN254560A\"><\/audio><\/p>\n<p>Previs\u00e3o de muitas nuvens na regi\u00e3o Norte, na manh\u00e3 desta quarta-feira (24). A condi\u00e7\u00e3o afeta\u00a0as regi\u00f5es de Dian\u00f3polis at\u00e9 o Bico do Papagaio, no Tocantins, as regi\u00f5es de Maraj\u00f3 e o Baixo Amazonas no Par\u00e1 e o estado do Amap\u00e1.<\/p>\n<p>Pancadas de chuvas e trovoadas isoladas se estendem \u00e0s \u00e1reas dos estados do Acre, Rond\u00f4nia e do Amazonas. Essa previs\u00e3o tamb\u00e9m vale para partes do sudeste e sudoeste do Par\u00e1, atingindo munic\u00edpios como Itaituba e S\u00e3o F\u00e9lix do Xingu.<\/p>\n<p>A possibilidade de chuvas isoladas percorre os territ\u00f3rios do norte e centro amazonense, em Barcelos e Parintins, por\u00e7\u00f5es do Par\u00e1, como em Santar\u00e9m, a maior parte do Tocantins e o estado de Roraima.<\/p>\n<p>De tarde, as chuvas se intensificam no Acre, Rond\u00f4nia, no sudoeste e sul amazonense, e no ocidental do Tocantins. A possibilidade de chuvas isoladas avan\u00e7am para o restante dos estados.<\/p>\n<p>\u00c0 noite, as condi\u00e7\u00f5es da manh\u00e3 se repetem, com pancadas de chuvas e trovoadas em todo Acre, Rond\u00f4nia e no sul e sudeste do Amazonas. A previs\u00e3o de chuvas isoladas ocupa os territ\u00f3rios do Norte do Amazonas, sudeste, sudoeste e o Baixo Amazonas do Par\u00e1, e de Roraima.\u00a0 \u00a0<\/p>\n<p>Entre as capitais, a temperatura m\u00ednima prevista \u00e9 de 21\u00b0C, em Porto Velho, e de 22\u00b0C, em Rio Branco. A m\u00e1xima deve chegar a 37\u00b0C, em Manaus, e a 38\u00b0C, em Palmas e Boa Vista. A umidade relativa do ar varia entre 20% e 100%.<\/p>\n<h2>5 Motivos para saber das previs\u00f5es do tempo\u00a0\u00a0<\/h2>\n<ul>\n<li>Agricultura: garantia de uma boa colheita;<\/li>\n<li>Marinha: prote\u00e7\u00e3o dos marinheiros, dos navios e dos passageiros;<\/li>\n<li>Aeron\u00e1utica: prote\u00e7\u00e3o e seguran\u00e7a dos pilotos, das aeronaves e dos passageiros;<\/li>\n<li>Pesca: condi\u00e7\u00f5es favor\u00e1veis e seguras \u00e0 pesca; e<\/li>\n<li>Turismo: garantia de um passeio e de uma viagem feliz e tranquila.<\/li>\n<\/ul>\n<h2>Import\u00e2ncia das observa\u00e7\u00f5es meteorol\u00f3gicas no INMET<\/h2>\n<p>As observa\u00e7\u00f5es meteorol\u00f3gicas do INMET s\u00e3o essenciais para previs\u00f5es em tempo real, estat\u00edsticas clim\u00e1ticas e coopera\u00e7\u00e3o internacional. Esses dados precisos ajudam a estudar o clima passado e a produzir Normais Climatol\u00f3gicas conforme a Organiza\u00e7\u00e3o Meteorol\u00f3gica Mundial (<a href=\"https:\/\/worldweather.wmo.int\/pt\/home.html\" target=\"_blank\">OMM<\/a>).<\/p>\n<p>As informa\u00e7\u00f5es s\u00e3o do Instituto Nacional de Meteorologia (<a href=\"https:\/\/portal.inmet.gov.br\/\" target=\"_blank\">Inmet<\/a>).<\/p>\n<p>\u00a0<\/p>\n<p>\t\t\t\t\t\t\t\t\t<img loading=\"lazy\" decoding=\"async\" src=\"https:\/\/brasil61.com\/api\/v1\/serve_pixel\/17677\/84774\" alt=\"Pixel Brasil 61\" class=\"b61_pixel\" width=\"0\" height=\"0\"><\/p>\n<input type=\"hidden\" id=\"baseurl\" value=\"https:\/\/noticiasdestaque.com.br\"><input type=\"hidden\" id=\"audio_nonce\" value=\"6f73a554f1\">","protected":false},"excerpt":{"rendered":"<p>Entre as capitais, a temperatura m\u00ednima prevista \u00e9 de 21\u00b0C, em Porto Velho, e 22\u00b0C em Rio Branco. A m\u00e1xima deve chegar a 37\u00b0C, em Manaus, e 38\u00b0C em Palmas e Boa Vista. A umidade relativa do ar varia entre 20% e 100%.<\/p>\n","protected":false},"author":1,"featured_media":46137,"comment_status":"open","ping_status":"open","sticky":false,"template":"","format":"standard","meta":{"fifu_image_url":"","fifu_image_alt":"","footnotes":""},"categories":[58],"tags":[],"class_list":["post-46136","post","type-post","status-publish","format-standard","has-post-thumbnail","hentry","category-cotidiano"],"distributor_meta":false,"distributor_terms":false,"distributor_media":false,"distributor_original_site_name":"Noticias em Destaque","distributor_original_site_url":"https:\/\/noticiasdestaque.com.br","push-errors":false,"_links":{"self":[{"href":"https:\/\/noticiasdestaque.com.br\/index.php\/wp-json\/wp\/v2\/posts\/46136","targetHints":{"allow":["GET"]}}],"collection":[{"href":"https:\/\/noticiasdestaque.com.br\/index.php\/wp-json\/wp\/v2\/posts"}],"about":[{"href":"https:\/\/noticiasdestaque.com.br\/index.php\/wp-json\/wp\/v2\/types\/post"}],"author":[{"embeddable":true,"href":"https:\/\/noticiasdestaque.com.br\/index.php\/wp-json\/wp\/v2\/users\/1"}],"replies":[{"embeddable":true,"href":"https:\/\/noticiasdestaque.com.br\/index.php\/wp-json\/wp\/v2\/comments?post=46136"}],"version-history":[{"count":0,"href":"https:\/\/noticiasdestaque.com.br\/index.php\/wp-json\/wp\/v2\/posts\/46136\/revisions"}],"wp:featuredmedia":[{"embeddable":true,"href":"https:\/\/noticiasdestaque.com.br\/index.php\/wp-json\/wp\/v2\/media\/46137"}],"wp:attachment":[{"href":"https:\/\/noticiasdestaque.com.br\/index.php\/wp-json\/wp\/v2\/media?parent=46136"}],"wp:term":[{"taxonomy":"category","embeddable":true,"href":"https:\/\/noticiasdestaque.com.br\/index.php\/wp-json\/wp\/v2\/categories?post=46136"},{"taxonomy":"post_tag","embeddable":true,"href":"https:\/\/noticiasdestaque.com.br\/index.php\/wp-json\/wp\/v2\/tags?post=46136"}],"curies":[{"name":"wp","href":"https:\/\/api.w.org\/{rel}","templated":true}]}}