{"id":46134,"date":"2025-09-23T04:45:00","date_gmt":"2025-09-23T07:45:00","guid":{"rendered":"https:\/\/noticiasdestaque.com.br\/index.php\/2025\/09\/23\/forum-brasileiro-pelo-ouro-responsavel-debate-regulacao-e-rastreabilidade\/"},"modified":"2025-09-23T04:45:00","modified_gmt":"2025-09-23T07:45:00","slug":"forum-brasileiro-pelo-ouro-responsavel-debate-regulacao-e-rastreabilidade","status":"publish","type":"post","link":"https:\/\/noticiasdestaque.com.br\/index.php\/2025\/09\/23\/forum-brasileiro-pelo-ouro-responsavel-debate-regulacao-e-rastreabilidade\/","title":{"rendered":"F\u00f3rum Brasileiro pelo Ouro Respons\u00e1vel debate regula\u00e7\u00e3o e rastreabilidade"},"content":{"rendered":"<p>A <strong>Ag\u00eancia Nacional de Minera\u00e7\u00e3o (ANM)<\/strong>, o <strong>Conselho Mundial do Ouro (World Gold Council)<\/strong> e o <strong>F\u00f3rum Intergovernamental sobre Minera\u00e7\u00e3o, Minerais, Metais e Desenvolvimento Sustent\u00e1vel (IGF)<\/strong> promovem, nos dias 23 e 24 de setembro o F\u00f3rum Brasileiro pelo Ouro Respons\u00e1vel, que reunir\u00e1 governo, setor e parceiros internacionais para avan\u00e7ar em regula\u00e7\u00e3o e rastreabilidade da cadeia do ouro, preven\u00e7\u00e3o \u00e0 lavagem de dinheiro e coopera\u00e7\u00e3o contra o crime organizado, incorporando as li\u00e7\u00f5es da crise humanit\u00e1ria Yanomami.<\/p>\n<p>Ao longo dos dois dias de evento, a pauta contemplar\u00e1 temas como due diligence, interoperabilidade entre sistemas p\u00fablicos e privados, redu\u00e7\u00e3o do merc\u00fario, integra\u00e7\u00e3o de dados e aprimoramento da fiscaliza\u00e7\u00e3o. Est\u00e3o previstos pain\u00e9is com <strong>ANM, Minist\u00e9rio de Minas e Energia (MME), Banco Central do Brasil, Pol\u00edcia Federal, Conselho de Controle de Atividades Financeiras (Coaf), Casa da Moeda do Brasil, universidades e representantes do setor<\/strong>. A abertura ser\u00e1 aberta \u00e0 imprensa credenciada, mas o evento \u00e9 fechado ao p\u00fablico.<\/p>\n<p>O F\u00f3rum Brasileiro pelo Ouro Respons\u00e1vel ser\u00e1 realizado no <strong>Audit\u00f3rio t\u00e9rreo do Minist\u00e9rio de Minas e Energia (MME) <\/strong>\u2014 <strong>Esplanada dos Minist\u00e9rios<\/strong>, Bras\u00edlia e o credenciamento obrigat\u00f3rio est\u00e1 aberto at\u00e9 o meio-dia de 23 de setembro, com o envio de nome completo, ve\u00edculo, fun\u00e7\u00e3o e celular para ascom@anm.gov.br. A programa\u00e7\u00e3o completa pode ser acessada clicando <a href=\"https:\/\/www.gov.br\/anm\/pt-br\/eventos\/forum-brasileiro-pelo-ouro-responsavel\/forum-brasileiro-pelo-ouro-responsavel-1.pdf\" target=\"_blank\">aqui<\/a>.<\/p>\n<p>\t\t\t\t\t\t\t\t\t<img loading=\"lazy\" decoding=\"async\" src=\"https:\/\/brasil61.com\/api\/v1\/serve_pixel\/17677\/84766\" alt=\"Pixel Brasil 61\" class=\"b61_pixel\" width=\"0\" height=\"0\"><\/p>\n<input type=\"hidden\" id=\"baseurl\" value=\"https:\/\/noticiasdestaque.com.br\"><input type=\"hidden\" id=\"audio_nonce\" value=\"6a24ca502e\">","protected":false},"excerpt":{"rendered":"<p>Governo, setor e parceiros internacionais se unem em Bras\u00edlia para o F\u00f3rum Brasileiro pelo Ouro Respons\u00e1vel, buscando avan\u00e7os na regula\u00e7\u00e3o, rastreabilidade e combate \u00e0 ilegalidade na cadeia do ouro.<\/p>\n","protected":false},"author":1,"featured_media":46135,"comment_status":"open","ping_status":"open","sticky":false,"template":"","format":"standard","meta":{"fifu_image_url":"","fifu_image_alt":"","footnotes":""},"categories":[59],"tags":[],"class_list":["post-46134","post","type-post","status-publish","format-standard","has-post-thumbnail","hentry","category-economia"],"distributor_meta":false,"distributor_terms":false,"distributor_media":false,"distributor_original_site_name":"Noticias em Destaque","distributor_original_site_url":"https:\/\/noticiasdestaque.com.br","push-errors":false,"_links":{"self":[{"href":"https:\/\/noticiasdestaque.com.br\/index.php\/wp-json\/wp\/v2\/posts\/46134","targetHints":{"allow":["GET"]}}],"collection":[{"href":"https:\/\/noticiasdestaque.com.br\/index.php\/wp-json\/wp\/v2\/posts"}],"about":[{"href":"https:\/\/noticiasdestaque.com.br\/index.php\/wp-json\/wp\/v2\/types\/post"}],"author":[{"embeddable":true,"href":"https:\/\/noticiasdestaque.com.br\/index.php\/wp-json\/wp\/v2\/users\/1"}],"replies":[{"embeddable":true,"href":"https:\/\/noticiasdestaque.com.br\/index.php\/wp-json\/wp\/v2\/comments?post=46134"}],"version-history":[{"count":0,"href":"https:\/\/noticiasdestaque.com.br\/index.php\/wp-json\/wp\/v2\/posts\/46134\/revisions"}],"wp:featuredmedia":[{"embeddable":true,"href":"https:\/\/noticiasdestaque.com.br\/index.php\/wp-json\/wp\/v2\/media\/46135"}],"wp:attachment":[{"href":"https:\/\/noticiasdestaque.com.br\/index.php\/wp-json\/wp\/v2\/media?parent=46134"}],"wp:term":[{"taxonomy":"category","embeddable":true,"href":"https:\/\/noticiasdestaque.com.br\/index.php\/wp-json\/wp\/v2\/categories?post=46134"},{"taxonomy":"post_tag","embeddable":true,"href":"https:\/\/noticiasdestaque.com.br\/index.php\/wp-json\/wp\/v2\/tags?post=46134"}],"curies":[{"name":"wp","href":"https:\/\/api.w.org\/{rel}","templated":true}]}}