{"id":46126,"date":"2025-09-23T04:00:00","date_gmt":"2025-09-23T07:00:00","guid":{"rendered":"https:\/\/noticiasdestaque.com.br\/index.php\/2025\/09\/23\/senado-retoma-projeto-alternativo-de-isencao-do-imposto-de-renda\/"},"modified":"2025-09-23T04:00:00","modified_gmt":"2025-09-23T07:00:00","slug":"senado-retoma-projeto-alternativo-de-isencao-do-imposto-de-renda","status":"publish","type":"post","link":"https:\/\/noticiasdestaque.com.br\/index.php\/2025\/09\/23\/senado-retoma-projeto-alternativo-de-isencao-do-imposto-de-renda\/","title":{"rendered":"Senado retoma projeto alternativo de isen\u00e7\u00e3o do Imposto de Renda"},"content":{"rendered":"<p>\t\t\t\t\t\t\t\t\t\t<audio controls class=\"b61_audio_player\" data-noticia=\"84748\" src=\"https:\/\/brasil61.com\/rails\/active_storage\/blobs\/eyJfcmFpbHMiOnsibWVzc2FnZSI6IkJBaHBBLzJkQXc9PSIsImV4cCI6bnVsbCwicHVyIjoiYmxvYl9pZCJ9fQ==--9dd50b013b7c01b4e7e6eeb76c705b23be2bf6f2\/BRAS2514765A\"><\/audio><\/p>\n<p>A <a href=\"https:\/\/legis.senado.leg.br\/atividade\/comissoes\/comissao\/38\/\">Comiss\u00e3o de Assuntos Econ\u00f4micos (CAE) do Senado<\/a> pode votar nesta ter\u00e7a-feira (23) o <a href=\"https:\/\/www25.senado.leg.br\/web\/atividade\/materias\/-\/materia\/136117#:~:text=Projeto%20de%20Lei%20n%C2%B0%201952%2C%20de%202019&amp;text=Explica%C3%A7%C3%A3o%20da%20Ementa%3A%20Cria%20al%C3%ADquota,%2C5%25%20a%20al%C3%ADquota%20adicional.\">Projeto de Lei 1.952\/2019<\/a>, de autoria do <a href=\"https:\/\/www25.senado.leg.br\/web\/senadores\/senador\/-\/perfil\/4994\">senador Eduardo Braga (MDB-AM)<\/a>, que <strong>prop\u00f5e altera\u00e7\u00f5es na tabela do Imposto de Renda<\/strong>. O texto, relatado pelo presidente da comiss\u00e3o, <a href=\"https:\/\/www25.senado.leg.br\/web\/senadores\/senador\/-\/perfil\/70\">senador Renan Calheiros (MDB-AL)<\/a>, <strong>surge como alternativa diante da lentid\u00e3o da <a href=\"https:\/\/www.camara.leg.br\/\">C\u00e2mara dos Deputados <\/a>em apreciar o <a href=\"https:\/\/www.camara.leg.br\/proposicoesWeb\/fichadetramitacao?idProposicao=2487436\">PL 1.087\/2025<\/a>, encaminhado pelo governo<\/strong>.<\/p>\n<p>O senador Eduardo Braga destacou o impacto social da medida.<\/p>\n<p>\u201cTalvez assim a gente consiga fazer avan\u00e7ar uma lei que beneficia milh\u00f5es de brasileiros. No meu estado, por exemplo, o Amazonas, mais de 1 milh\u00e3o de trabalhadores ser\u00e3o contemplados, j\u00e1 que n\u00e3o recebem mais do que R$ 5 mil por m\u00eas. Isso significa que essas pessoas ter\u00e3o direito a um 14\u00ba sal\u00e1rio. Essa \u00e9 a grande diferen\u00e7a entre aprovar ou n\u00e3o esse benef\u00edcio.\u201d<\/p>\n<h2>O que dizem os dois projetos<\/h2>\n<p>O <strong>PL 1.952\/2019<\/strong>, de Braga, <strong>altera a tabela progressiva do IR, estabelece tributa\u00e7\u00e3o sobre lucros e dividendos, inclusive no Simples Nacional, e reduz a al\u00edquota do Imposto de Renda da Pessoa Jur\u00eddica<\/strong>. J\u00e1 o <strong>PL 1.087\/2025, do governo<\/strong>, foca na <strong>isen\u00e7\u00e3o de quem recebe at\u00e9 R$ 5 mil mensais<\/strong> e prev\u00ea descontos progressivos para sal\u00e1rios at\u00e9 R$ 7.350. Al\u00e9m disso, <strong>cria al\u00edquotas mais elevadas para rendimentos acima de R$ 1,2 milh\u00e3o ao ano <\/strong>e refor\u00e7a a tributa\u00e7\u00e3o de dividendos enviados ao exterior.<\/p>\n<p>Ambos os textos buscam maior justi\u00e7a fiscal: <strong>aliviar a carga sobre trabalhadores de baixa e m\u00e9dia renda e aumentar a contribui\u00e7\u00e3o de quem ganha mais.<\/strong><\/p>\n<p>O <strong>advogado tributarista Guilherme Di Ferrero lembra <\/strong>que o debate sobre atualiza\u00e7\u00e3o da tabela \u00e9 antigo. \u201cExiste uma grande necessidade de atualiza\u00e7\u00e3o, pois a \u00faltima mudan\u00e7a significativa foi em 2015. Hoje, considerar que a tributa\u00e7\u00e3o j\u00e1 comece a partir de dois sal\u00e1rios m\u00ednimos \u00e9 muito baixo. O ideal seria isentar, no m\u00ednimo, at\u00e9 R$ 5 mil. Mas como a maior arrecada\u00e7\u00e3o do governo vem dessa faixa, sempre h\u00e1 resist\u00eancia pol\u00edtica.\u201d<\/p>\n<p>Ele ressalta ainda que a <strong>demora na tramita\u00e7\u00e3o dos dois projetos gera inseguran\u00e7a para os contribuintes<\/strong>. \u201cForam feitas v\u00e1rias promessas por governos e parlamentares de que a faixa de isen\u00e7\u00e3o seria ampliada. No entanto, tanto o texto apresentado pelo Executivo quanto o que foi reacendido pelo Senado ainda n\u00e3o chegaram \u00e0 fase final de vota\u00e7\u00e3o. Isso significa que dificilmente haver\u00e1 tempo h\u00e1bil para que as mudan\u00e7as passem a valer j\u00e1 no pr\u00f3ximo ano.\u201d<\/p>\n<p>Para especialistas, a movimenta\u00e7\u00e3o do Senado coloca press\u00e3o sobre a C\u00e2mara dos Deputados, que ainda n\u00e3o levou o projeto do governo a Plen\u00e1rio. Uma pesquisa feita no fim de 2024 pela <a href=\"https:\/\/quaest.com.br\/wp-content\/uploads\/2024\/12\/GENIALQUAESTDEZ24.pdf\">Genial\/Quaest<\/a> mostrou que 75% da popula\u00e7\u00e3o aprova a isen\u00e7\u00e3o do Imposto de Renda para quem ganha at\u00e9 R$ 5 mil mensais.<\/p>\n<p><u><strong>VEJA MAIS:<\/strong><\/u><\/p>\n<ul>\n<li><a href=\"https:\/\/brasil61.com\/n\/imposto-de-renda-entenda-proposta-enviada-ao-congresso-nacional-bras2513665\">Imposto de Renda: entenda proposta enviada ao Congresso Nacional<\/a><\/li>\n<\/ul>\n<p>\t\t\t\t\t\t\t\t\t<img loading=\"lazy\" decoding=\"async\" src=\"https:\/\/brasil61.com\/api\/v1\/serve_pixel\/17677\/84748\" alt=\"Pixel Brasil 61\" class=\"b61_pixel\" width=\"0\" height=\"0\"><\/p>\n<input type=\"hidden\" id=\"baseurl\" value=\"https:\/\/noticiasdestaque.com.br\"><input type=\"hidden\" id=\"audio_nonce\" value=\"6a24ca502e\">","protected":false},"excerpt":{"rendered":"<p>CAE deve votar nesta ter\u00e7a-feira (23) proposta de 2019 que amplia faixa de isen\u00e7\u00e3o, em meio \u00e0 demora da C\u00e2mara em avan\u00e7ar com o texto do governo<\/p>\n","protected":false},"author":1,"featured_media":46127,"comment_status":"open","ping_status":"open","sticky":false,"template":"","format":"standard","meta":{"fifu_image_url":"","fifu_image_alt":"","footnotes":""},"categories":[59],"tags":[],"class_list":["post-46126","post","type-post","status-publish","format-standard","has-post-thumbnail","hentry","category-economia"],"distributor_meta":false,"distributor_terms":false,"distributor_media":false,"distributor_original_site_name":"Noticias em Destaque","distributor_original_site_url":"https:\/\/noticiasdestaque.com.br","push-errors":false,"_links":{"self":[{"href":"https:\/\/noticiasdestaque.com.br\/index.php\/wp-json\/wp\/v2\/posts\/46126","targetHints":{"allow":["GET"]}}],"collection":[{"href":"https:\/\/noticiasdestaque.com.br\/index.php\/wp-json\/wp\/v2\/posts"}],"about":[{"href":"https:\/\/noticiasdestaque.com.br\/index.php\/wp-json\/wp\/v2\/types\/post"}],"author":[{"embeddable":true,"href":"https:\/\/noticiasdestaque.com.br\/index.php\/wp-json\/wp\/v2\/users\/1"}],"replies":[{"embeddable":true,"href":"https:\/\/noticiasdestaque.com.br\/index.php\/wp-json\/wp\/v2\/comments?post=46126"}],"version-history":[{"count":0,"href":"https:\/\/noticiasdestaque.com.br\/index.php\/wp-json\/wp\/v2\/posts\/46126\/revisions"}],"wp:featuredmedia":[{"embeddable":true,"href":"https:\/\/noticiasdestaque.com.br\/index.php\/wp-json\/wp\/v2\/media\/46127"}],"wp:attachment":[{"href":"https:\/\/noticiasdestaque.com.br\/index.php\/wp-json\/wp\/v2\/media?parent=46126"}],"wp:term":[{"taxonomy":"category","embeddable":true,"href":"https:\/\/noticiasdestaque.com.br\/index.php\/wp-json\/wp\/v2\/categories?post=46126"},{"taxonomy":"post_tag","embeddable":true,"href":"https:\/\/noticiasdestaque.com.br\/index.php\/wp-json\/wp\/v2\/tags?post=46126"}],"curies":[{"name":"wp","href":"https:\/\/api.w.org\/{rel}","templated":true}]}}