{"id":46118,"date":"2025-09-22T19:20:00","date_gmt":"2025-09-22T22:20:00","guid":{"rendered":"https:\/\/noticiasdestaque.com.br\/index.php\/2025\/09\/22\/previsao-do-tempo-terca-feira-23-de-sol-e-chuva-na-regiao-sul\/"},"modified":"2025-09-22T19:20:00","modified_gmt":"2025-09-22T22:20:00","slug":"previsao-do-tempo-terca-feira-23-de-sol-e-chuva-na-regiao-sul","status":"publish","type":"post","link":"https:\/\/noticiasdestaque.com.br\/index.php\/2025\/09\/22\/previsao-do-tempo-terca-feira-23-de-sol-e-chuva-na-regiao-sul\/","title":{"rendered":"PREVIS\u00c3O DO TEMPO: ter\u00e7a-feira (23) de sol e chuva na Regi\u00e3o Sul"},"content":{"rendered":"<p>\t\t\t\t\t\t\t\t\t\t<audio controls class=\"b61_audio_player\" data-noticia=\"84760\" src=\"https:\/\/brasil61.com\/rails\/active_storage\/blobs\/eyJfcmFpbHMiOnsibWVzc2FnZSI6IkJBaHBBeUdlQXc9PSIsImV4cCI6bnVsbCwicHVyIjoiYmxvYl9pZCJ9fQ==--e1bc45fac741e98f66d377ed36ae69ab9be6766a\/PTRS254074A\"><\/audio><\/p>\n<p style=\"text-align: justify\">A<strong> previs\u00e3o do tempo<\/strong> para esta ter\u00e7a-feira (23) indica varia\u00e7\u00f5es na <strong>Regi\u00e3o Sul<\/strong>.\u00a0<\/p>\n<p style=\"text-align: justify\">No <strong>Paran\u00e1<\/strong>, a manh\u00e3 ter\u00e1 alerta de tempestade e queda de temperatura, mas o dia segue claro, com sol.<\/p>\n<p style=\"text-align: justify\">Em <strong>Santa Catarina<\/strong>, o dia come\u00e7a com nevoeiro. H\u00e1 alerta de tempestade para as regi\u00f5es Norte e Sul do estado, e aviso de decl\u00ednio de temperatura para Oeste, Norte, Sul, Vale do Itaja\u00ed e Grande Florian\u00f3polis. Apesar disso, o restante do dia ser\u00e1 claro e ensolarado.<\/p>\n<p style=\"text-align: justify\">No <strong>Rio Grande do Sul<\/strong>, a manh\u00e3 tamb\u00e9m ter\u00e1 nevoeiro, mas o dia ser\u00e1 claro e com sol. \u00c0 noite, o c\u00e9u ter\u00e1 poucas nuvens.<\/p>\n<p style=\"text-align: justify\">Entre as capitais, a temperatura m\u00ednima prevista ser\u00e1 de 8\u00b0C, em Curitiba. J\u00e1 a m\u00e1xima ser\u00e1 de 22\u00b0C, em Porto Alegre. A umidade relativa do ar varia entre \u00a030% e 90%.\u00a0<\/p>\n<p style=\"text-align: justify\">As informa\u00e7\u00f5es s\u00e3o do <strong>Instituto Nacional de Meteorologia<\/strong> (<a href=\"https:\/\/portal.inmet.gov.br\/\" target=\"_blank\">Inmet<\/a>)<\/p>\n<p>\t\t\t\t\t\t\t\t\t<img loading=\"lazy\" decoding=\"async\" src=\"https:\/\/brasil61.com\/api\/v1\/serve_pixel\/17677\/84760\" alt=\"Pixel Brasil 61\" class=\"b61_pixel\" width=\"0\" height=\"0\"><\/p>\n<input type=\"hidden\" id=\"baseurl\" value=\"https:\/\/noticiasdestaque.com.br\"><input type=\"hidden\" id=\"audio_nonce\" value=\"6f73a554f1\">","protected":false},"excerpt":{"rendered":"<p>Entre as capitais, a temperatura m\u00ednima prevista ser\u00e1 de 8\u00b0C, em Curitiba. J\u00e1 a m\u00e1xima ser\u00e1 de 22\u00b0C, em Porto Alegre. A umidade relativa do ar varia entre  30% e 90%<\/p>\n","protected":false},"author":1,"featured_media":46119,"comment_status":"open","ping_status":"open","sticky":false,"template":"","format":"standard","meta":{"fifu_image_url":"","fifu_image_alt":"","footnotes":""},"categories":[58],"tags":[],"class_list":["post-46118","post","type-post","status-publish","format-standard","has-post-thumbnail","hentry","category-cotidiano"],"distributor_meta":false,"distributor_terms":false,"distributor_media":false,"distributor_original_site_name":"Noticias em Destaque","distributor_original_site_url":"https:\/\/noticiasdestaque.com.br","push-errors":false,"_links":{"self":[{"href":"https:\/\/noticiasdestaque.com.br\/index.php\/wp-json\/wp\/v2\/posts\/46118","targetHints":{"allow":["GET"]}}],"collection":[{"href":"https:\/\/noticiasdestaque.com.br\/index.php\/wp-json\/wp\/v2\/posts"}],"about":[{"href":"https:\/\/noticiasdestaque.com.br\/index.php\/wp-json\/wp\/v2\/types\/post"}],"author":[{"embeddable":true,"href":"https:\/\/noticiasdestaque.com.br\/index.php\/wp-json\/wp\/v2\/users\/1"}],"replies":[{"embeddable":true,"href":"https:\/\/noticiasdestaque.com.br\/index.php\/wp-json\/wp\/v2\/comments?post=46118"}],"version-history":[{"count":0,"href":"https:\/\/noticiasdestaque.com.br\/index.php\/wp-json\/wp\/v2\/posts\/46118\/revisions"}],"wp:featuredmedia":[{"embeddable":true,"href":"https:\/\/noticiasdestaque.com.br\/index.php\/wp-json\/wp\/v2\/media\/46119"}],"wp:attachment":[{"href":"https:\/\/noticiasdestaque.com.br\/index.php\/wp-json\/wp\/v2\/media?parent=46118"}],"wp:term":[{"taxonomy":"category","embeddable":true,"href":"https:\/\/noticiasdestaque.com.br\/index.php\/wp-json\/wp\/v2\/categories?post=46118"},{"taxonomy":"post_tag","embeddable":true,"href":"https:\/\/noticiasdestaque.com.br\/index.php\/wp-json\/wp\/v2\/tags?post=46118"}],"curies":[{"name":"wp","href":"https:\/\/api.w.org\/{rel}","templated":true}]}}