{"id":46114,"date":"2025-09-22T19:10:00","date_gmt":"2025-09-22T22:10:00","guid":{"rendered":"https:\/\/noticiasdestaque.com.br\/index.php\/2025\/09\/22\/previsao-do-tempo-terca-feira-23-de-instabilidade-regiao-sudeste\/"},"modified":"2025-09-22T19:10:00","modified_gmt":"2025-09-22T22:10:00","slug":"previsao-do-tempo-terca-feira-23-de-instabilidade-regiao-sudeste","status":"publish","type":"post","link":"https:\/\/noticiasdestaque.com.br\/index.php\/2025\/09\/22\/previsao-do-tempo-terca-feira-23-de-instabilidade-regiao-sudeste\/","title":{"rendered":"PREVIS\u00c3O DO TEMPO: ter\u00e7a-feira (23) de instabilidade Regi\u00e3o Sudeste"},"content":{"rendered":"<p>\t\t\t\t\t\t\t\t\t\t<audio controls class=\"b61_audio_player\" data-noticia=\"84756\" src=\"https:\/\/brasil61.com\/rails\/active_storage\/blobs\/eyJfcmFpbHMiOnsibWVzc2FnZSI6IkJBaHBBeVdlQXc9PSIsImV4cCI6bnVsbCwicHVyIjoiYmxvYl9pZCJ9fQ==--a13663eef5a2b038e35f164b3064c13633493a97\/PTSD254198A\"><\/audio><\/p>\n<p>\u00a0<\/p>\n<\/p>\n<p style=\"text-align: justify\">A <strong>previs\u00e3o do tempo<\/strong> para esta ter\u00e7a-feira (23) \u00e9 de instabilidade no <strong>Sudeste<\/strong>.\u00a0<\/p>\n<p style=\"text-align: justify\">H\u00e1 alerta de tempestade para Minas Gerais, S\u00e3o Paulo, Rio de Janeiro e para o Sul e Centro do Esp\u00edrito Santo, al\u00e9m de aviso de queda de temperatura em toda a regi\u00e3o.<\/p>\n<p style=\"text-align: justify\"><strong>Minas Gerais e Esp\u00edrito Santo<\/strong> ter\u00e3o muitas nuvens e chuvas isoladas ao longo do dia, com possibilidade de trovoadas \u00e0 noite.<\/p>\n<p style=\"text-align: justify\">No <strong>Rio de Janeiro<\/strong>, o dia ser\u00e1 de muitas nuvens, pancadas de chuva e trovoadas, com redu\u00e7\u00e3o das chuvas ao anoitecer.<\/p>\n<p style=\"text-align: justify\">Em <strong>S\u00e3o Paulo<\/strong>, o clima ser\u00e1 semelhante: muitas nuvens, pancadas de chuva e trovoadas durante o dia, diminuindo \u00e0 noite.<\/p>\n<p style=\"text-align: justify\">Entre as capitais, a temperatura m\u00ednima prevista ser\u00e1 de 14\u00b0C, em S\u00e3o Paulo. J\u00e1 a m\u00e1xima ser\u00e1 de 29\u00b0C, em Belo Horizonte. A umidade relativa do ar varia entre 35% e 100%.\u00a0<\/p>\n<p style=\"text-align: justify\">As informa\u00e7\u00f5es s\u00e3o do <strong>Instituto Nacional de Meteorologia<\/strong> (<a href=\"https:\/\/portal.inmet.gov.br\/\" target=\"_blank\">Inmet<\/a>)<br \/>\n\u00a0<\/p>\n<p>\t\t\t\t\t\t\t\t\t<img loading=\"lazy\" decoding=\"async\" src=\"https:\/\/brasil61.com\/api\/v1\/serve_pixel\/17677\/84756\" alt=\"Pixel Brasil 61\" class=\"b61_pixel\" width=\"0\" height=\"0\"><\/p>\n<input type=\"hidden\" id=\"baseurl\" value=\"https:\/\/noticiasdestaque.com.br\"><input type=\"hidden\" id=\"audio_nonce\" value=\"6f73a554f1\">","protected":false},"excerpt":{"rendered":"<p>Entre as capitais, a temperatura m\u00ednima prevista ser\u00e1 de 14\u00b0C, em S\u00e3o Paulo. J\u00e1 a m\u00e1xima ser\u00e1 de 29\u00b0C, tamb\u00e9m em Belo Horizonte. A umidade relativa do ar varia entre 35% e 100%<\/p>\n","protected":false},"author":1,"featured_media":46115,"comment_status":"open","ping_status":"open","sticky":false,"template":"","format":"standard","meta":{"fifu_image_url":"","fifu_image_alt":"","footnotes":""},"categories":[58],"tags":[],"class_list":["post-46114","post","type-post","status-publish","format-standard","has-post-thumbnail","hentry","category-cotidiano"],"distributor_meta":false,"distributor_terms":false,"distributor_media":false,"distributor_original_site_name":"Noticias em Destaque","distributor_original_site_url":"https:\/\/noticiasdestaque.com.br","push-errors":false,"_links":{"self":[{"href":"https:\/\/noticiasdestaque.com.br\/index.php\/wp-json\/wp\/v2\/posts\/46114","targetHints":{"allow":["GET"]}}],"collection":[{"href":"https:\/\/noticiasdestaque.com.br\/index.php\/wp-json\/wp\/v2\/posts"}],"about":[{"href":"https:\/\/noticiasdestaque.com.br\/index.php\/wp-json\/wp\/v2\/types\/post"}],"author":[{"embeddable":true,"href":"https:\/\/noticiasdestaque.com.br\/index.php\/wp-json\/wp\/v2\/users\/1"}],"replies":[{"embeddable":true,"href":"https:\/\/noticiasdestaque.com.br\/index.php\/wp-json\/wp\/v2\/comments?post=46114"}],"version-history":[{"count":0,"href":"https:\/\/noticiasdestaque.com.br\/index.php\/wp-json\/wp\/v2\/posts\/46114\/revisions"}],"wp:featuredmedia":[{"embeddable":true,"href":"https:\/\/noticiasdestaque.com.br\/index.php\/wp-json\/wp\/v2\/media\/46115"}],"wp:attachment":[{"href":"https:\/\/noticiasdestaque.com.br\/index.php\/wp-json\/wp\/v2\/media?parent=46114"}],"wp:term":[{"taxonomy":"category","embeddable":true,"href":"https:\/\/noticiasdestaque.com.br\/index.php\/wp-json\/wp\/v2\/categories?post=46114"},{"taxonomy":"post_tag","embeddable":true,"href":"https:\/\/noticiasdestaque.com.br\/index.php\/wp-json\/wp\/v2\/tags?post=46114"}],"curies":[{"name":"wp","href":"https:\/\/api.w.org\/{rel}","templated":true}]}}