{"id":46112,"date":"2025-09-22T19:10:00","date_gmt":"2025-09-22T22:10:00","guid":{"rendered":"https:\/\/noticiasdestaque.com.br\/index.php\/2025\/09\/22\/previsao-do-tempo-terca-feira-23-de-instabilidade-na-regiao-norte\/"},"modified":"2025-09-22T19:10:00","modified_gmt":"2025-09-22T22:10:00","slug":"previsao-do-tempo-terca-feira-23-de-instabilidade-na-regiao-norte","status":"publish","type":"post","link":"https:\/\/noticiasdestaque.com.br\/index.php\/2025\/09\/22\/previsao-do-tempo-terca-feira-23-de-instabilidade-na-regiao-norte\/","title":{"rendered":"PREVIS\u00c3O DO TEMPO: ter\u00e7a-feira (23) de instabilidade na Regi\u00e3o Norte"},"content":{"rendered":"<p>\t\t\t\t\t\t\t\t\t\t<audio controls class=\"b61_audio_player\" data-noticia=\"84755\" src=\"https:\/\/brasil61.com\/rails\/active_storage\/blobs\/eyJfcmFpbHMiOnsibWVzc2FnZSI6IkJBaHBBeVNlQXc9PSIsImV4cCI6bnVsbCwicHVyIjoiYmxvYl9pZCJ9fQ==--e0a7cd163ac06d00c5d8b99c4ea9ccb76c98300b\/PTRN254559A\"><\/audio><\/p>\n<p dir=\"ltr\">\n<p dir=\"ltr\">\n<p style=\"text-align: justify\">A <strong>previs\u00e3o do tempo<\/strong> para esta ter\u00e7a-feira (23) na<strong> Regi\u00e3o Norte<\/strong> indica sol e chuva ao longo do dia.\u00a0<\/p>\n<p style=\"text-align: justify\"><strong>Par\u00e1, Amap\u00e1, Amazonas e Roraima<\/strong> ter\u00e3o predom\u00ednio de sol, com algumas varia\u00e7\u00f5es de nuvens e temperaturas acima de 30 \u00b0C.<\/p>\n<p style=\"text-align: justify\">No <strong>Tocantins<\/strong>, a manh\u00e3 ser\u00e1 de muitas nuvens e pancadas de chuva isoladas. \u00c0 tarde, a chuva diminui, mas volta \u00e0 noite acompanhada de trovoadas isoladas.<\/p>\n<p style=\"text-align: justify\"><strong>Acre e Rond\u00f4nia<\/strong> ter\u00e3o um dia de muitas nuvens e chuvas isoladas. No per\u00edodo da noite, s\u00e3o esperadas pancadas de chuva com possibilidade de trovoadas.<\/p>\n<p style=\"text-align: justify\">Entre as capitais, a temperatura m\u00ednima prevista ser\u00e1 de 22\u00b0C, em Rio Branco. J\u00e1 a m\u00e1xima ser\u00e1 de 38\u00b0C, em Porto Velho. A umidade relativa do ar varia entre 30% e 100%.\u00a0<\/p>\n<p style=\"text-align: justify\">As informa\u00e7\u00f5es s\u00e3o do<strong> Instituto Nacional de Meteorologia<\/strong> (<a href=\"https:\/\/portal.inmet.gov.br\/\" target=\"_blank\">Inmet<\/a>).\u00a0<\/p>\n<p>\t\t\t\t\t\t\t\t\t<img loading=\"lazy\" decoding=\"async\" src=\"https:\/\/brasil61.com\/api\/v1\/serve_pixel\/17677\/84755\" alt=\"Pixel Brasil 61\" class=\"b61_pixel\" width=\"0\" height=\"0\"><\/p>\n<input type=\"hidden\" id=\"baseurl\" value=\"https:\/\/noticiasdestaque.com.br\"><input type=\"hidden\" id=\"audio_nonce\" value=\"6f73a554f1\">","protected":false},"excerpt":{"rendered":"<p>Entre as capitais, a temperatura m\u00ednima prevista ser\u00e1 de 22\u00b0C, em Rio Branco. J\u00e1 a m\u00e1xima ser\u00e1 de 38\u00b0C, em Porto Velho. A umidade relativa do ar varia entre 30% e 100%<\/p>\n","protected":false},"author":1,"featured_media":46113,"comment_status":"open","ping_status":"open","sticky":false,"template":"","format":"standard","meta":{"fifu_image_url":"","fifu_image_alt":"","footnotes":""},"categories":[58],"tags":[],"class_list":["post-46112","post","type-post","status-publish","format-standard","has-post-thumbnail","hentry","category-cotidiano"],"distributor_meta":false,"distributor_terms":false,"distributor_media":false,"distributor_original_site_name":"Noticias em Destaque","distributor_original_site_url":"https:\/\/noticiasdestaque.com.br","push-errors":false,"_links":{"self":[{"href":"https:\/\/noticiasdestaque.com.br\/index.php\/wp-json\/wp\/v2\/posts\/46112","targetHints":{"allow":["GET"]}}],"collection":[{"href":"https:\/\/noticiasdestaque.com.br\/index.php\/wp-json\/wp\/v2\/posts"}],"about":[{"href":"https:\/\/noticiasdestaque.com.br\/index.php\/wp-json\/wp\/v2\/types\/post"}],"author":[{"embeddable":true,"href":"https:\/\/noticiasdestaque.com.br\/index.php\/wp-json\/wp\/v2\/users\/1"}],"replies":[{"embeddable":true,"href":"https:\/\/noticiasdestaque.com.br\/index.php\/wp-json\/wp\/v2\/comments?post=46112"}],"version-history":[{"count":0,"href":"https:\/\/noticiasdestaque.com.br\/index.php\/wp-json\/wp\/v2\/posts\/46112\/revisions"}],"wp:featuredmedia":[{"embeddable":true,"href":"https:\/\/noticiasdestaque.com.br\/index.php\/wp-json\/wp\/v2\/media\/46113"}],"wp:attachment":[{"href":"https:\/\/noticiasdestaque.com.br\/index.php\/wp-json\/wp\/v2\/media?parent=46112"}],"wp:term":[{"taxonomy":"category","embeddable":true,"href":"https:\/\/noticiasdestaque.com.br\/index.php\/wp-json\/wp\/v2\/categories?post=46112"},{"taxonomy":"post_tag","embeddable":true,"href":"https:\/\/noticiasdestaque.com.br\/index.php\/wp-json\/wp\/v2\/tags?post=46112"}],"curies":[{"name":"wp","href":"https:\/\/api.w.org\/{rel}","templated":true}]}}