{"id":46106,"date":"2025-09-22T04:55:00","date_gmt":"2025-09-22T07:55:00","guid":{"rendered":"https:\/\/noticiasdestaque.com.br\/index.php\/2025\/09\/22\/brasil-aponta-para-cenario-fiscal-menos-otimista-com-deficit-crescente-em-2026\/"},"modified":"2025-09-22T04:55:00","modified_gmt":"2025-09-22T07:55:00","slug":"brasil-aponta-para-cenario-fiscal-menos-otimista-com-deficit-crescente-em-2026","status":"publish","type":"post","link":"https:\/\/noticiasdestaque.com.br\/index.php\/2025\/09\/22\/brasil-aponta-para-cenario-fiscal-menos-otimista-com-deficit-crescente-em-2026\/","title":{"rendered":"Brasil aponta para cen\u00e1rio fiscal \u201cmenos otimista\u201d com d\u00e9ficit crescente em 2026"},"content":{"rendered":"<p>\t\t\t\t\t\t\t\t\t\t<audio controls class=\"b61_audio_player\" data-noticia=\"84713\" src=\"https:\/\/brasil61.com\/rails\/active_storage\/blobs\/eyJfcmFpbHMiOnsibWVzc2FnZSI6IkJBaHBBNzZkQXc9PSIsImV4cCI6bnVsbCwicHVyIjoiYmxvYl9pZCJ9fQ==--a6b32c7003739e2e00ef6054abacc1cd746a6147\/CACB250064B\"><\/audio><\/p>\n<p>O Brasil <strong>caminha para 2026 com um quadro fiscal \u201cmenos otimista\u201d do que o projetado pelo governo federal.<\/strong> Segundo o <a href=\"https:\/\/www12.senado.leg.br\/noticias\/materias\/2025\/09\/18\/orcamento-ifi-projeta-cenario-menos-otimista-do-que-o-governo-para-2026\">Relat\u00f3rio de Acompanhamento Fiscal<\/a> da <a href=\"https:\/\/www12.senado.leg.br\/ifi\/relatorio-de-acompanhamento-fiscal\">Institui\u00e7\u00e3o Fiscal Independente (IFI) do Senado<\/a>, o <strong>cumprimento da meta poder\u00e1 exigir novas medidas de arrecada\u00e7\u00e3o, diante de um d\u00e9ficit persistente e da incerteza sobre as receitas p\u00fablicas.<\/strong><\/p>\n<p>Segundo a institui\u00e7\u00e3o, para atingir o centro da meta prevista no <a href=\"https:\/\/www.congressonacional.leg.br\/web\/orcamento\/acompanhe\/orcamento-anual\/-\/loa\/2026\">Projeto de Lei Or\u00e7ament\u00e1ria Anual de 2026 (PLN 15\/2025)<\/a>, enviado pela Presid\u00eancia da Rep\u00fablica, seria necess\u00e1rio um esfor\u00e7o fiscal extra de R$ 79,3 bilh\u00f5es, equivalente a 0,55% do PIB.<\/p>\n<p>A IFI projeta para o pr\u00f3ximo ano um crescimento de 1,7% no produto interno bruto (PIB) e infla\u00e7\u00e3o de 4,3%. J\u00e1 o PLOA apresenta estimativas com avan\u00e7o de 2,4% no PIB e infla\u00e7\u00e3o de 3,6%.<\/p>\n<p>O diretor da IFI, Alexandre Andrade, explica que os <strong>n\u00fameros oficiais do governo apresentam expectativas mais otimistas do que as observadas pela institui\u00e7\u00e3o<\/strong>. \u201cPelo lado das receitas, a IFI identificou desvios significativos em rela\u00e7\u00e3o a alguns agregados, como receitas previdenci\u00e1rias e outras n\u00e3o administradas, que dependem de par\u00e2metros macroecon\u00f4micos favor\u00e1veis. H\u00e1 ainda um montante consider\u00e1vel que depende da aprova\u00e7\u00e3o do Congresso.\u201d<\/p>\n<p>Andrade alerta <strong>que mudan\u00e7as nas proposi\u00e7\u00f5es parlamentares podem diluir a arrecada\u00e7\u00e3o prevista,<\/strong> exigindo novas fontes de receita.<\/p>\n<p>O relat\u00f3rio destaca ainda que <strong>o Brasil apresenta um dos maiores crescimentos da rela\u00e7\u00e3o d\u00edvida p\u00fablica\/PIB entre pa\u00edses emergentes e latino-americanos,<\/strong> e que altera\u00e7\u00f5es nas metas fiscais comprometem o papel do Estado como sinalizador da solidez fiscal.<\/p>\n<h2>D\u00e9ficit crescente e transpar\u00eancia em debate<\/h2>\n<p>O <strong>cen\u00e1rio tra\u00e7ado pela IFI encontra ecos nos n\u00fameros divulgados pela ferramenta<\/strong> <a href=\"https:\/\/gastobrasil.com.br\/\">Gasto Brasil<\/a> \u2014 criada este ano pela <strong>Confedera\u00e7\u00e3o das Associa\u00e7\u00f5es Comerciais e Empresariais do Brasil<\/strong> (<a href=\"https:\/\/cacb.org.br\/\">CACB<\/a>) <strong>e pela<\/strong> <a href=\"https:\/\/acsp.com.br\/\">Associa\u00e7\u00e3o Comercial de S\u00e3o Paulo<\/a> \u2014 que acompanha em tempo real os gastos do governo federal, estados e munic\u00edpios.<\/p>\n<p>Segundo o presidente da CACB, Alfredo Cotait, <strong>os dados do IFI refor\u00e7am a necessidade de maior crit\u00e9rio na gest\u00e3o do dinheiro p\u00fablico.<\/strong> \u201cO governo arrecada, mas gasta sem crit\u00e9rio. S\u00f3 neste ano, at\u00e9 setembro, o d\u00e9ficit operacional j\u00e1 chega perto de R$ 1 trilh\u00e3o acima da arrecada\u00e7\u00e3o. \u00c9 como numa casa: voc\u00ea s\u00f3 pode gastar aquilo que recebe. O Brasil est\u00e1 caminhando para uma situa\u00e7\u00e3o de insolv\u00eancia\u201d, critica.<\/p>\n<p>Cotait destaca que <strong>a maior parte dos recursos \u00e9 destinada a benef\u00edcios sociais e previdenci\u00e1rios, muitos de baixo valor individual, mas que, somados, pressionam o or\u00e7amento<\/strong>. Ele avalia que a transpar\u00eancia oferecida pelo Gasto Brasil \u00e9 um instrumento essencial para a sociedade acompanhar e cobrar a efici\u00eancia do Estado.<br \/>\nAt\u00e9 o fechamento da reportagem, o <a href=\"https:\/\/gastobrasil.com.br\/\">Gasto Brasil indicava um montante de mais de R$ 3,7 trilh\u00f5es de gastos dos tr\u00eas entes federativos em 2025.<\/a><\/p>\n<h2>Qualidade dos gastos preocupa especialistas<\/h2>\n<p>Para o economista Allan Gallo, professor da <a href=\"https:\/\/www.mackenzie.br\/\">Universidade Presbiteriana Mackenzie<\/a>, <strong>o problema n\u00e3o est\u00e1 apenas no tamanho dos gastos, mas na sua destina\u00e7\u00e3o<\/strong>.<\/p>\n<p>\u201cGastamos mais que a m\u00e9dia dos pa\u00edses emergentes, mas a qualidade do gasto \u00e9 inferior \u00e0 de pa\u00edses desenvolvidos. Mantemos a m\u00e1quina p\u00fablica em vez de direcionar recursos para investimentos produtivos, infraestrutura e melhoria do ambiente de neg\u00f3cios\u201d, afirma.<\/p>\n<p>Para Gallo, <strong>sem reformas estruturais \u2014 administrativa, tribut\u00e1ria e do pacto federativo \u2014 o Brasil seguir\u00e1 preso a um modelo de baixo crescimento, com elevada carga tribut\u00e1ria.<\/strong> \u201cReduzir a arrecada\u00e7\u00e3o ou simplificar impostos n\u00e3o basta; \u00e9 preciso cortar despesas obrigat\u00f3rias e reconfigurar o papel do Estado\u201d, acrescenta.<\/p>\n<h2>Transpar\u00eancia como ponto de partida<\/h2>\n<p>Apesar das diverg\u00eancias sobre solu\u00e7\u00f5es, Cotait e Gallo convergem sobre <strong>a import\u00e2ncia de a sociedade acompanhar de perto o gasto p\u00fablico<\/strong>. A transpar\u00eancia promovida pelo Gasto Brasil \u00e9 um primeiro passo, mas mudan\u00e7as profundas dependem de vontade pol\u00edtica e reformas estruturais.<\/p>\n<p>\u201cSem essas mudan\u00e7as, seguiremos presos a um modelo caro, ineficiente e insustent\u00e1vel. A transpar\u00eancia \u00e9 fundamental, mas sozinha n\u00e3o resolve\u201d, conclui Gallo.<\/p>\n<p>\t\t\t\t\t\t\t\t\t<img loading=\"lazy\" decoding=\"async\" src=\"https:\/\/brasil61.com\/api\/v1\/serve_pixel\/17677\/84713\" alt=\"Pixel Brasil 61\" class=\"b61_pixel\" width=\"0\" height=\"0\"><\/p>\n<input type=\"hidden\" id=\"baseurl\" value=\"https:\/\/noticiasdestaque.com.br\"><input type=\"hidden\" id=\"audio_nonce\" value=\"6f73a554f1\">","protected":false},"excerpt":{"rendered":"<p>Estimativa \u00e9 de relat\u00f3rio da Institui\u00e7\u00e3o Fiscal Independente (IFI) do Senado; para o presidente da CACB, os dados refor\u00e7am a necessidade de maior crit\u00e9rio na gest\u00e3o do dinheiro p\u00fablico: \u201cBrasil caminha para situa\u00e7\u00e3o de insolv\u00eancia\u201d<\/p>\n","protected":false},"author":1,"featured_media":46107,"comment_status":"open","ping_status":"open","sticky":false,"template":"","format":"standard","meta":{"fifu_image_url":"","fifu_image_alt":"","footnotes":""},"categories":[59],"tags":[],"class_list":["post-46106","post","type-post","status-publish","format-standard","has-post-thumbnail","hentry","category-economia"],"distributor_meta":false,"distributor_terms":false,"distributor_media":false,"distributor_original_site_name":"Noticias em Destaque","distributor_original_site_url":"https:\/\/noticiasdestaque.com.br","push-errors":false,"_links":{"self":[{"href":"https:\/\/noticiasdestaque.com.br\/index.php\/wp-json\/wp\/v2\/posts\/46106","targetHints":{"allow":["GET"]}}],"collection":[{"href":"https:\/\/noticiasdestaque.com.br\/index.php\/wp-json\/wp\/v2\/posts"}],"about":[{"href":"https:\/\/noticiasdestaque.com.br\/index.php\/wp-json\/wp\/v2\/types\/post"}],"author":[{"embeddable":true,"href":"https:\/\/noticiasdestaque.com.br\/index.php\/wp-json\/wp\/v2\/users\/1"}],"replies":[{"embeddable":true,"href":"https:\/\/noticiasdestaque.com.br\/index.php\/wp-json\/wp\/v2\/comments?post=46106"}],"version-history":[{"count":0,"href":"https:\/\/noticiasdestaque.com.br\/index.php\/wp-json\/wp\/v2\/posts\/46106\/revisions"}],"wp:featuredmedia":[{"embeddable":true,"href":"https:\/\/noticiasdestaque.com.br\/index.php\/wp-json\/wp\/v2\/media\/46107"}],"wp:attachment":[{"href":"https:\/\/noticiasdestaque.com.br\/index.php\/wp-json\/wp\/v2\/media?parent=46106"}],"wp:term":[{"taxonomy":"category","embeddable":true,"href":"https:\/\/noticiasdestaque.com.br\/index.php\/wp-json\/wp\/v2\/categories?post=46106"},{"taxonomy":"post_tag","embeddable":true,"href":"https:\/\/noticiasdestaque.com.br\/index.php\/wp-json\/wp\/v2\/tags?post=46106"}],"curies":[{"name":"wp","href":"https:\/\/api.w.org\/{rel}","templated":true}]}}