{"id":46090,"date":"2025-09-21T04:55:00","date_gmt":"2025-09-21T07:55:00","guid":{"rendered":"https:\/\/noticiasdestaque.com.br\/index.php\/2025\/09\/21\/consumo-interno-chega-a-quase-1-milhao-de-toneladas-no-semestre\/"},"modified":"2025-09-21T04:55:00","modified_gmt":"2025-09-21T07:55:00","slug":"consumo-interno-chega-a-quase-1-milhao-de-toneladas-no-semestre","status":"publish","type":"post","link":"https:\/\/noticiasdestaque.com.br\/index.php\/2025\/09\/21\/consumo-interno-chega-a-quase-1-milhao-de-toneladas-no-semestre\/","title":{"rendered":"Consumo interno chega a quase 1 milh\u00e3o de toneladas no semestre"},"content":{"rendered":"<p>A <strong>Associa\u00e7\u00e3o Brasileira do Alum\u00ednio (ABAL)<\/strong> divulgou que o <strong>mercado interno consumiu 947 mil toneladas de alum\u00ednio no primeiro semestre de 2025, um crescimento de 4,6% em rela\u00e7\u00e3o ao mesmo per\u00edodo do ano anterior<\/strong>. No comparativo com o 2\u00ba semestre de 2024, observa-se recuo de cerca de 3% no volume consumido. <strong>As exporta\u00e7\u00f5es de produtos transformados tamb\u00e9m recuaram 11% se comparado ao 1\u00ba semestre de 2024<\/strong>. \u201cOs n\u00fameros confirmam a resili\u00eancia da ind\u00fastria brasileira do alum\u00ednio, mesmo em um cen\u00e1rio global marcado por desafios como o tarifa\u00e7o e a desacelera\u00e7\u00e3o da economia mundial. Ainda assim, \u00e9 importante destacar que j\u00e1 observamos sinais de arrefecimento na demanda, o que refor\u00e7a a necessidade de mantermos aten\u00e7\u00e3o redobrada ao contexto internacional e \u00e0s pol\u00edticas comerciais que impactam diretamente nossa competitividade\u201d, avalia Jana\u00edna Donas, presidente-executiva da <strong>ABAL<\/strong>.<\/p>\n<p>O levantamento apontou, ainda, que praticamente todos os produtos transformados de alum\u00ednio registraram incremento no consumo, com destaque para cabos, fundidos e chapas. J\u00e1 os segmentos consumidores que mais contribu\u00edram com a alta foram eletricidade e embalagens. O <strong>segmento de eletricidade foi 18% superior e consumo de 128,9 mil toneladas<\/strong>, impulsionado pelo significativo aumento da demanda por cabos el\u00e9tricos para transmiss\u00e3o e distribui\u00e7\u00e3o de energia, devido \u00e0 antecipa\u00e7\u00e3o dos consumidores de parte do cronograma de compras, deslocando a demanda futura para o per\u00edodo mais recente. O alum\u00ednio se destaca como material preferido para fios e cabos el\u00e9tricos gra\u00e7as \u00e0 sua alta condutividade e menor peso em compara\u00e7\u00e3o a outros metais, como o cobre.<\/p>\n<p>O <strong>segmento de embalagens representou 33% do volume total, alta de 7% e consumo de 308,8 mil toneladas em laminados de alum\u00ednio<\/strong>. O desempenho do setor refletiu a mudan\u00e7a do comportamento do consumidor em refei\u00e7\u00f5es dentro de casa, em detrimento da alimenta\u00e7\u00e3o fora do domic\u00edlio, devido ao clima atipicamente frio nas principais regi\u00f5es metropolitanas do pa\u00eds, al\u00e9m da melhora no n\u00edvel de emprego e renda dos trabalhadores. J\u00e1 o <strong>setor de transportes registrou aumento de 2,4%<\/strong> impulsionado pelas vendas de implementos para caminh\u00f5es de menor valor agregado, bem como a produ\u00e7\u00e3o de \u00f4nibus e ve\u00edculos leves, enquanto a <strong>constru\u00e7\u00e3o civil consumiu 169,2 mil toneladas<\/strong>, e o segmento registrou estabilidade em rela\u00e7\u00e3o ao mesmo per\u00edodo de 2024, refletindo a modera\u00e7\u00e3o do crescimento no mercado imobili\u00e1rio. M\u00e1quinas e equipamentos manteve desempenho consistente, com crescimento de 0,6% do consumo de alum\u00ednio, em linha com a expans\u00e3o da produ\u00e7\u00e3o do setor, enquanto o consumo no <strong>segmento de Bens de Consumo caiu 1,1%,<\/strong> devido \u00e0 piora na confian\u00e7a dos consumidores e do clima mais frio que fez reduzir a aquisi\u00e7\u00e3o de ar condicionado.<\/p>\n<p>\t\t\t\t\t\t\t\t\t<img loading=\"lazy\" decoding=\"async\" src=\"https:\/\/brasil61.com\/api\/v1\/serve_pixel\/17677\/84740\" alt=\"Pixel Brasil 61\" class=\"b61_pixel\" width=\"0\" height=\"0\"><\/p>\n<input type=\"hidden\" id=\"baseurl\" value=\"https:\/\/noticiasdestaque.com.br\"><input type=\"hidden\" id=\"audio_nonce\" value=\"6f73a554f1\">","protected":false},"excerpt":{"rendered":"<p>O consumo interno de alum\u00ednio no Brasil cresceu 4,6% no primeiro semestre de 2025, impulsionado pelos setores de eletricidade e embalagens, apesar da desacelera\u00e7\u00e3o da economia global e recuo nas exporta\u00e7\u00f5es.<\/p>\n","protected":false},"author":1,"featured_media":46091,"comment_status":"open","ping_status":"open","sticky":false,"template":"","format":"standard","meta":{"fifu_image_url":"","fifu_image_alt":"","footnotes":""},"categories":[59],"tags":[],"class_list":["post-46090","post","type-post","status-publish","format-standard","has-post-thumbnail","hentry","category-economia"],"distributor_meta":false,"distributor_terms":false,"distributor_media":false,"distributor_original_site_name":"Noticias em Destaque","distributor_original_site_url":"https:\/\/noticiasdestaque.com.br","push-errors":false,"_links":{"self":[{"href":"https:\/\/noticiasdestaque.com.br\/index.php\/wp-json\/wp\/v2\/posts\/46090","targetHints":{"allow":["GET"]}}],"collection":[{"href":"https:\/\/noticiasdestaque.com.br\/index.php\/wp-json\/wp\/v2\/posts"}],"about":[{"href":"https:\/\/noticiasdestaque.com.br\/index.php\/wp-json\/wp\/v2\/types\/post"}],"author":[{"embeddable":true,"href":"https:\/\/noticiasdestaque.com.br\/index.php\/wp-json\/wp\/v2\/users\/1"}],"replies":[{"embeddable":true,"href":"https:\/\/noticiasdestaque.com.br\/index.php\/wp-json\/wp\/v2\/comments?post=46090"}],"version-history":[{"count":0,"href":"https:\/\/noticiasdestaque.com.br\/index.php\/wp-json\/wp\/v2\/posts\/46090\/revisions"}],"wp:featuredmedia":[{"embeddable":true,"href":"https:\/\/noticiasdestaque.com.br\/index.php\/wp-json\/wp\/v2\/media\/46091"}],"wp:attachment":[{"href":"https:\/\/noticiasdestaque.com.br\/index.php\/wp-json\/wp\/v2\/media?parent=46090"}],"wp:term":[{"taxonomy":"category","embeddable":true,"href":"https:\/\/noticiasdestaque.com.br\/index.php\/wp-json\/wp\/v2\/categories?post=46090"},{"taxonomy":"post_tag","embeddable":true,"href":"https:\/\/noticiasdestaque.com.br\/index.php\/wp-json\/wp\/v2\/tags?post=46090"}],"curies":[{"name":"wp","href":"https:\/\/api.w.org\/{rel}","templated":true}]}}