{"id":46074,"date":"2025-09-20T18:00:00","date_gmt":"2025-09-20T21:00:00","guid":{"rendered":"https:\/\/noticiasdestaque.com.br\/index.php\/2025\/09\/20\/previsao-do-tempo-chuvas-no-litoral-nordestino-neste-domingo-21\/"},"modified":"2025-09-20T18:00:00","modified_gmt":"2025-09-20T21:00:00","slug":"previsao-do-tempo-chuvas-no-litoral-nordestino-neste-domingo-21","status":"publish","type":"post","link":"https:\/\/noticiasdestaque.com.br\/index.php\/2025\/09\/20\/previsao-do-tempo-chuvas-no-litoral-nordestino-neste-domingo-21\/","title":{"rendered":"PREVIS\u00c3O DO TEMPO: chuvas no litoral nordestino neste domingo (21)"},"content":{"rendered":"<p>\t\t\t\t\t\t\t\t\t\t<audio controls class=\"b61_audio_player\" data-noticia=\"84730\" src=\"https:\/\/brasil61.com\/rails\/active_storage\/blobs\/eyJfcmFpbHMiOnsibWVzc2FnZSI6IkJBaHBBNk9kQXc9PSIsImV4cCI6bnVsbCwicHVyIjoiYmxvYl9pZCJ9fQ==--577c066459c8931ae90cf531d039c57638087f57\/PTND254806A\"><\/audio><\/p>\n<p>A previs\u00e3o para este <strong>domingo (21)<\/strong> \u00e9 de muitas nuvens no interior nordestino. Na\u00a0<strong>Bahia, essa condi\u00e7\u00e3o atinge<\/strong>\u00a0desde o centro-sul baiano at\u00e9 a regi\u00e3o do vale s\u00e3o-franciscano, como nos munic\u00edpios de Presidente J\u00e2nio Quadros, Len\u00e7\u00f3is e Juazeiro.<\/p>\n<p>Previs\u00e3o de muitas nuvens tamb\u00e9m para o centro ao sul do <strong>Maranh\u00e3o<\/strong>, <strong>Piau\u00ed<\/strong> e do <strong>Cear\u00e1, e para a<\/strong>\u00a0maior parte das \u00e1reas dos estados do <strong>Rio Grande do Norte, Para\u00edba e Pernambuco<\/strong>, exceto no litoral.\u00a0<\/p>\n<p>J\u00e1 na costa e em regi\u00f5es pr\u00f3ximas, a estimativa \u00e9 de muitas nuvens com possibilidade de chuvas isoladas, atingindo toda extens\u00e3o desde Nova Vi\u00e7osa, na <strong>Bahia<\/strong>, at\u00e9 o <strong>Rio Grande do Norte<\/strong>, na capital Natal. O mesmo acontece no litoral e proximidades do <strong>Cear\u00e1, Piau\u00ed e Maranh\u00e3o<\/strong>, incidindo na capital S\u00e3o Lu\u00eds.\u00a0<\/p>\n<p>Entretanto, as \u00e1reas desde Ilh\u00e9us, Salvador, Aracaju, Macei\u00f3, Recife e at\u00e9 Goiana, no <strong>Pernambuco<\/strong>, t\u00eam maior probabilidade de pancadas de chuva ao amanhecer.\u00a0\u00a0<\/p>\n<p>Entre as capitais, a temperatura m\u00ednima prevista \u00e9 de <strong>22\u00b0C em Macei\u00f3 e Jo\u00e3o Pessoa<\/strong>, e de\u00a0<strong>21\u00b0C em Salvador<\/strong>. A m\u00e1xima deve chegar a <strong>39\u00b0C, em Teresina<\/strong>. A umidade relativa do ar varia entre <strong>20% e 100%<\/strong>.<\/p>\n<h2>5 Motivos para saber das previs\u00f5es do tempo\u00a0\u00a0<\/h2>\n<ul>\n<li>Agricultura: garantia de uma boa colheita;<\/li>\n<li>Marinha: prote\u00e7\u00e3o dos marinheiros, dos navios e dos passageiros;<\/li>\n<li>Aeron\u00e1utica: prote\u00e7\u00e3o e seguran\u00e7a dos pilotos, das aeronaves e dos passageiros;<\/li>\n<li>Pesca: condi\u00e7\u00f5es favor\u00e1veis e seguras \u00e0 pesca; e<\/li>\n<li>Turismo: garantia de um passeio e de uma viagem feliz e tranquila.<\/li>\n<\/ul>\n<h2>Import\u00e2ncia das observa\u00e7\u00f5es meteorol\u00f3gicas no INMET<\/h2>\n<p>As observa\u00e7\u00f5es meteorol\u00f3gicas do INMET s\u00e3o essenciais para previs\u00f5es em tempo real, estat\u00edsticas clim\u00e1ticas e coopera\u00e7\u00e3o internacional. Esses dados precisos ajudam a estudar o clima passado e a produzir Normais Climatol\u00f3gicas conforme a Organiza\u00e7\u00e3o Meteorol\u00f3gica Mundial (OMM).<\/p>\n<p>As informa\u00e7\u00f5es s\u00e3o do Instituto Nacional de Meteorologia (Inmet).<\/p>\n<p>\u00a0<\/p>\n<p>\t\t\t\t\t\t\t\t\t<img loading=\"lazy\" decoding=\"async\" src=\"https:\/\/brasil61.com\/api\/v1\/serve_pixel\/17677\/84730\" alt=\"Pixel Brasil 61\" class=\"b61_pixel\" width=\"0\" height=\"0\"><\/p>\n<input type=\"hidden\" id=\"baseurl\" value=\"https:\/\/noticiasdestaque.com.br\"><input type=\"hidden\" id=\"audio_nonce\" value=\"6f73a554f1\">","protected":false},"excerpt":{"rendered":"<p>Entre as capitais, a temperatura m\u00ednima prevista \u00e9 de 22\u00b0C em Macei\u00f3 e Jo\u00e3o Pessoa, e 21\u00b0C em Salvador. A m\u00e1xima deve chegar a 39\u00b0C, em Teresina. A umidade relativa do ar varia entre 20% e 100%.<\/p>\n","protected":false},"author":1,"featured_media":46075,"comment_status":"open","ping_status":"open","sticky":false,"template":"","format":"standard","meta":{"fifu_image_url":"","fifu_image_alt":"","footnotes":""},"categories":[58],"tags":[],"class_list":["post-46074","post","type-post","status-publish","format-standard","has-post-thumbnail","hentry","category-cotidiano"],"distributor_meta":false,"distributor_terms":false,"distributor_media":false,"distributor_original_site_name":"Noticias em Destaque","distributor_original_site_url":"https:\/\/noticiasdestaque.com.br","push-errors":false,"_links":{"self":[{"href":"https:\/\/noticiasdestaque.com.br\/index.php\/wp-json\/wp\/v2\/posts\/46074","targetHints":{"allow":["GET"]}}],"collection":[{"href":"https:\/\/noticiasdestaque.com.br\/index.php\/wp-json\/wp\/v2\/posts"}],"about":[{"href":"https:\/\/noticiasdestaque.com.br\/index.php\/wp-json\/wp\/v2\/types\/post"}],"author":[{"embeddable":true,"href":"https:\/\/noticiasdestaque.com.br\/index.php\/wp-json\/wp\/v2\/users\/1"}],"replies":[{"embeddable":true,"href":"https:\/\/noticiasdestaque.com.br\/index.php\/wp-json\/wp\/v2\/comments?post=46074"}],"version-history":[{"count":0,"href":"https:\/\/noticiasdestaque.com.br\/index.php\/wp-json\/wp\/v2\/posts\/46074\/revisions"}],"wp:featuredmedia":[{"embeddable":true,"href":"https:\/\/noticiasdestaque.com.br\/index.php\/wp-json\/wp\/v2\/media\/46075"}],"wp:attachment":[{"href":"https:\/\/noticiasdestaque.com.br\/index.php\/wp-json\/wp\/v2\/media?parent=46074"}],"wp:term":[{"taxonomy":"category","embeddable":true,"href":"https:\/\/noticiasdestaque.com.br\/index.php\/wp-json\/wp\/v2\/categories?post=46074"},{"taxonomy":"post_tag","embeddable":true,"href":"https:\/\/noticiasdestaque.com.br\/index.php\/wp-json\/wp\/v2\/tags?post=46074"}],"curies":[{"name":"wp","href":"https:\/\/api.w.org\/{rel}","templated":true}]}}