{"id":46061,"date":"2025-09-19T19:10:00","date_gmt":"2025-09-19T22:10:00","guid":{"rendered":"https:\/\/noticiasdestaque.com.br\/index.php\/2025\/09\/19\/previsao-do-tempo-chuvas-isoladas-no-sul-nesta-sexta-feira-19\/"},"modified":"2025-09-19T19:10:00","modified_gmt":"2025-09-19T22:10:00","slug":"previsao-do-tempo-chuvas-isoladas-no-sul-nesta-sexta-feira-19","status":"publish","type":"post","link":"https:\/\/noticiasdestaque.com.br\/index.php\/2025\/09\/19\/previsao-do-tempo-chuvas-isoladas-no-sul-nesta-sexta-feira-19\/","title":{"rendered":"PREVIS\u00c3O DO TEMPO: chuvas isoladas no Sul nesta sexta-feira (19)"},"content":{"rendered":"<p>\t\t\t\t\t\t\t\t\t\t<audio controls class=\"b61_audio_player\" data-noticia=\"84686\" src=\"https:\/\/brasil61.com\/rails\/active_storage\/blobs\/eyJfcmFpbHMiOnsibWVzc2FnZSI6IkJBaHBBK1NjQXc9PSIsImV4cCI6bnVsbCwicHVyIjoiYmxvYl9pZCJ9fQ==--678441faf2dc77f0a0f501893ad7ad618c1122a5\/PTRS254070A\"><\/audio><\/p>\n<p>A <strong>previs\u00e3o do tempo <\/strong>para esta sexta-feira (19)\u00a0\u00e9 de <strong>manh\u00e3 com chuvas isoladas no oeste de Santa Catarina e em partes do noroeste e sudoeste rio-grandense. <\/strong>Essas chuvas devem atingir os\u00a0munic\u00edpios de <strong>Erechim, Iju\u00ed e Uruguaiana<\/strong>.<\/p>\n<p>No restante da regi\u00e3o Sul, <strong>a manh\u00e3 \u00e9 de muitas nuvens<\/strong>.<\/p>\n<p>Durante a tarde, as <strong>chuvas isoladas avan\u00e7am e cobrem todo o territ\u00f3rio dos estados da regi\u00e3o<\/strong>.<\/p>\n<p>\u00c0 noite, as chuvas cessam e h\u00e1 muitas nuvens no Rio Grande do Sul e em Santa Catarina, enquanto no Paran\u00e1 segue com poucas nuvens.<\/p>\n<p>De acordo com os avisos meteorol\u00f3gicos do <a href=\"https:\/\/portal.inmet.gov.br\/\"><strong>Instituto Nacional de Meteorologia (Inmet)<\/strong><\/a>, h\u00e1 <strong>um perigo potencial de chuvas intensas no Rio Grande do Sul. Essa condi\u00e7\u00e3o est\u00e1 prevista para atingir munic\u00edpios como Bag\u00e9, Santa Maria e Tr\u00eas Passos<\/strong>.<\/p>\n<p>Entre as capitais, a temperatura m\u00ednima prevista \u00e9 de 12\u00b0C, em Curitiba. A m\u00e1xima deve chegar a 24\u00baC, em Florian\u00f3polis, e a 28\u00b0C, em Porto Alegre. A umidade relativa do ar varia entre 20% e 95%.<\/p>\n<h2>5 Motivos para saber das previs\u00f5es do tempo\u00a0\u00a0<\/h2>\n<ul>\n<li>Agricultura: garantia de uma boa colheita;<\/li>\n<li>Marinha: prote\u00e7\u00e3o dos marinheiros, dos navios e dos passageiros;<\/li>\n<li>Aeron\u00e1utica: prote\u00e7\u00e3o e seguran\u00e7a dos pilotos, das aeronaves e dos passageiros;<\/li>\n<li>Pesca: condi\u00e7\u00f5es favor\u00e1veis e seguras \u00e0 pesca; e<\/li>\n<li>Turismo: garantia de um passeio e de uma viagem feliz e tranquila.<\/li>\n<\/ul>\n<h2>Import\u00e2ncia das observa\u00e7\u00f5es meteorol\u00f3gicas no INMET<\/h2>\n<p>As observa\u00e7\u00f5es meteorol\u00f3gicas do INMET s\u00e3o essenciais para previs\u00f5es em tempo real, estat\u00edsticas clim\u00e1ticas e coopera\u00e7\u00e3o internacional. Esses dados precisos ajudam a estudar o clima passado e a produzir Normais Climatol\u00f3gicas conforme a Organiza\u00e7\u00e3o Meteorol\u00f3gica Mundial (<a href=\"https:\/\/worldweather.wmo.int\/pt\/home.html\" target=\"_blank\">OMM<\/a>).<\/p>\n<p>As informa\u00e7\u00f5es s\u00e3o do Instituto Nacional de Meteorologia (<a href=\"https:\/\/portal.inmet.gov.br\/\" target=\"_blank\">Inmet<\/a>).<\/p>\n<p>\u00a0<\/p>\n<p>\t\t\t\t\t\t\t\t\t<img loading=\"lazy\" decoding=\"async\" src=\"https:\/\/brasil61.com\/api\/v1\/serve_pixel\/17677\/84686\" alt=\"Pixel Brasil 61\" class=\"b61_pixel\" width=\"0\" height=\"0\"><\/p>\n<input type=\"hidden\" id=\"baseurl\" value=\"https:\/\/noticiasdestaque.com.br\"><input type=\"hidden\" id=\"audio_nonce\" value=\"6f73a554f1\">","protected":false},"excerpt":{"rendered":"<p>Entre as capitais, a temperatura m\u00ednima prevista \u00e9 de 12\u00b0C, em Curitiba. A m\u00e1xima deve chegar a 28\u00b0C, em Porto Alegre e Curitiba. A umidade relativa do ar varia entre 20% e 95%. <\/p>\n","protected":false},"author":1,"featured_media":46062,"comment_status":"open","ping_status":"open","sticky":false,"template":"","format":"standard","meta":{"fifu_image_url":"","fifu_image_alt":"","footnotes":""},"categories":[58],"tags":[],"class_list":["post-46061","post","type-post","status-publish","format-standard","has-post-thumbnail","hentry","category-cotidiano"],"distributor_meta":false,"distributor_terms":false,"distributor_media":false,"distributor_original_site_name":"Noticias em Destaque","distributor_original_site_url":"https:\/\/noticiasdestaque.com.br","push-errors":false,"_links":{"self":[{"href":"https:\/\/noticiasdestaque.com.br\/index.php\/wp-json\/wp\/v2\/posts\/46061","targetHints":{"allow":["GET"]}}],"collection":[{"href":"https:\/\/noticiasdestaque.com.br\/index.php\/wp-json\/wp\/v2\/posts"}],"about":[{"href":"https:\/\/noticiasdestaque.com.br\/index.php\/wp-json\/wp\/v2\/types\/post"}],"author":[{"embeddable":true,"href":"https:\/\/noticiasdestaque.com.br\/index.php\/wp-json\/wp\/v2\/users\/1"}],"replies":[{"embeddable":true,"href":"https:\/\/noticiasdestaque.com.br\/index.php\/wp-json\/wp\/v2\/comments?post=46061"}],"version-history":[{"count":0,"href":"https:\/\/noticiasdestaque.com.br\/index.php\/wp-json\/wp\/v2\/posts\/46061\/revisions"}],"wp:featuredmedia":[{"embeddable":true,"href":"https:\/\/noticiasdestaque.com.br\/index.php\/wp-json\/wp\/v2\/media\/46062"}],"wp:attachment":[{"href":"https:\/\/noticiasdestaque.com.br\/index.php\/wp-json\/wp\/v2\/media?parent=46061"}],"wp:term":[{"taxonomy":"category","embeddable":true,"href":"https:\/\/noticiasdestaque.com.br\/index.php\/wp-json\/wp\/v2\/categories?post=46061"},{"taxonomy":"post_tag","embeddable":true,"href":"https:\/\/noticiasdestaque.com.br\/index.php\/wp-json\/wp\/v2\/tags?post=46061"}],"curies":[{"name":"wp","href":"https:\/\/api.w.org\/{rel}","templated":true}]}}