{"id":46053,"date":"2025-09-19T18:10:00","date_gmt":"2025-09-19T21:10:00","guid":{"rendered":"https:\/\/noticiasdestaque.com.br\/index.php\/2025\/09\/19\/previsao-do-tempo-sabado-20-sera-de-muitas-nuvens-pela-manha-e-de-chuva-a-tarde-nos-quatro-estados-do-sudeste\/"},"modified":"2025-09-19T18:10:00","modified_gmt":"2025-09-19T21:10:00","slug":"previsao-do-tempo-sabado-20-sera-de-muitas-nuvens-pela-manha-e-de-chuva-a-tarde-nos-quatro-estados-do-sudeste","status":"publish","type":"post","link":"https:\/\/noticiasdestaque.com.br\/index.php\/2025\/09\/19\/previsao-do-tempo-sabado-20-sera-de-muitas-nuvens-pela-manha-e-de-chuva-a-tarde-nos-quatro-estados-do-sudeste\/","title":{"rendered":"PREVIS\u00c3O DO TEMPO: S\u00e1bado (20) ser\u00e1 de muitas nuvens pela manh\u00e3 e de chuva \u00e0 tarde nos quatro estados do Sudeste"},"content":{"rendered":"<p>\t\t\t\t\t\t\t\t\t\t<audio controls class=\"b61_audio_player\" data-noticia=\"84731\" src=\"https:\/\/brasil61.com\/rails\/active_storage\/blobs\/eyJfcmFpbHMiOnsibWVzc2FnZSI6IkJBaHBBNXVkQXc9PSIsImV4cCI6bnVsbCwicHVyIjoiYmxvYl9pZCJ9fQ==--a9828d557b21204705682d9035f906135dab3330\/PTSD254197A\"><\/audio><\/p>\n<p>A previs\u00e3o para este s\u00e1bado (20) indica predomin\u00e2ncia de muitas nuvens durante toda a manh\u00e3, desde a regi\u00e3o Norte at\u00e9 a Baixada Fluminense. J\u00e1 no per\u00edodo da tarde, h\u00e1 expectativa de pancadas de chuva em \u00e1reas da capital Rio de Janeiro e da Serra, atingindo cidades como Nova Friburgo e Teres\u00f3polis.<\/p>\n<\/p>\n<p>No Esp\u00edrito Santo, a previs\u00e3o aponta muitas nuvens na maior parte do estado, com chuva restrita a munic\u00edpios do Sul, entre I\u00fana e Mimoso do Sul.<\/p>\n<p>A\u00a0manh\u00e3 ser\u00e1 de c\u00e9u nublado em grande parte do estado de S\u00e3o Paulo, com possibilidade de pancadas de chuva apenas em munic\u00edpios como Itaber\u00e1 e Ita\u00ed. No entanto, as chuvas devem se espalhar por todo o territ\u00f3rio paulista durante a tarde, com maior intensidade na capital.<\/p>\n<p>J\u00e1 em Minas Gerais, a expectativa \u00e9 de chuva principalmente nas regi\u00f5es Noroeste e Sul, alcan\u00e7ando cidades como Vazante e Varginha.<\/p>\n<p>Entre as capitais, a temperatura m\u00ednima prevista \u00e9 de 17\u00b0C, em S\u00e3o Paulo e Belo Horizonte. J\u00e1 a m\u00e1xima pode chegar a 35\u00b0C, no Rio de Janeiro. A \u00a0umidade relativa do ar varia entre \u00a025% e 100%.<\/p>\n<h2>5 Motivos para saber das previs\u00f5es do tempo<\/h2>\n<p>Agricultura: garantia de uma boa colheita;<br \/>\nMarinha: prote\u00e7\u00e3o dos marinheiros, dos navios e dos passageiros;<br \/>\nAeron\u00e1utica: prote\u00e7\u00e3o e seguran\u00e7a dos pilotos, das aeronaves e dos passageiros;<br \/>\nPesca: condi\u00e7\u00f5es favor\u00e1veis e seguras \u00e0 pesca; e<br \/>\nTurismo: garantia de um passeio e de uma viagem feliz e tranquila.<\/p>\n<h2>Import\u00e2ncia das observa\u00e7\u00f5es meteorol\u00f3gicas no INMET<\/h2>\n<p>As observa\u00e7\u00f5es meteorol\u00f3gicas do INMET s\u00e3o essenciais para previs\u00f5es em tempo real, estat\u00edsticas clim\u00e1ticas e coopera\u00e7\u00e3o internacional. Esses dados precisos ajudam a estudar o clima passado e a produzir Normais Climatol\u00f3gicas conforme a Organiza\u00e7\u00e3o Meteorol\u00f3gica Mundial (<a href=\"https:\/\/worldweather.wmo.int\/pt\/home.html\" target=\"_blank\">OMM<\/a>).<br \/>\nAs informa\u00e7\u00f5es s\u00e3o do Instituto Nacional de Meteorologia (<a href=\"https:\/\/portal.inmet.gov.br\/\" target=\"_blank\">Inmet<\/a>).<br \/>\n\u00a0<\/p>\n<p>\t\t\t\t\t\t\t\t\t<img loading=\"lazy\" decoding=\"async\" src=\"https:\/\/brasil61.com\/api\/v1\/serve_pixel\/17677\/84731\" alt=\"Pixel Brasil 61\" class=\"b61_pixel\" width=\"0\" height=\"0\"><\/p>\n<input type=\"hidden\" id=\"baseurl\" value=\"https:\/\/noticiasdestaque.com.br\"><input type=\"hidden\" id=\"audio_nonce\" value=\"6f73a554f1\">","protected":false},"excerpt":{"rendered":"<p>No Esp\u00edrito Santo, a previs\u00e3o aponta muitas nuvens na maior parte do estado, com chuva restrita a munic\u00edpios do Sul, entre I\u00fana e Mimoso do Sul.<\/p>\n","protected":false},"author":1,"featured_media":46054,"comment_status":"open","ping_status":"open","sticky":false,"template":"","format":"standard","meta":{"fifu_image_url":"","fifu_image_alt":"","footnotes":""},"categories":[58],"tags":[],"class_list":["post-46053","post","type-post","status-publish","format-standard","has-post-thumbnail","hentry","category-cotidiano"],"distributor_meta":false,"distributor_terms":false,"distributor_media":false,"distributor_original_site_name":"Noticias em Destaque","distributor_original_site_url":"https:\/\/noticiasdestaque.com.br","push-errors":false,"_links":{"self":[{"href":"https:\/\/noticiasdestaque.com.br\/index.php\/wp-json\/wp\/v2\/posts\/46053","targetHints":{"allow":["GET"]}}],"collection":[{"href":"https:\/\/noticiasdestaque.com.br\/index.php\/wp-json\/wp\/v2\/posts"}],"about":[{"href":"https:\/\/noticiasdestaque.com.br\/index.php\/wp-json\/wp\/v2\/types\/post"}],"author":[{"embeddable":true,"href":"https:\/\/noticiasdestaque.com.br\/index.php\/wp-json\/wp\/v2\/users\/1"}],"replies":[{"embeddable":true,"href":"https:\/\/noticiasdestaque.com.br\/index.php\/wp-json\/wp\/v2\/comments?post=46053"}],"version-history":[{"count":0,"href":"https:\/\/noticiasdestaque.com.br\/index.php\/wp-json\/wp\/v2\/posts\/46053\/revisions"}],"wp:featuredmedia":[{"embeddable":true,"href":"https:\/\/noticiasdestaque.com.br\/index.php\/wp-json\/wp\/v2\/media\/46054"}],"wp:attachment":[{"href":"https:\/\/noticiasdestaque.com.br\/index.php\/wp-json\/wp\/v2\/media?parent=46053"}],"wp:term":[{"taxonomy":"category","embeddable":true,"href":"https:\/\/noticiasdestaque.com.br\/index.php\/wp-json\/wp\/v2\/categories?post=46053"},{"taxonomy":"post_tag","embeddable":true,"href":"https:\/\/noticiasdestaque.com.br\/index.php\/wp-json\/wp\/v2\/tags?post=46053"}],"curies":[{"name":"wp","href":"https:\/\/api.w.org\/{rel}","templated":true}]}}