{"id":46027,"date":"2025-09-18T19:15:00","date_gmt":"2025-09-18T22:15:00","guid":{"rendered":"https:\/\/noticiasdestaque.com.br\/index.php\/2025\/09\/18\/previsao-do-tempo-chuvas-isoladas-deve-atingir-o-sudeste-na-tarde-desta-quinta-19\/"},"modified":"2025-09-18T19:15:00","modified_gmt":"2025-09-18T22:15:00","slug":"previsao-do-tempo-chuvas-isoladas-deve-atingir-o-sudeste-na-tarde-desta-quinta-19","status":"publish","type":"post","link":"https:\/\/noticiasdestaque.com.br\/index.php\/2025\/09\/18\/previsao-do-tempo-chuvas-isoladas-deve-atingir-o-sudeste-na-tarde-desta-quinta-19\/","title":{"rendered":"PREVIS\u00c3O DO TEMPO: chuvas isoladas deve atingir o Sudeste na tarde desta quinta (19)"},"content":{"rendered":"<p>\t\t\t\t\t\t\t\t\t\t<audio controls class=\"b61_audio_player\" data-noticia=\"84689\" src=\"https:\/\/brasil61.com\/rails\/active_storage\/blobs\/eyJfcmFpbHMiOnsibWVzc2FnZSI6IkJBaHBBK09jQXc9PSIsImV4cCI6bnVsbCwicHVyIjoiYmxvYl9pZCJ9fQ==--2b823439017e9fdb40a4adcaf34732ebd1a34506\/PTSD254194A\"><\/audio><\/p>\n<p>A <strong>previs\u00e3o do tempo para esta sexta-feira (19) \u00e9 de manh\u00e3 com poucas nuvens em todo o territ\u00f3rio de S\u00e3o Paulo, Rio de Janeiro, Minas Gerais e Esp\u00edrito Santo<\/strong>.<\/p>\n<p>Durante a tarde, as chuvas isoladas avan\u00e7am e cobrem parcialmente as regi\u00f5es de Presidente Prudente, Mar\u00edlia, Itapeva e de Registro, no estado\u00a0estado de S\u00e3o Paulo. No Esp\u00edrito Santo, no tri\u00e2ngulo mineiro e no Noroeste de Minas, a previs\u00e3o \u00e9 de muitas nuvens.<\/p>\n<p>\u00c0 noite, as chuvas cessam e h\u00e1 muitas nuvens em regi\u00f5es de Minas, como nos munic\u00edpios de \u00c1guas Vermelhas, Juiz de Fora e Governador Valadares. A condi\u00e7\u00e3o se repete no Esp\u00edrito Santo. No\u00a0restante dos estados do Sudeste predomina o c\u00e9u com poucas nuvens.<\/p>\n<p>Entre as capitais, a temperatura m\u00ednima prevista \u00e9 de 16\u00b0C, em Belo Horizonte, e de 19\u00baC, em Vit\u00f3ria. As m\u00e1ximas devem chegar a 30\u00baC, no Rio de Janeiro, e a 32\u00b0C,\u00a0em S\u00e3o Paulo.<\/p>\n<p>A umidade relativa do ar varia entre 25% e 100%.<\/p>\n<h2>5 Motivos para saber das previs\u00f5es do tempo\u00a0\u00a0<\/h2>\n<ul>\n<li>Agricultura: garantia de uma boa colheita;<\/li>\n<li>Marinha: prote\u00e7\u00e3o dos marinheiros, dos navios e dos passageiros;<\/li>\n<li>Aeron\u00e1utica: prote\u00e7\u00e3o e seguran\u00e7a dos pilotos, das aeronaves e dos passageiros;<\/li>\n<li>Pesca: condi\u00e7\u00f5es favor\u00e1veis e seguras \u00e0 pesca; e<\/li>\n<li>Turismo: garantia de um passeio e de uma viagem feliz e tranquila.<\/li>\n<\/ul>\n<h2>Import\u00e2ncia das observa\u00e7\u00f5es meteorol\u00f3gicas no INMET<\/h2>\n<p>As observa\u00e7\u00f5es meteorol\u00f3gicas do INMET s\u00e3o essenciais para previs\u00f5es em tempo real, estat\u00edsticas clim\u00e1ticas e coopera\u00e7\u00e3o internacional. Esses dados precisos ajudam a estudar o clima passado e a produzir Normais Climatol\u00f3gicas conforme a Organiza\u00e7\u00e3o Meteorol\u00f3gica Mundial (<a href=\"https:\/\/worldweather.wmo.int\/pt\/home.html\" target=\"_blank\">OMM<\/a>).<\/p>\n<p>As informa\u00e7\u00f5es s\u00e3o do Instituto Nacional de Meteorologia (<a href=\"https:\/\/portal.inmet.gov.br\/\" target=\"_blank\">Inmet<\/a>).<\/p>\n<p>\t\t\t\t\t\t\t\t\t<img loading=\"lazy\" decoding=\"async\" src=\"https:\/\/brasil61.com\/api\/v1\/serve_pixel\/17677\/84689\" alt=\"Pixel Brasil 61\" class=\"b61_pixel\" width=\"0\" height=\"0\"><\/p>\n<input type=\"hidden\" id=\"baseurl\" value=\"https:\/\/noticiasdestaque.com.br\"><input type=\"hidden\" id=\"audio_nonce\" value=\"6f73a554f1\">","protected":false},"excerpt":{"rendered":"<p>Entre as capitais, a temperatura m\u00ednima prevista \u00e9 de 16\u00b0C, em S\u00e3o Paulo e Belo Horizonte. A m\u00e1xima deve chegar a 32\u00b0C, em S\u00e3o Paulo. A umidade relativa do ar varia entre 25% e 100%. <\/p>\n","protected":false},"author":1,"featured_media":46028,"comment_status":"open","ping_status":"open","sticky":false,"template":"","format":"standard","meta":{"fifu_image_url":"","fifu_image_alt":"","footnotes":""},"categories":[58],"tags":[],"class_list":["post-46027","post","type-post","status-publish","format-standard","has-post-thumbnail","hentry","category-cotidiano"],"distributor_meta":false,"distributor_terms":false,"distributor_media":false,"distributor_original_site_name":"Noticias em Destaque","distributor_original_site_url":"https:\/\/noticiasdestaque.com.br","push-errors":false,"_links":{"self":[{"href":"https:\/\/noticiasdestaque.com.br\/index.php\/wp-json\/wp\/v2\/posts\/46027","targetHints":{"allow":["GET"]}}],"collection":[{"href":"https:\/\/noticiasdestaque.com.br\/index.php\/wp-json\/wp\/v2\/posts"}],"about":[{"href":"https:\/\/noticiasdestaque.com.br\/index.php\/wp-json\/wp\/v2\/types\/post"}],"author":[{"embeddable":true,"href":"https:\/\/noticiasdestaque.com.br\/index.php\/wp-json\/wp\/v2\/users\/1"}],"replies":[{"embeddable":true,"href":"https:\/\/noticiasdestaque.com.br\/index.php\/wp-json\/wp\/v2\/comments?post=46027"}],"version-history":[{"count":0,"href":"https:\/\/noticiasdestaque.com.br\/index.php\/wp-json\/wp\/v2\/posts\/46027\/revisions"}],"wp:featuredmedia":[{"embeddable":true,"href":"https:\/\/noticiasdestaque.com.br\/index.php\/wp-json\/wp\/v2\/media\/46028"}],"wp:attachment":[{"href":"https:\/\/noticiasdestaque.com.br\/index.php\/wp-json\/wp\/v2\/media?parent=46027"}],"wp:term":[{"taxonomy":"category","embeddable":true,"href":"https:\/\/noticiasdestaque.com.br\/index.php\/wp-json\/wp\/v2\/categories?post=46027"},{"taxonomy":"post_tag","embeddable":true,"href":"https:\/\/noticiasdestaque.com.br\/index.php\/wp-json\/wp\/v2\/tags?post=46027"}],"curies":[{"name":"wp","href":"https:\/\/api.w.org\/{rel}","templated":true}]}}