{"id":45979,"date":"2025-09-17T04:40:00","date_gmt":"2025-09-17T07:40:00","guid":{"rendered":"https:\/\/noticiasdestaque.com.br\/index.php\/2025\/09\/17\/judo-atleta-prodigio-de-belem-pa-vai-competir-no-campeonato-brasileiro-em-outubro\/"},"modified":"2025-09-17T04:40:00","modified_gmt":"2025-09-17T07:40:00","slug":"judo-atleta-prodigio-de-belem-pa-vai-competir-no-campeonato-brasileiro-em-outubro","status":"publish","type":"post","link":"https:\/\/noticiasdestaque.com.br\/index.php\/2025\/09\/17\/judo-atleta-prodigio-de-belem-pa-vai-competir-no-campeonato-brasileiro-em-outubro\/","title":{"rendered":"JUD\u00d4: Atleta prod\u00edgio de Bel\u00e9m (PA) vai competir no Campeonato Brasileiro em outubro"},"content":{"rendered":"<p>\t\t\t\t\t\t\t\t\t\t<audio controls class=\"b61_audio_player\" data-noticia=\"84643\" src=\"https:\/\/brasil61.com\/rails\/active_storage\/blobs\/eyJfcmFpbHMiOnsibWVzc2FnZSI6IkJBaHBBOTJiQXc9PSIsImV4cCI6bnVsbCwicHVyIjoiYmxvYl9pZCJ9fQ==--c89aa3153ff0ffb8b1aa8a457a0d79d5c2854efe\/BASA250091A\"><\/audio><\/p>\n<p>A atleta <strong>Karlen Oliveira, de 14 anos, desponta como um verdadeiro prod\u00edgio da nova gera\u00e7\u00e3o do jud\u00f4 paraense.<\/strong> A belenense pratica o esporte desde 2021 e j\u00e1 conquistou <strong>23 medalhas \u2013 20 delas de ouro<\/strong>. Agora, a adolescente se prepara para disputar o <strong>Campeonato Brasileiro de Jud\u00f4 Sub-13 e Sub-15, em outubro, em Uberl\u00e2ndia (MG).<\/strong><\/p>\n<p><strong>Desde mar\u00e7o deste ano, Karlen \u00e9 patrocinada pelo <a href=\"https:\/\/www.bancoamazonia.com.br\/\" target=\"_blank\">Banco da Amaz\u00f4nia<\/a><\/strong>. Os recursos do patroc\u00ednio s\u00e3o destinados \u00e0 compra de kimonos e ao custeio de passagens e hospedagens em competi\u00e7\u00f5es fora do estado.<\/p>\n<p>A judoca faixa roxa afirma que o apoio financeiro tem sido essencial para seu desenvolvimento no esporte. \u201cO patroc\u00ednio do Banco da Amaz\u00f4nia \u00e9 fundamental. Al\u00e9m de contribuir com os custos da viagem e dos materiais, ele representa o reconhecimento da minha dedica\u00e7\u00e3o pelo jud\u00f4\u201d, diz.<\/p>\n<p><strong>Karlen Oliveira foi ouro nos seguintes campeonatos em 2025:<\/strong><\/p>\n<ul>\n<li>CAMPEONATO BRASILEIRO REGI\u00c3O I &#8211; 30\/03\/2025, em Manaus (AM);\u00a0<\/li>\n<li>I CIRCUITO PARAENSE DE JUD\u00d4 &#8211; 03\/05\/2025, em Bel\u00e9m (PA);\u00a0<\/li>\n<li>II COPA SAMURAI DE JUD\u00d4 &#8211; 28\/06\/2025, em Acar\u00e1 (PA);<\/li>\n<li>I COPA BERSA DE JUD\u00d4 &#8211; 20\/07\/2025, em Bel\u00e9m (PA);<\/li>\n<li>X COPA CAMPOS DE JUD\u00d4 &#8211; 30\/08\/2025, em Bel\u00e9m (PA).<\/li>\n<\/ul>\n<p>Segundo a atleta,<strong> o patroc\u00ednio foi crucial para sua evolu\u00e7\u00e3o e para a sele\u00e7\u00e3o que a levar\u00e1 a disputar o campeonato em Minas Gerais<\/strong>. \u201cO apoio do Banco da Amaz\u00f4nia \u00e9 muito importante para minha carreira. Ele me permite continuar treinando e participando de competi\u00e7\u00f5es de alto n\u00edvel, ganhando visibilidade e experi\u00eancia\u201d, afirma.<\/p>\n<p>O pai da atleta, o funcion\u00e1rio p\u00fablico Paulo Andr\u00e9 Oliveira, de 49 anos, tamb\u00e9m e<strong>logia a iniciativa do banco<\/strong>. \u201cSomos muito gratos ao Banco da Amaz\u00f4nia por ter nos dado essa oportunidade, para que ela possa seguir se preparando ainda mais para disputar competi\u00e7\u00f5es nacionais e adquirir materiais que precisa para o treinamento.\u201d\u00a0<br \/>\nPatroc\u00ednio que impulsiona sonhos<\/p>\n<p>O sonho de Karlen \u00e9, um dia, disputar as Olimp\u00edadas, representando o Par\u00e1. Ela avalia que o Banco da Amaz\u00f4nia atua como incentivador do esporte na regi\u00e3o, apoiando talentos nortistas em ascens\u00e3o.<\/p>\n<p>\u201cAl\u00e9m de possibilitar minha participa\u00e7\u00e3o em grandes eventos nacionais, o Banco da Amaz\u00f4nia tamb\u00e9m fortalece o jud\u00f4 da nossa regi\u00e3o, mostrando que os atletas do Norte tamb\u00e9m t\u00eam potencial e merecem mais oportunidades\u201d, pontua a judoca.<\/p>\n<p>Paulo Andr\u00e9 Oliveira refor\u00e7a a import\u00e2ncia do patroc\u00ednio: \u201c\u00c9 muito importante esse patroc\u00ednio, principalmente para os atletas que dependem desse recurso financeiro. Viagens, deslocamento e hospedagem s\u00e3o caros. Sem esse incentivo, muitos atletas n\u00e3o conseguiriam continuar o seu sonho\u201d, completa.<\/p>\n<h2>Patroc\u00ednio do Banco da Amaz\u00f4nia<\/h2>\n<p><strong>No primeiro trimestre de 2025, o Banco da Amaz\u00f4nia destinou R$ 3,4 milh\u00f5es para patrocinar projetos esportivos, ambientais, sociais, culturais e exposi\u00e7\u00f5es na Amaz\u00f4nia Legal<\/strong>. Segundo a institui\u00e7\u00e3o, o dado refor\u00e7a seu compromisso com a inclus\u00e3o social e esportiva na regi\u00e3o. Al\u00e9m de oferecer linhas de cr\u00e9dito e inclus\u00e3o financeira, a institui\u00e7\u00e3o tamb\u00e9m apoia atletas regionais, como Karlen Oliveira.<\/p>\n<p>\t\t\t\t\t\t\t\t\t<img loading=\"lazy\" decoding=\"async\" src=\"https:\/\/brasil61.com\/api\/v1\/serve_pixel\/17677\/84643\" alt=\"Pixel Brasil 61\" class=\"b61_pixel\" width=\"0\" height=\"0\"><\/p>\n<input type=\"hidden\" id=\"baseurl\" value=\"https:\/\/noticiasdestaque.com.br\"><input type=\"hidden\" id=\"audio_nonce\" value=\"6f73a554f1\">","protected":false},"excerpt":{"rendered":"<p>Karlen Oliveira, de 14 anos, soma 20 medalhas de ouro e afirma que o patroc\u00ednio do Banco da Amaz\u00f4nia foi fundamental para sua sele\u00e7\u00e3o; judoca destaca compromisso da institui\u00e7\u00e3o em apoiar talentos nortistas.<\/p>\n","protected":false},"author":1,"featured_media":45980,"comment_status":"open","ping_status":"open","sticky":false,"template":"","format":"standard","meta":{"fifu_image_url":"","fifu_image_alt":"","footnotes":""},"categories":[48],"tags":[],"class_list":["post-45979","post","type-post","status-publish","format-standard","has-post-thumbnail","hentry","category-mundo"],"distributor_meta":false,"distributor_terms":false,"distributor_media":false,"distributor_original_site_name":"Noticias em Destaque","distributor_original_site_url":"https:\/\/noticiasdestaque.com.br","push-errors":false,"_links":{"self":[{"href":"https:\/\/noticiasdestaque.com.br\/index.php\/wp-json\/wp\/v2\/posts\/45979","targetHints":{"allow":["GET"]}}],"collection":[{"href":"https:\/\/noticiasdestaque.com.br\/index.php\/wp-json\/wp\/v2\/posts"}],"about":[{"href":"https:\/\/noticiasdestaque.com.br\/index.php\/wp-json\/wp\/v2\/types\/post"}],"author":[{"embeddable":true,"href":"https:\/\/noticiasdestaque.com.br\/index.php\/wp-json\/wp\/v2\/users\/1"}],"replies":[{"embeddable":true,"href":"https:\/\/noticiasdestaque.com.br\/index.php\/wp-json\/wp\/v2\/comments?post=45979"}],"version-history":[{"count":0,"href":"https:\/\/noticiasdestaque.com.br\/index.php\/wp-json\/wp\/v2\/posts\/45979\/revisions"}],"wp:featuredmedia":[{"embeddable":true,"href":"https:\/\/noticiasdestaque.com.br\/index.php\/wp-json\/wp\/v2\/media\/45980"}],"wp:attachment":[{"href":"https:\/\/noticiasdestaque.com.br\/index.php\/wp-json\/wp\/v2\/media?parent=45979"}],"wp:term":[{"taxonomy":"category","embeddable":true,"href":"https:\/\/noticiasdestaque.com.br\/index.php\/wp-json\/wp\/v2\/categories?post=45979"},{"taxonomy":"post_tag","embeddable":true,"href":"https:\/\/noticiasdestaque.com.br\/index.php\/wp-json\/wp\/v2\/tags?post=45979"}],"curies":[{"name":"wp","href":"https:\/\/api.w.org\/{rel}","templated":true}]}}