{"id":45969,"date":"2025-09-17T04:15:00","date_gmt":"2025-09-17T07:15:00","guid":{"rendered":"https:\/\/noticiasdestaque.com.br\/index.php\/2025\/09\/17\/pib-reducao-da-projecao-reflete-politica-fiscal-expansionista-afirmam-economistas\/"},"modified":"2025-09-17T04:15:00","modified_gmt":"2025-09-17T07:15:00","slug":"pib-reducao-da-projecao-reflete-politica-fiscal-expansionista-afirmam-economistas","status":"publish","type":"post","link":"https:\/\/noticiasdestaque.com.br\/index.php\/2025\/09\/17\/pib-reducao-da-projecao-reflete-politica-fiscal-expansionista-afirmam-economistas\/","title":{"rendered":"PIB: redu\u00e7\u00e3o da proje\u00e7\u00e3o reflete pol\u00edtica fiscal expansionista, afirmam economistas"},"content":{"rendered":"<p>\t\t\t\t\t\t\t\t\t\t<audio controls class=\"b61_audio_player\" data-noticia=\"84640\" src=\"https:\/\/brasil61.com\/rails\/active_storage\/blobs\/eyJfcmFpbHMiOnsibWVzc2FnZSI6IkJBaHBBK0tiQXc9PSIsImV4cCI6bnVsbCwicHVyIjoiYmxvYl9pZCJ9fQ==--6f8cd96afc896e80081f2e8c925f448b25282520\/BRAS2514729A\"><\/audio><\/p>\n<p>Diante da<strong> redu\u00e7\u00e3o da estimativa para o crescimento do PIB em 2025 de 2,5% para 2,3% pelo <a href=\"https:\/\/www.gov.br\/fazenda\/pt-br\">Minist\u00e9rio da Fazenda<\/a><\/strong>, especialistas avaliam que o<strong> recuo da proje\u00e7\u00e3o reflete uma pol\u00edtica fiscal expansionista sem contrapartidas econ\u00f4micas<\/strong>. Al\u00e9m disso, a atua\u00e7\u00e3o tamb\u00e9m exige que o <strong><a href=\"https:\/\/www.bcb.gov.br\/\">Banco Central <\/a>tenha uma pol\u00edtica monet\u00e1ria contracionista<\/strong>, com a taxa de juros elevada.<\/p>\n<p>Segundo a pasta, a revis\u00e3o do percentual est\u00e1 relacionada a \u201csinais de desacelera\u00e7\u00e3o\u201d da atividade econ\u00f4mica.<\/p>\n<\/p>\n<p>Os dados comp\u00f5em o <strong><a href=\"https:\/\/static.poder360.com.br\/2025\/09\/Boletim-MacroFiscal-setembro-2025.pdf\" target=\"_blank\">Boletim MacroFiscal<\/a><\/strong>, feito pela <a href=\"https:\/\/www.gov.br\/fazenda\/pt-br\/orgaos\/spe\"><strong>Secretaria de Pol\u00edtica Econ\u00f4mica da Fazenda<\/strong><\/a>.\u00a0<\/p>\n<p>O <a href=\"https:\/\/analisa.genialinvestimentos.com.br\/o-economista\/\"><strong>economista-chefe da Genial Investimentos Jos\u00e9 M\u00e1rcio de Camargo <\/strong><\/a><strong>afirma que a redu\u00e7\u00e3o da proje\u00e7\u00e3o decorre da perda de f\u00f4lego da economi<\/strong><\/p>\n<p>\u201cO Minist\u00e9rio da Fazenda reduziu a proje\u00e7\u00e3o de crescimento do PIB porque come\u00e7a a ficar cada vez mais claro que a economia brasileira est\u00e1 desacelerando. A raz\u00e3o pela qual isso est\u00e1 acontecendo est\u00e1 relacionada ao fato de que o governo tem uma pol\u00edtica fiscal bastante expansionista, com um d\u00e9ficit p\u00fablico bastante elevado e crescendo substancialmente todos os anos\u201d, afirma.<\/p>\n<p>J\u00e1 o professor de <strong>Ci\u00eancias Econ\u00f4micas da Universidade Presbiteriana Mackenzie e pesquisador do <a href=\"https:\/\/www.mackenzie.br\/liberdade-economica\">Centro Mackenzie de Liberdade Econ\u00f4micas (MackLiber), Allan Gallo<\/a>, <\/strong>salienta qu<strong>e a queda da proje\u00e7\u00e3o da economia n\u00e3o \u00e9 apenas um n\u00famero.\u00a0<\/strong><\/p>\n<p>Segundo Gallo, as<strong> consequ\u00eancias podem atingir n\u00e3o apenas o setor produtivo de forma negativa, mas tamb\u00e9m a popula\u00e7\u00e3o brasileira.<\/strong><\/p>\n<p>\u201cQuando voc\u00ea diminui a atividade econ\u00f4mica, al\u00e9m de voc\u00ea penalizar o setor produtivo, as pessoas que consomem e\u00a0as empresas\u00a0t\u00eam menos espa\u00e7o para arrecada\u00e7\u00e3o, voc\u00ea est\u00e1 danificando a base de arrecada\u00e7\u00e3o, que vai significar mais press\u00e3o sobre o d\u00e9ficit, que est\u00e1 aumentando, e consequentemente, voc\u00ea vai ter juros mais altos por mais tempo. \u00c9 um ciclo da morte, um ciclo vicioso. O governo gasta mal, o d\u00e9ficit sobe, o Banco Central responde com juros elevados e o PIB cresce menos\u201d, aponta.<\/p>\n<h2>Irresponsabilidade fiscal<\/h2>\n<p>Para Gallo, <strong>o governo Lula mant\u00e9m uma pol\u00edtica de gastos elevados que limita o crescimento de longo prazo<\/strong>: \u201cQuando a pol\u00edtica fiscal \u00e9 expansionista e desordenada, que \u00e9 o caso do governo atual, a pol\u00edtica monet\u00e1ria tem que ser mais contra-economista. Quem estuda um pouco de macroeconomia sabe que nesse cen\u00e1rio, juros elevados e gastos em excesso, o resultado \u00e9 um crescimento menor. N\u00e3o tem como sustentar um crescimento a longo prazo\u201d, afirma Gallo.<\/p>\n<p>Na avalia\u00e7\u00e3o dele, <strong>a falta de responsabilidade econ\u00f4mica na gest\u00e3o reflete em custos de consumo.<\/strong><\/p>\n<p>\u201cIsso \u00e9 o t\u00edpico caso em que a irresponsabilidade fiscal se traduz diretamente no custo social, mas n\u00e3o adianta dizer que n\u00e3o se come PIB \u2013 como as pessoas \u00e0s vezes as pessoas maldosamente falam \u2013 porque diminui a produtividade, diminui o padr\u00e3o de vida das pessoas. N\u00e3o \u00e9 uma quest\u00e3o apenas do alto empresariado, \u00e9 uma quest\u00e3o da pessoa que est\u00e1 l\u00e1 na ponta, na base da pir\u00e2mide mesmo, que tem o seu consumo prejudicado\u201d, pondera Gallo.<\/p>\n<p>J\u00e1 Jos\u00e9 M\u00e1rcio de Camargo diz que o aspecto importante desse processo \u00e9 o <strong>excesso de gastos<\/strong>. \u201cNo caso do Brasil, n\u00e3o apenas a quantidade de gastos \u00e9 muito elevada, como a qualidade dos gastos \u00e9 muito ruim, ou seja, voc\u00ea tem gastos elevados e ao mesmo tempo com uma qualidade bastante ruim, ent\u00e3o \u00e9 certo\u201d, destaca Camargo.<\/p>\n<h2>Impactos sociais<\/h2>\n<p>Segundo Gallo, o governo falha ao \u201cgastar muito e gastar mal, sem ajustar as despesas obrigat\u00f3rias\u201d. Para ele, esse cen\u00e1rio cria um ambiente de estagna\u00e7\u00e3o econ\u00f4mica.<\/p>\n<p>\u201cN\u00e3o \u00e9 uma surpresa que o PIB tenha sido revisado para baixo, que o ambiente criado \u00e9 de estagna\u00e7\u00e3o induzida pela pr\u00f3pria pol\u00edtica econ\u00f4mica do governo\u201d, avalia Gallo.<\/p>\n<p>Segundo ele, o tarifa\u00e7o imposto pelo presidente dos Estados Unidos, Donald Trump, ao Brasil, n\u00e3o explica sozinho o recuo da proje\u00e7\u00e3o do PIB. \u201cNo nosso caso aqui,\u00a0o maior peso vem de dentro, que o governo insiste em pol\u00edticas de gastos sem algum tipo de contrapartida\u00a0e isso acaba minando a credibilidade do arcabou\u00e7o fiscal.\u201d<\/p>\n<p>J\u00e1 Camargo destaca que, como o Banco Central tende a manter a Selic alta, acarreta em impactos para a sociedade.<\/p>\n<p>\u201cIsso significa que o custo dessa pol\u00edtica fiscal extremamente expansionista \u00e9 uma pol\u00edtica monet\u00e1ria tamb\u00e9m muito contracionista e extremamente cara para a sociedade brasileira em termos do custo para manter a infla\u00e7\u00e3o na meta\u201d, pontua Camargo.<\/p>\n<h2>Motivos da desacelera\u00e7\u00e3o da atividade econ\u00f4mica\u00a0<\/h2>\n<p>Conforme o<strong> Boletim MacroFiscal, a atividade tem mostrado sinais de desacelera\u00e7\u00e3o no pa\u00eds.\u00a0<\/strong>\u201cO PIB do segundo trimestre revelou modera\u00e7\u00e3o no crescimento de atividades c\u00edclicas e contribui\u00e7\u00e3o negativa da absor\u00e7\u00e3o dom\u00e9stica para o crescimento. O ritmo de expans\u00e3o das concess\u00f5es de cr\u00e9dito tem se reduzido, junto com o aumento nas taxas de juros banc\u00e1rias e na inadimpl\u00eancia. Embora a taxa de desemprego siga no menor patamar da s\u00e9rie hist\u00f3rica, j\u00e1 se percebe uma tend\u00eancia de desacelera\u00e7\u00e3o na expans\u00e3o da massa de rendimentos real\u201d, diz um trecho da publica\u00e7\u00e3o.<\/p>\n<p>O Boletim informa que esse o<strong> desaquecimento da atividade econ\u00f4mica<\/strong> <strong>est\u00e1 associado \u00e0 pol\u00edtica monet\u00e1ria restritiva<\/strong>, Segundo o documento, a a\u00e7\u00e3o acarreta na desacelera\u00e7\u00e3o do cr\u00e9dito \u2013 considerando a taxa de juros b\u00e1sica em 15% ao ano.<\/p>\n<p>Entre os motivos do recuo da atividade, a publica\u00e7\u00e3o tamb\u00e9m aponta que o <strong>mercado de trabalho<\/strong> tamb\u00e9m demonstra sinais de desaquecimento. \u201cApesar da taxa de desemprego ainda estar em 5,8%, no m\u00ednimo hist\u00f3rico, o ritmo de expans\u00e3o tanto da popula\u00e7\u00e3o ocupada como da for\u00e7a de trabalho tem desacelerado na compara\u00e7\u00e3o interanual\u201d, diz o boletim.<\/p>\n<p>A expectativa para o pr\u00f3ximo trimestre \u00e9 de que a desacelera\u00e7\u00e3o da atividade continue, de acordo com o Minist\u00e9rio da Fazenda.<\/p>\n<p>\t\t\t\t\t\t\t\t\t<img loading=\"lazy\" decoding=\"async\" src=\"https:\/\/brasil61.com\/api\/v1\/serve_pixel\/17677\/84640\" alt=\"Pixel Brasil 61\" class=\"b61_pixel\" width=\"0\" height=\"0\"><\/p>\n<input type=\"hidden\" id=\"baseurl\" value=\"https:\/\/noticiasdestaque.com.br\"><input type=\"hidden\" id=\"audio_nonce\" value=\"6a24ca502e\">","protected":false},"excerpt":{"rendered":"<p>Minist\u00e9rio da Fazenda apontou \u201csinais de desacelera\u00e7\u00e3o\u201d da atividade econ\u00f4mica para recuo de 2,5% para 2,3% do PIB em 2025; recuo da estimativa penaliza setor produtivo, diz especialista<\/p>\n","protected":false},"author":1,"featured_media":45970,"comment_status":"open","ping_status":"open","sticky":false,"template":"","format":"standard","meta":{"fifu_image_url":"","fifu_image_alt":"","footnotes":""},"categories":[59],"tags":[],"class_list":["post-45969","post","type-post","status-publish","format-standard","has-post-thumbnail","hentry","category-economia"],"distributor_meta":false,"distributor_terms":false,"distributor_media":false,"distributor_original_site_name":"Noticias em Destaque","distributor_original_site_url":"https:\/\/noticiasdestaque.com.br","push-errors":false,"_links":{"self":[{"href":"https:\/\/noticiasdestaque.com.br\/index.php\/wp-json\/wp\/v2\/posts\/45969","targetHints":{"allow":["GET"]}}],"collection":[{"href":"https:\/\/noticiasdestaque.com.br\/index.php\/wp-json\/wp\/v2\/posts"}],"about":[{"href":"https:\/\/noticiasdestaque.com.br\/index.php\/wp-json\/wp\/v2\/types\/post"}],"author":[{"embeddable":true,"href":"https:\/\/noticiasdestaque.com.br\/index.php\/wp-json\/wp\/v2\/users\/1"}],"replies":[{"embeddable":true,"href":"https:\/\/noticiasdestaque.com.br\/index.php\/wp-json\/wp\/v2\/comments?post=45969"}],"version-history":[{"count":0,"href":"https:\/\/noticiasdestaque.com.br\/index.php\/wp-json\/wp\/v2\/posts\/45969\/revisions"}],"wp:featuredmedia":[{"embeddable":true,"href":"https:\/\/noticiasdestaque.com.br\/index.php\/wp-json\/wp\/v2\/media\/45970"}],"wp:attachment":[{"href":"https:\/\/noticiasdestaque.com.br\/index.php\/wp-json\/wp\/v2\/media?parent=45969"}],"wp:term":[{"taxonomy":"category","embeddable":true,"href":"https:\/\/noticiasdestaque.com.br\/index.php\/wp-json\/wp\/v2\/categories?post=45969"},{"taxonomy":"post_tag","embeddable":true,"href":"https:\/\/noticiasdestaque.com.br\/index.php\/wp-json\/wp\/v2\/tags?post=45969"}],"curies":[{"name":"wp","href":"https:\/\/api.w.org\/{rel}","templated":true}]}}