{"id":45955,"date":"2025-09-16T18:20:00","date_gmt":"2025-09-16T21:20:00","guid":{"rendered":"https:\/\/noticiasdestaque.com.br\/index.php\/2025\/09\/16\/previsao-do-tempo-sudeste-tera-quarta-feira-17-com-pancadas-de-chuva-no-rio-de-janeiro-e-espirito-santo\/"},"modified":"2025-09-16T18:20:00","modified_gmt":"2025-09-16T21:20:00","slug":"previsao-do-tempo-sudeste-tera-quarta-feira-17-com-pancadas-de-chuva-no-rio-de-janeiro-e-espirito-santo","status":"publish","type":"post","link":"https:\/\/noticiasdestaque.com.br\/index.php\/2025\/09\/16\/previsao-do-tempo-sudeste-tera-quarta-feira-17-com-pancadas-de-chuva-no-rio-de-janeiro-e-espirito-santo\/","title":{"rendered":"PREVIS\u00c3O DO TEMPO: Sudeste ter\u00e1 quarta-feira (17) com pancadas de chuva no Rio de Janeiro e Esp\u00edrito Santo"},"content":{"rendered":"<p>\t\t\t\t\t\t\t\t\t\t<audio controls class=\"b61_audio_player\" data-noticia=\"84625\" src=\"https:\/\/brasil61.com\/rails\/active_storage\/blobs\/eyJfcmFpbHMiOnsibWVzc2FnZSI6IkJBaHBBNHliQXc9PSIsImV4cCI6bnVsbCwicHVyIjoiYmxvYl9pZCJ9fQ==--5bd02c5acbc5fbf8ff8ecf4efe0dd79ca44cb6aa\/PTSD254192A\"><\/audio><\/p>\n<p>No Sudeste brasileiro, a quarta-feira (17) ser\u00e1 de chuva em algumas \u00e1reas da regi\u00e3o. Para o Rio de Janeiro, est\u00e3o previstos acumulados isolados em toda a unidade da federa\u00e7\u00e3o, sobretudo mais ao sul, em cidades como Quatis e Rio Claro.\u00a0<\/p>\n<p>No Esp\u00edrito Santo, o quadro \u00e9 semelhante, com chuvas isoladas na maior parte do estado. Os acumulados devem ser notados em munic\u00edpios como Vargem Alta e Maril\u00e2ndia.\u00a0<\/p>\n<p>No per\u00edodo da noite, h\u00e1 possibilidade de chuva em algumas \u00e1reas de Minas Gerais, como em toda a regi\u00e3o do Tri\u00e2ngulo Mineiro e na regi\u00e3o de Paracatu. J\u00e1 em S\u00e3o Paulo, est\u00e3o previstas chuvas isoladas para as \u00e1reas de Presidente Prudente, Ara\u00e7atuba e S\u00e3o Jos\u00e9 do Rio Preto.<\/p>\n<p>Entre as capitais, a temperatura m\u00ednima deve chegar a 14\u00b0C, em S\u00e3o Paulo. J\u00e1 a m\u00e1xima prevista \u00e9 de 29\u00b0C, em Belo Horizonte. A umidade relativa do ar varia entre 30% e 100%.\u00a0<\/p>\n<h2>5 Motivos para saber das previs\u00f5es do tempo \u00a0<\/h2>\n<ul>\n<li>Agricultura: garantia de uma boa colheita;<\/li>\n<li>Marinha: prote\u00e7\u00e3o dos marinheiros, dos navios e dos passageiros;<\/li>\n<li>Aeron\u00e1utica: prote\u00e7\u00e3o e seguran\u00e7a dos pilotos, das aeronaves e dos passageiros;<\/li>\n<li>Pesca: condi\u00e7\u00f5es favor\u00e1veis e seguras \u00e0 pesca; e<\/li>\n<li>Turismo: garantia de um passeio e de uma viagem feliz e tranquila.<\/li>\n<li>\n<h2>Import\u00e2ncia das observa\u00e7\u00f5es meteorol\u00f3gicas no INMET<\/h2>\n<\/li>\n<\/ul>\n<p>As observa\u00e7\u00f5es meteorol\u00f3gicas do INMET s\u00e3o essenciais para previs\u00f5es em tempo real, estat\u00edsticas clim\u00e1ticas e coopera\u00e7\u00e3o internacional. Esses dados precisos ajudam a estudar o clima passado e a produzir Normais Climatol\u00f3gicas conforme a Organiza\u00e7\u00e3o Meteorol\u00f3gica Mundial (OMM).<\/p>\n<p>As informa\u00e7\u00f5es s\u00e3o do Instituto Nacional de Meteorologia <a href=\"https:\/\/portal.inmet.gov.br\/\" target=\"_blank\">(Inmet)<\/a>. \u00a0<br \/>\n\u00a0<\/p>\n<p>\t\t\t\t\t\t\t\t\t<img loading=\"lazy\" decoding=\"async\" src=\"https:\/\/brasil61.com\/api\/v1\/serve_pixel\/17677\/84625\" alt=\"Pixel Brasil 61\" class=\"b61_pixel\" width=\"0\" height=\"0\"><\/p>\n<input type=\"hidden\" id=\"baseurl\" value=\"https:\/\/noticiasdestaque.com.br\"><input type=\"hidden\" id=\"audio_nonce\" value=\"6f73a554f1\">","protected":false},"excerpt":{"rendered":"<p>No per\u00edodo da noite, tamb\u00e9m h\u00e1 possibilidade de chuva em algumas \u00e1reas de Minas Gerais, como em toda a regi\u00e3o do Tri\u00e2ngulo Mineiro e na regi\u00e3o de Paracatu<\/p>\n","protected":false},"author":1,"featured_media":45956,"comment_status":"open","ping_status":"open","sticky":false,"template":"","format":"standard","meta":{"fifu_image_url":"","fifu_image_alt":"","footnotes":""},"categories":[58],"tags":[],"class_list":["post-45955","post","type-post","status-publish","format-standard","has-post-thumbnail","hentry","category-cotidiano"],"distributor_meta":false,"distributor_terms":false,"distributor_media":false,"distributor_original_site_name":"Noticias em Destaque","distributor_original_site_url":"https:\/\/noticiasdestaque.com.br","push-errors":false,"_links":{"self":[{"href":"https:\/\/noticiasdestaque.com.br\/index.php\/wp-json\/wp\/v2\/posts\/45955","targetHints":{"allow":["GET"]}}],"collection":[{"href":"https:\/\/noticiasdestaque.com.br\/index.php\/wp-json\/wp\/v2\/posts"}],"about":[{"href":"https:\/\/noticiasdestaque.com.br\/index.php\/wp-json\/wp\/v2\/types\/post"}],"author":[{"embeddable":true,"href":"https:\/\/noticiasdestaque.com.br\/index.php\/wp-json\/wp\/v2\/users\/1"}],"replies":[{"embeddable":true,"href":"https:\/\/noticiasdestaque.com.br\/index.php\/wp-json\/wp\/v2\/comments?post=45955"}],"version-history":[{"count":0,"href":"https:\/\/noticiasdestaque.com.br\/index.php\/wp-json\/wp\/v2\/posts\/45955\/revisions"}],"wp:featuredmedia":[{"embeddable":true,"href":"https:\/\/noticiasdestaque.com.br\/index.php\/wp-json\/wp\/v2\/media\/45956"}],"wp:attachment":[{"href":"https:\/\/noticiasdestaque.com.br\/index.php\/wp-json\/wp\/v2\/media?parent=45955"}],"wp:term":[{"taxonomy":"category","embeddable":true,"href":"https:\/\/noticiasdestaque.com.br\/index.php\/wp-json\/wp\/v2\/categories?post=45955"},{"taxonomy":"post_tag","embeddable":true,"href":"https:\/\/noticiasdestaque.com.br\/index.php\/wp-json\/wp\/v2\/tags?post=45955"}],"curies":[{"name":"wp","href":"https:\/\/api.w.org\/{rel}","templated":true}]}}