{"id":45953,"date":"2025-09-16T18:10:00","date_gmt":"2025-09-16T21:10:00","guid":{"rendered":"https:\/\/noticiasdestaque.com.br\/index.php\/2025\/09\/16\/previsao-do-tempo-norte-tera-quarta-feira-17-com-pancadas-de-chuva-em-boa-parte-da-regiao\/"},"modified":"2025-09-16T18:10:00","modified_gmt":"2025-09-16T21:10:00","slug":"previsao-do-tempo-norte-tera-quarta-feira-17-com-pancadas-de-chuva-em-boa-parte-da-regiao","status":"publish","type":"post","link":"https:\/\/noticiasdestaque.com.br\/index.php\/2025\/09\/16\/previsao-do-tempo-norte-tera-quarta-feira-17-com-pancadas-de-chuva-em-boa-parte-da-regiao\/","title":{"rendered":"PREVIS\u00c3O DO TEMPO: Norte ter\u00e1 quarta-feira (17) com pancadas de chuva em boa parte da regi\u00e3o"},"content":{"rendered":"<p>\t\t\t\t\t\t\t\t\t\t<audio controls class=\"b61_audio_player\" data-noticia=\"84623\" src=\"https:\/\/brasil61.com\/rails\/active_storage\/blobs\/eyJfcmFpbHMiOnsibWVzc2FnZSI6IkJBaHBBNUdiQXc9PSIsImV4cCI6bnVsbCwicHVyIjoiYmxvYl9pZCJ9fQ==--aea6e3f7e659e242c88b93c1b2f386062918e4bf\/PTRN254553A\"><\/audio><\/p>\n<p>A previs\u00e3o do tempo para esta quarta-feira (17) indica que, no Norte do Brasil, o dia ser\u00e1 de chuva na maior parte da regi\u00e3o. Para a totalidade dos estados do Acre e de Rond\u00f4nia, a previs\u00e3o \u00e9 de pancadas de chuva e trovoadas isoladas.\u00a0<\/p>\n<p>No Amazonas, essa mesma condi\u00e7\u00e3o est\u00e1 prevista para \u00e1reas de Japur\u00e1, Alto Solim\u00f5es, Juru\u00e1, Tef\u00e9, Boca do Acre e Rio Negro. Acumulados mais intensos tamb\u00e9m est\u00e3o previstos para a \u00e1rea do centro ao norte de Roraima, em munic\u00edpios como Alto Alegre e Amajari.\u00a0<\/p>\n<p>J\u00e1 para quase todo o estado do Par\u00e1; para o norte e o este do Amap\u00e1 e uma pequena parte do sul do Tocantins, h\u00e1 possibilidade de chuva. Para as demais \u00e1reas, apenas varia\u00e7\u00e3o entre muitas e poucas nuvens.\u00a0<\/p>\n<p>Entre as capitais, a temperatura m\u00ednima deve chegar a 22\u00b0C, em Rio Branco. J\u00e1 a m\u00e1xima prevista \u00e9 de 39\u00b0C, em Palmas. A umidade relativa do ar varia entre 20% e 100%.\u00a0<\/p>\n<h2>5 Motivos para saber das previs\u00f5es do tempo \u00a0<\/h2>\n<ul>\n<li>Agricultura: garantia de uma boa colheita;<\/li>\n<li>Marinha: prote\u00e7\u00e3o dos marinheiros, dos navios e dos passageiros;<\/li>\n<li>Aeron\u00e1utica: prote\u00e7\u00e3o e seguran\u00e7a dos pilotos, das aeronaves e dos passageiros;<\/li>\n<li>Pesca: condi\u00e7\u00f5es favor\u00e1veis e seguras \u00e0 pesca; e<\/li>\n<li>Turismo: garantia de um passeio e de uma viagem feliz e tranquila.<\/li>\n<\/ul>\n<h2>Import\u00e2ncia das observa\u00e7\u00f5es meteorol\u00f3gicas no INMET<\/h2>\n<p>As observa\u00e7\u00f5es meteorol\u00f3gicas do INMET s\u00e3o essenciais para previs\u00f5es em tempo real, estat\u00edsticas clim\u00e1ticas e coopera\u00e7\u00e3o internacional. Esses dados precisos ajudam a estudar o clima passado e a produzir Normais Climatol\u00f3gicas conforme a Organiza\u00e7\u00e3o Meteorol\u00f3gica Mundial (OMM).<\/p>\n<p>As informa\u00e7\u00f5es s\u00e3o do Instituto Nacional de Meteorologia <a href=\"https:\/\/portal.inmet.gov.br\/\" target=\"_blank\">(Inmet)<\/a>. \u00a0<\/p>\n<p>\t\t\t\t\t\t\t\t\t<img loading=\"lazy\" decoding=\"async\" src=\"https:\/\/brasil61.com\/api\/v1\/serve_pixel\/17677\/84623\" alt=\"Pixel Brasil 61\" class=\"b61_pixel\" width=\"0\" height=\"0\"><\/p>\n<input type=\"hidden\" id=\"baseurl\" value=\"https:\/\/noticiasdestaque.com.br\"><input type=\"hidden\" id=\"audio_nonce\" value=\"6f73a554f1\">","protected":false},"excerpt":{"rendered":"<p>Entre as capitais, a temperatura m\u00ednima deve chegar a 22\u00b0C, em Rio Branco. J\u00e1 a m\u00e1xima prevista \u00e9 de 39\u00b0C, em Palmas<\/p>\n","protected":false},"author":1,"featured_media":45954,"comment_status":"open","ping_status":"open","sticky":false,"template":"","format":"standard","meta":{"fifu_image_url":"","fifu_image_alt":"","footnotes":""},"categories":[58],"tags":[],"class_list":["post-45953","post","type-post","status-publish","format-standard","has-post-thumbnail","hentry","category-cotidiano"],"distributor_meta":false,"distributor_terms":false,"distributor_media":false,"distributor_original_site_name":"Noticias em Destaque","distributor_original_site_url":"https:\/\/noticiasdestaque.com.br","push-errors":false,"_links":{"self":[{"href":"https:\/\/noticiasdestaque.com.br\/index.php\/wp-json\/wp\/v2\/posts\/45953","targetHints":{"allow":["GET"]}}],"collection":[{"href":"https:\/\/noticiasdestaque.com.br\/index.php\/wp-json\/wp\/v2\/posts"}],"about":[{"href":"https:\/\/noticiasdestaque.com.br\/index.php\/wp-json\/wp\/v2\/types\/post"}],"author":[{"embeddable":true,"href":"https:\/\/noticiasdestaque.com.br\/index.php\/wp-json\/wp\/v2\/users\/1"}],"replies":[{"embeddable":true,"href":"https:\/\/noticiasdestaque.com.br\/index.php\/wp-json\/wp\/v2\/comments?post=45953"}],"version-history":[{"count":0,"href":"https:\/\/noticiasdestaque.com.br\/index.php\/wp-json\/wp\/v2\/posts\/45953\/revisions"}],"wp:featuredmedia":[{"embeddable":true,"href":"https:\/\/noticiasdestaque.com.br\/index.php\/wp-json\/wp\/v2\/media\/45954"}],"wp:attachment":[{"href":"https:\/\/noticiasdestaque.com.br\/index.php\/wp-json\/wp\/v2\/media?parent=45953"}],"wp:term":[{"taxonomy":"category","embeddable":true,"href":"https:\/\/noticiasdestaque.com.br\/index.php\/wp-json\/wp\/v2\/categories?post=45953"},{"taxonomy":"post_tag","embeddable":true,"href":"https:\/\/noticiasdestaque.com.br\/index.php\/wp-json\/wp\/v2\/tags?post=45953"}],"curies":[{"name":"wp","href":"https:\/\/api.w.org\/{rel}","templated":true}]}}