{"id":45945,"date":"2025-09-16T04:00:00","date_gmt":"2025-09-16T07:00:00","guid":{"rendered":"https:\/\/noticiasdestaque.com.br\/index.php\/2025\/09\/16\/congresso-nacional-emendas-parlamentares-somam-mais-de-r-11-bilhoes-para-estados-e-capitais\/"},"modified":"2025-09-16T04:00:00","modified_gmt":"2025-09-16T07:00:00","slug":"congresso-nacional-emendas-parlamentares-somam-mais-de-r-11-bilhoes-para-estados-e-capitais","status":"publish","type":"post","link":"https:\/\/noticiasdestaque.com.br\/index.php\/2025\/09\/16\/congresso-nacional-emendas-parlamentares-somam-mais-de-r-11-bilhoes-para-estados-e-capitais\/","title":{"rendered":"Congresso Nacional: Emendas parlamentares somam mais de R$ 11 bilh\u00f5es para estados e capitais"},"content":{"rendered":"<p>\t\t\t\t\t\t\t\t\t\t<audio controls class=\"b61_audio_player\" data-noticia=\"84618\" src=\"https:\/\/brasil61.com\/rails\/active_storage\/blobs\/eyJfcmFpbHMiOnsibWVzc2FnZSI6IkJBaHBBL2FhQXc9PSIsImV4cCI6bnVsbCwicHVyIjoiYmxvYl9pZCJ9fQ==--783fc4ac3ca730fd6c47e77d7907d9f995f109d5\/BRAS2514722A\"><\/audio><\/p>\n<p>Um <a href=\"http:\/\/www2.camara.leg.br\/orcamento-da-uniao\/estudos\/2025\/Estudoimpositividadelocal.pdf\" target=\"_blank\">levantamento realizado pela C\u00e2mara dos Deputados<\/a> mostra que as <strong>emendas parlamentares impositivas<\/strong> de deputados estaduais foram destinadas a <strong>22 estados<\/strong> e ao <strong>Distrito Federal<\/strong>, totalizando <strong>mais de R$ 11 bilh\u00f5es. Minas Gerais<\/strong> concentra o maior volume financeiro, com <strong>R$ 2,2 bilh\u00f5es<\/strong>, seguido por <strong>S\u00e3o Paulo<\/strong> (cerca de <strong>R$ 1,2 bilh\u00e3o<\/strong>) <strong>e Santa Catarina<\/strong> (<strong>R$ 817 milh\u00f5es<\/strong>).<\/p>\n<p>O <strong>Distrito Federal<\/strong> lidera em valor por parlamentar, com <strong>R$ 30,3 milh\u00f5es<\/strong>, seguido de <strong>Minas Gerais<\/strong> (<strong>R$ 28,7 milh\u00f5es<\/strong>) e <strong>Roraima<\/strong> (<strong>R$ 28,5 milh\u00f5es<\/strong>). Entre as capitais, <strong>Belo Horizonte<\/strong> recebeu o maior montante (<strong>R$ 525 milh\u00f5es<\/strong>), enquanto <strong>Campo Grande<\/strong> registrou o menor valor (<strong>R$ 8,1 milh\u00f5es<\/strong>). Ao todo, as <strong>capitais<\/strong> receberam <strong>R$ 1 bilh\u00e3o<\/strong> em emendas.<\/p>\n<p><img decoding=\"async\" style=\"width:100%\" alt=\"\" src=\"https:\/\/noticiasdestaque.com.br\/wp-content\/uploads\/2025\/09\/CongressoNacionalEmendasparlamentaressomammaisdeR11bilhesparaestadosecapitais_0992641001758006136.jpeg\" \/><\/p>\n<p>A participa\u00e7\u00e3o das emendas para financiamento de investimentos p\u00fablicos vai de 134% em <strong>Roraima<\/strong> a 2% no <strong>Cear\u00e1<\/strong>. O \u00edndice \u00e9 de 71,4% para a Uni\u00e3o.\u00a0<\/p>\n<p><img decoding=\"async\" style=\"width:100%\" alt=\"\" src=\"https:\/\/noticiasdestaque.com.br\/wp-content\/uploads\/2025\/09\/CongressoNacionalEmendasparlamentaressomammaisdeR11bilhesparaestadosecapitais_0080179001758006138.jpeg\" \/><\/p>\n<p>O consultor or\u00e7ament\u00e1rio C\u00e9sar Lima explica que o estudo refere-se a <strong>estados e munic\u00edpios que j\u00e1 adotam o instrumento das emendas impositivas<\/strong>. \u201cEm 2015, a Constitui\u00e7\u00e3o Federal criou o instrumento da emenda parlamentar impositiva no or\u00e7amento federal. Trata-se de uma regra geral que pode ou n\u00e3o ser adotada por estados e munic\u00edpios\u201d, detalha.\u00a0<\/p>\n<h2>O que s\u00e3o emendas impositivas<\/h2>\n<p>As <strong>emendas impositivas<\/strong> s\u00e3o de <strong>execu\u00e7\u00e3o obrigat\u00f3ria<\/strong>, sob pena de <strong>crime de responsabilidade<\/strong>, salvo em situa\u00e7\u00f5es previstas na <strong>Constitui\u00e7\u00e3o Federal<\/strong>. Pela regra federal, <strong>50%<\/strong> dos recursos devem ser destinados a <strong>servi\u00e7os p\u00fablicos de sa\u00fade<\/strong>.<\/p>\n<p>Nos <strong>estados e munic\u00edpios<\/strong> que adotaram esse mecanismo, podem existir regras pr\u00f3prias, desde que previstas em <strong>constitui\u00e7\u00f5es estaduais<\/strong> ou <strong>leis org\u00e2nicas<\/strong>. O estudo indica que <strong>23 das 27 unidades da federa\u00e7\u00e3o<\/strong> j\u00e1 regulamentaram o instrumento e, entre elas, <strong>17<\/strong> tamb\u00e9m adotaram as chamadas <strong>emendas especiais<\/strong>, conhecidas como <strong>emendas Pix<\/strong>.<\/p>\n<p>As <strong>emendas Pix<\/strong> permitem <strong>transfer\u00eancias diretas<\/strong> de recursos sem necessidade de <strong>conv\u00eanio, termo de parceria ou fomento<\/strong>.<\/p>\n<h2>Estudo<\/h2>\n<p>O levantamento mapeia as <strong>emendas impositivas<\/strong> nas constitui\u00e7\u00f5es estaduais e leis org\u00e2nicas municipais, al\u00e9m de analisar decis\u00f5es do <a href=\"https:\/\/portal.stf.jus.br\/\" target=\"_blank\">Supremo Tribunal Federal (STF)<\/a> sobre a necessidade de as assembleias estaduais e c\u00e2maras de vereadores seguirem os mesmos crit\u00e9rios aplicados em \u00e2mbito federal.\u00a0<\/p>\n<p>O c\u00e1lculo das emendas varia entre os munic\u00edpios. No modelo federal, deputados federais t\u00eam direito a 1,55% da receita corrente l\u00edquida, e senadores, a 0,45%. O estudo aponta que h\u00e1 casos de emendas coletivas e de bancada, o que evidencia a diversidade de crit\u00e9rios. De acordo com o texto, essa diferen\u00e7a em rela\u00e7\u00e3o ao padr\u00e3o federal pode abrir margem para questionamentos jur\u00eddicos.<\/p>\n<p>O levantamento n\u00e3o cita o per\u00edodo de realiza\u00e7\u00e3o das emendas. A reportagem tentou entrar em contato com os consultores, mas n\u00e3o obteve retorno.<\/p>\n<p>\t\t\t\t\t\t\t\t\t<img loading=\"lazy\" decoding=\"async\" src=\"https:\/\/brasil61.com\/api\/v1\/serve_pixel\/17677\/84618\" alt=\"Pixel Brasil 61\" class=\"b61_pixel\" width=\"0\" height=\"0\"><\/p>\n<input type=\"hidden\" id=\"baseurl\" value=\"https:\/\/noticiasdestaque.com.br\"><input type=\"hidden\" id=\"audio_nonce\" value=\"5128c810d9\">","protected":false},"excerpt":{"rendered":"<p>Estudo realizado pela C\u00e2mara dos Deputados mostra que Minas Gerais lidera o ranking de emendas estaduais, com R$ 2,2 bilh\u00f5es <\/p>\n","protected":false},"author":1,"featured_media":45946,"comment_status":"open","ping_status":"open","sticky":false,"template":"","format":"standard","meta":{"fifu_image_url":"","fifu_image_alt":"","footnotes":""},"categories":[59],"tags":[],"class_list":["post-45945","post","type-post","status-publish","format-standard","has-post-thumbnail","hentry","category-economia"],"distributor_meta":false,"distributor_terms":false,"distributor_media":false,"distributor_original_site_name":"Noticias em Destaque","distributor_original_site_url":"https:\/\/noticiasdestaque.com.br","push-errors":false,"_links":{"self":[{"href":"https:\/\/noticiasdestaque.com.br\/index.php\/wp-json\/wp\/v2\/posts\/45945","targetHints":{"allow":["GET"]}}],"collection":[{"href":"https:\/\/noticiasdestaque.com.br\/index.php\/wp-json\/wp\/v2\/posts"}],"about":[{"href":"https:\/\/noticiasdestaque.com.br\/index.php\/wp-json\/wp\/v2\/types\/post"}],"author":[{"embeddable":true,"href":"https:\/\/noticiasdestaque.com.br\/index.php\/wp-json\/wp\/v2\/users\/1"}],"replies":[{"embeddable":true,"href":"https:\/\/noticiasdestaque.com.br\/index.php\/wp-json\/wp\/v2\/comments?post=45945"}],"version-history":[{"count":0,"href":"https:\/\/noticiasdestaque.com.br\/index.php\/wp-json\/wp\/v2\/posts\/45945\/revisions"}],"wp:featuredmedia":[{"embeddable":true,"href":"https:\/\/noticiasdestaque.com.br\/index.php\/wp-json\/wp\/v2\/media\/45946"}],"wp:attachment":[{"href":"https:\/\/noticiasdestaque.com.br\/index.php\/wp-json\/wp\/v2\/media?parent=45945"}],"wp:term":[{"taxonomy":"category","embeddable":true,"href":"https:\/\/noticiasdestaque.com.br\/index.php\/wp-json\/wp\/v2\/categories?post=45945"},{"taxonomy":"post_tag","embeddable":true,"href":"https:\/\/noticiasdestaque.com.br\/index.php\/wp-json\/wp\/v2\/tags?post=45945"}],"curies":[{"name":"wp","href":"https:\/\/api.w.org\/{rel}","templated":true}]}}