{"id":45937,"date":"2025-09-15T18:30:00","date_gmt":"2025-09-15T21:30:00","guid":{"rendered":"https:\/\/noticiasdestaque.com.br\/index.php\/2025\/09\/15\/previsao-do-tempo-terca-feira-16-com-chuvas-em-mt-e-ms\/"},"modified":"2025-09-15T18:30:00","modified_gmt":"2025-09-15T21:30:00","slug":"previsao-do-tempo-terca-feira-16-com-chuvas-em-mt-e-ms","status":"publish","type":"post","link":"https:\/\/noticiasdestaque.com.br\/index.php\/2025\/09\/15\/previsao-do-tempo-terca-feira-16-com-chuvas-em-mt-e-ms\/","title":{"rendered":"PREVIS\u00c3O DO TEMPO: ter\u00e7a-feira (16) com chuvas em MT e MS"},"content":{"rendered":"<p>\t\t\t\t\t\t\t\t\t\t<audio controls class=\"b61_audio_player\" data-noticia=\"84603\" src=\"https:\/\/brasil61.com\/rails\/active_storage\/blobs\/eyJfcmFpbHMiOnsibWVzc2FnZSI6IkJBaHBBK0NhQXc9PSIsImV4cCI6bnVsbCwicHVyIjoiYmxvYl9pZCJ9fQ==--6dd9c6cf73712b23400b63734ebb388d215bae51\/PTCO254203A\"><\/audio><\/p>\n<p>A <strong>previs\u00e3o do tempo para a regi\u00e3o Centro-Oeste<\/strong> <strong>nesta ter\u00e7a-feira (16)<\/strong>, \u00e9 de manh\u00e3 com\u00a0varia\u00e7\u00e3o entre muitas e poucas nuvens em <strong>Mato Grosso, Goi\u00e1s e Mato Grosso do Sul<\/strong>, enquanto \u00e1reas mais ao oeste, pr\u00f3ximas \u00e0 divisa com a Bol\u00edvia, registram chuvas isoladas.<\/p>\n<p>\u00c0 tarde, o sol predomina em grande parte da regi\u00e3o, mas ainda h\u00e1 varia\u00e7\u00e3o de nebulosidade em <strong>Mato Grosso do Sul e no oeste de Mato Grosso<\/strong>, com pancadas de chuva.<\/p>\n<p>Durante a noite, muitas nuvens em <strong>Mato Grosso e Mato Grosso do Sul<\/strong>, com possibilidade de chuvas.<\/p>\n<p>No <strong>Distrito Federal<\/strong> e em <strong>Goi\u00e1s<\/strong>, h\u00e1 varia\u00e7\u00e3o entre muitas e poucas nuvens, mas sem chuvas durante o dia e \u00e0 noite.<\/p>\n<p>Entre as capitais,<strong>\u00a0Bras\u00edlia\u00a0<\/strong>deve\u00a0registrar a menor temperatura do dia, com m\u00ednima prevista de 19\u00b0C. J\u00e1 a m\u00e1xima pode atingir at\u00e9 39\u00b0C, em <b>Cuiab\u00e1 e Campo Grande<\/b>. A umidade relativa do ar varia entre 20% e 70%.<\/p>\n<h2 data-end=\"1343\" data-start=\"1109\">5 Motivos para saber das previs\u00f5es do tempo\u00a0\u00a0<\/h2>\n<ol>\n<li>Agricultura: garantia de uma boa colheita;<\/li>\n<li>Marinha: prote\u00e7\u00e3o dos marinheiros, dos navios e dos passageiros;<\/li>\n<li>Aeron\u00e1utica: prote\u00e7\u00e3o e seguran\u00e7a dos pilotos, das aeronaves e dos passageiros;<\/li>\n<li>Pesca: condi\u00e7\u00f5es favor\u00e1veis e seguras \u00e0 pesca; e<\/li>\n<li>Turismo: garantia de um passeio e de uma viagem feliz e tranquila.<\/li>\n<\/ol>\n<h2>Import\u00e2ncia das observa\u00e7\u00f5es meteorol\u00f3gicas no INMET<\/h2>\n<p>As observa\u00e7\u00f5es meteorol\u00f3gicas do <strong>INMET <\/strong>s\u00e3o essenciais para previs\u00f5es em tempo real, estat\u00edsticas clim\u00e1ticas e coopera\u00e7\u00e3o internacional. Esses dados precisos ajudam a estudar o clima passado e a produzir <strong>Normais Climatol\u00f3gicas<\/strong> conforme a <strong>Organiza\u00e7\u00e3o Meteorol\u00f3gica Mundial (OMM)<\/strong>.<\/p>\n<p>As informa\u00e7\u00f5es s\u00e3o do<strong> Instituto Nacional de Meteorologia (<a href=\"https:\/\/portal.inmet.gov.br\/\" target=\"_blank\">Inmet<\/a>)<\/strong>.<br \/>\n\u00a0<\/p>\n<p>\t\t\t\t\t\t\t\t\t<img loading=\"lazy\" decoding=\"async\" src=\"https:\/\/brasil61.com\/api\/v1\/serve_pixel\/17677\/84603\" alt=\"Pixel Brasil 61\" class=\"b61_pixel\" width=\"0\" height=\"0\"><\/p>\n<input type=\"hidden\" id=\"baseurl\" value=\"https:\/\/noticiasdestaque.com.br\"><input type=\"hidden\" id=\"audio_nonce\" value=\"6f73a554f1\">","protected":false},"excerpt":{"rendered":"<p>Entre as capitais,\u00a0Bras\u00edlia\u00a0deve\u00a0registrar a menor temperatura do dia, com m\u00ednima prevista de 19\u00b0C. J\u00e1 a m\u00e1xima pode atingir at\u00e9 39\u00b0C, em Cuiab\u00e1 e Campo Grande. A umidade relativa do ar varia entre 20% e 70%.<\/p>\n","protected":false},"author":1,"featured_media":45938,"comment_status":"open","ping_status":"open","sticky":false,"template":"","format":"standard","meta":{"fifu_image_url":"","fifu_image_alt":"","footnotes":""},"categories":[58],"tags":[],"class_list":["post-45937","post","type-post","status-publish","format-standard","has-post-thumbnail","hentry","category-cotidiano"],"distributor_meta":false,"distributor_terms":false,"distributor_media":false,"distributor_original_site_name":"Noticias em Destaque","distributor_original_site_url":"https:\/\/noticiasdestaque.com.br","push-errors":false,"_links":{"self":[{"href":"https:\/\/noticiasdestaque.com.br\/index.php\/wp-json\/wp\/v2\/posts\/45937","targetHints":{"allow":["GET"]}}],"collection":[{"href":"https:\/\/noticiasdestaque.com.br\/index.php\/wp-json\/wp\/v2\/posts"}],"about":[{"href":"https:\/\/noticiasdestaque.com.br\/index.php\/wp-json\/wp\/v2\/types\/post"}],"author":[{"embeddable":true,"href":"https:\/\/noticiasdestaque.com.br\/index.php\/wp-json\/wp\/v2\/users\/1"}],"replies":[{"embeddable":true,"href":"https:\/\/noticiasdestaque.com.br\/index.php\/wp-json\/wp\/v2\/comments?post=45937"}],"version-history":[{"count":0,"href":"https:\/\/noticiasdestaque.com.br\/index.php\/wp-json\/wp\/v2\/posts\/45937\/revisions"}],"wp:featuredmedia":[{"embeddable":true,"href":"https:\/\/noticiasdestaque.com.br\/index.php\/wp-json\/wp\/v2\/media\/45938"}],"wp:attachment":[{"href":"https:\/\/noticiasdestaque.com.br\/index.php\/wp-json\/wp\/v2\/media?parent=45937"}],"wp:term":[{"taxonomy":"category","embeddable":true,"href":"https:\/\/noticiasdestaque.com.br\/index.php\/wp-json\/wp\/v2\/categories?post=45937"},{"taxonomy":"post_tag","embeddable":true,"href":"https:\/\/noticiasdestaque.com.br\/index.php\/wp-json\/wp\/v2\/tags?post=45937"}],"curies":[{"name":"wp","href":"https:\/\/api.w.org\/{rel}","templated":true}]}}