{"id":45935,"date":"2025-09-15T18:20:00","date_gmt":"2025-09-15T21:20:00","guid":{"rendered":"https:\/\/noticiasdestaque.com.br\/index.php\/2025\/09\/15\/previsao-do-tempo-manha-de-terca-feira-16-sem-chuvas-no-sudeste\/"},"modified":"2025-09-15T18:20:00","modified_gmt":"2025-09-15T21:20:00","slug":"previsao-do-tempo-manha-de-terca-feira-16-sem-chuvas-no-sudeste","status":"publish","type":"post","link":"https:\/\/noticiasdestaque.com.br\/index.php\/2025\/09\/15\/previsao-do-tempo-manha-de-terca-feira-16-sem-chuvas-no-sudeste\/","title":{"rendered":"PREVIS\u00c3O DO TEMPO: manh\u00e3 de ter\u00e7a-feira (16) sem chuvas no Sudeste"},"content":{"rendered":"<p>\t\t\t\t\t\t\t\t\t\t<audio controls class=\"b61_audio_player\" data-noticia=\"84602\" src=\"https:\/\/brasil61.com\/rails\/active_storage\/blobs\/eyJfcmFpbHMiOnsibWVzc2FnZSI6IkJBaHBBK0dhQXc9PSIsImV4cCI6bnVsbCwicHVyIjoiYmxvYl9pZCJ9fQ==--eb78c73455b2d3f71d6da06dafe7bdecef9d0ec5\/PTSD254190A\"><\/audio><\/p>\n<p>A previs\u00e3o do tempo para esta ter\u00e7a-feira (16) na regi\u00e3o Sudeste, \u00e9 de manh\u00e3\u00a0com varia\u00e7\u00e3o entre\u00a0muitas e poucas nuvens em <strong>Minas Gerais, Esp\u00edrito Santo e Rio de Janeiro<\/strong>, enquanto no interior de <strong>S\u00e3o Paulo<\/strong> o tempo se mant\u00e9m mais aberto, com poucas nuvens.<\/p>\n<p>\u00c0 tarde, parte de <strong>Minas Gerais<\/strong> e do interior paulista continua com sol entre nuvens, mas em \u00e1reas do <strong>Esp\u00edrito Santo, leste de Minas e faixa litor\u00e2nea do Rio de Janeiro<\/strong>\u00a0s\u00e3o esperadas\u00a0chuvas isoladas.<\/p>\n<p>\u00c0 noite, as chuvas se intensificam, especialmente no litoral do <strong>Rio de Janeiro, Esp\u00edrito Santo e sul de Minas Gerais<\/strong>, enquanto o interior de <strong>S\u00e3o<\/strong> <strong>Paulo e de Minas<\/strong> ainda apresenta muitas nuvens.<\/p>\n<p>Entre as capitais, a temperatura m\u00ednima deve chegar a 14\u00b0C, em\u00a0Belo Horizonte. J\u00e1 a m\u00e1xima prevista \u00e9 de 29\u00b0C, na mesma capital. A umidade relativa do ar varia entre 30% e 100%.\u00a0<\/p>\n<h2 data-end=\"1343\" data-start=\"1109\">5 Motivos para saber das previs\u00f5es do tempo\u00a0\u00a0<\/h2>\n<ol>\n<li>Agricultura: garantia de uma boa colheita;<\/li>\n<li>Marinha: prote\u00e7\u00e3o dos marinheiros, dos navios e dos passageiros;<\/li>\n<li>Aeron\u00e1utica: prote\u00e7\u00e3o e seguran\u00e7a dos pilotos, das aeronaves e dos passageiros;<\/li>\n<li>Pesca: condi\u00e7\u00f5es favor\u00e1veis e seguras \u00e0 pesca; e<\/li>\n<li>Turismo: garantia de um passeio e de uma viagem feliz e tranquila.<\/li>\n<\/ol>\n<h2>Import\u00e2ncia das observa\u00e7\u00f5es meteorol\u00f3gicas no INMET<\/h2>\n<p>As observa\u00e7\u00f5es meteorol\u00f3gicas do <strong>INMET <\/strong>s\u00e3o essenciais para previs\u00f5es em tempo real, estat\u00edsticas clim\u00e1ticas e coopera\u00e7\u00e3o internacional. Esses dados precisos ajudam a estudar o clima passado e a produzir <strong>Normais Climatol\u00f3gicas<\/strong> conforme a <strong>Organiza\u00e7\u00e3o Meteorol\u00f3gica Mundial (OMM)<\/strong>.<\/p>\n<p>As informa\u00e7\u00f5es s\u00e3o do<strong> Instituto Nacional de Meteorologia (<a href=\"https:\/\/portal.inmet.gov.br\/\" target=\"_blank\">Inmet<\/a>)<\/strong>.\u00a0<\/p>\n<p>\t\t\t\t\t\t\t\t\t<img loading=\"lazy\" decoding=\"async\" src=\"https:\/\/brasil61.com\/api\/v1\/serve_pixel\/17677\/84602\" alt=\"Pixel Brasil 61\" class=\"b61_pixel\" width=\"0\" height=\"0\"><\/p>\n<input type=\"hidden\" id=\"baseurl\" value=\"https:\/\/noticiasdestaque.com.br\"><input type=\"hidden\" id=\"audio_nonce\" value=\"6f73a554f1\">","protected":false},"excerpt":{"rendered":"<p>Entre as capitais, a temperatura m\u00ednima deve chegar a 14\u00b0C, em\u00a0Belo Horizonte. J\u00e1 a m\u00e1xima prevista \u00e9 de 29\u00b0C, na mesma capital. A umidade relativa do ar varia entre 30% e 100%.\u00a0<\/p>\n","protected":false},"author":1,"featured_media":45936,"comment_status":"open","ping_status":"open","sticky":false,"template":"","format":"standard","meta":{"fifu_image_url":"","fifu_image_alt":"","footnotes":""},"categories":[58],"tags":[],"class_list":["post-45935","post","type-post","status-publish","format-standard","has-post-thumbnail","hentry","category-cotidiano"],"distributor_meta":false,"distributor_terms":false,"distributor_media":false,"distributor_original_site_name":"Noticias em Destaque","distributor_original_site_url":"https:\/\/noticiasdestaque.com.br","push-errors":false,"_links":{"self":[{"href":"https:\/\/noticiasdestaque.com.br\/index.php\/wp-json\/wp\/v2\/posts\/45935","targetHints":{"allow":["GET"]}}],"collection":[{"href":"https:\/\/noticiasdestaque.com.br\/index.php\/wp-json\/wp\/v2\/posts"}],"about":[{"href":"https:\/\/noticiasdestaque.com.br\/index.php\/wp-json\/wp\/v2\/types\/post"}],"author":[{"embeddable":true,"href":"https:\/\/noticiasdestaque.com.br\/index.php\/wp-json\/wp\/v2\/users\/1"}],"replies":[{"embeddable":true,"href":"https:\/\/noticiasdestaque.com.br\/index.php\/wp-json\/wp\/v2\/comments?post=45935"}],"version-history":[{"count":0,"href":"https:\/\/noticiasdestaque.com.br\/index.php\/wp-json\/wp\/v2\/posts\/45935\/revisions"}],"wp:featuredmedia":[{"embeddable":true,"href":"https:\/\/noticiasdestaque.com.br\/index.php\/wp-json\/wp\/v2\/media\/45936"}],"wp:attachment":[{"href":"https:\/\/noticiasdestaque.com.br\/index.php\/wp-json\/wp\/v2\/media?parent=45935"}],"wp:term":[{"taxonomy":"category","embeddable":true,"href":"https:\/\/noticiasdestaque.com.br\/index.php\/wp-json\/wp\/v2\/categories?post=45935"},{"taxonomy":"post_tag","embeddable":true,"href":"https:\/\/noticiasdestaque.com.br\/index.php\/wp-json\/wp\/v2\/tags?post=45935"}],"curies":[{"name":"wp","href":"https:\/\/api.w.org\/{rel}","templated":true}]}}