{"id":45933,"date":"2025-09-15T18:10:00","date_gmt":"2025-09-15T21:10:00","guid":{"rendered":"https:\/\/noticiasdestaque.com.br\/index.php\/2025\/09\/15\/previsao-do-tempo-terca-feira-16-chuvosa-no-norte\/"},"modified":"2025-09-15T18:10:00","modified_gmt":"2025-09-15T21:10:00","slug":"previsao-do-tempo-terca-feira-16-chuvosa-no-norte","status":"publish","type":"post","link":"https:\/\/noticiasdestaque.com.br\/index.php\/2025\/09\/15\/previsao-do-tempo-terca-feira-16-chuvosa-no-norte\/","title":{"rendered":"PREVIS\u00c3O DO TEMPO: ter\u00e7a-feira (16) chuvosa no Norte"},"content":{"rendered":"<p>\t\t\t\t\t\t\t\t\t\t<audio controls class=\"b61_audio_player\" data-noticia=\"84601\" src=\"https:\/\/brasil61.com\/rails\/active_storage\/blobs\/eyJfcmFpbHMiOnsibWVzc2FnZSI6IkJBaHBBK0thQXc9PSIsImV4cCI6bnVsbCwicHVyIjoiYmxvYl9pZCJ9fQ==--b8b07479c3adfc3d678ee8f833d19037b83ee0a9\/PTRN254552A\"><\/audio><\/p>\n<p>A <strong>previs\u00e3o do tempo para esta ter\u00e7a-feira (16) na\u00a0regi\u00e3o Norte<\/strong>, \u00e9 de manh\u00e3 com chuvas isoladas no <strong>Amazonas, Acre, Rond\u00f4nia, Roraima e Amap\u00e1<\/strong>, enquanto \u00e1reas do <strong>Par\u00e1 e Tocantins<\/strong> t\u00eam varia\u00e7\u00e3o entre muitas e poucas nuvens, com muitas nuvens no centro-leste e per\u00edodos de sol em parte do leste.<\/p>\n<p>\u00c0 tarde, as chuvas continuam no <strong>Acre<\/strong>, sul do <strong>Amazonas <\/strong>e <strong>Rond\u00f4nia<\/strong>, enquanto no <strong>Amap\u00e1, Par\u00e1 e Tocantins<\/strong> o tempo fica entre muitas e poucas nuvens, mas sem chuvas.<\/p>\n<p>\u00c0 noite, as\u00a0chuvas continuam no <strong>Amazonas, Acre, Rond\u00f4nia, Roraima e Amap\u00e1<\/strong>, acompanhadas por muitas nuvens tamb\u00e9m no <strong>Par\u00e1 <\/strong>e <strong>Tocantins.<\/strong><\/p>\n<p>Entre as capitais, a temperatura m\u00ednima deve chegar a 22\u00b0C, em Bel\u00e9m. J\u00e1 a m\u00e1xima prevista \u00e9 de 39\u00b0C, em Palmas. A umidade relativa do ar varia entre 20% e 100%.\u00a0<\/p>\n<h2 data-end=\"1343\" data-start=\"1109\">5 Motivos para saber das previs\u00f5es do tempo\u00a0\u00a0<\/h2>\n<ol>\n<li>Agricultura: garantia de uma boa colheita;<\/li>\n<li>Marinha: prote\u00e7\u00e3o dos marinheiros, dos navios e dos passageiros;<\/li>\n<li>Aeron\u00e1utica: prote\u00e7\u00e3o e seguran\u00e7a dos pilotos, das aeronaves e dos passageiros;<\/li>\n<li>Pesca: condi\u00e7\u00f5es favor\u00e1veis e seguras \u00e0 pesca; e<\/li>\n<li>Turismo: garantia de um passeio e de uma viagem feliz e tranquila.<\/li>\n<\/ol>\n<h2>Import\u00e2ncia das observa\u00e7\u00f5es meteorol\u00f3gicas no INMET<\/h2>\n<p>As observa\u00e7\u00f5es meteorol\u00f3gicas do <strong>INMET <\/strong>s\u00e3o essenciais para previs\u00f5es em tempo real, estat\u00edsticas clim\u00e1ticas e coopera\u00e7\u00e3o internacional. Esses dados precisos ajudam a estudar o clima passado e a produzir <strong>Normais Climatol\u00f3gicas<\/strong> conforme a <strong>Organiza\u00e7\u00e3o Meteorol\u00f3gica Mundial (OMM)<\/strong>.<\/p>\n<p>As informa\u00e7\u00f5es s\u00e3o do <strong>Instituto Nacional de Meteorologia (<a href=\"https:\/\/portal.inmet.gov.br\/\" target=\"_blank\">Inmet<\/a>)<\/strong>.\u00a0<\/p>\n<p>\t\t\t\t\t\t\t\t\t<img loading=\"lazy\" decoding=\"async\" src=\"https:\/\/brasil61.com\/api\/v1\/serve_pixel\/17677\/84601\" alt=\"Pixel Brasil 61\" class=\"b61_pixel\" width=\"0\" height=\"0\"><\/p>\n<input type=\"hidden\" id=\"baseurl\" value=\"https:\/\/noticiasdestaque.com.br\"><input type=\"hidden\" id=\"audio_nonce\" value=\"6f73a554f1\">","protected":false},"excerpt":{"rendered":"<p>Entre as capitais, a temperatura m\u00ednima deve chegar a 22\u00b0C, em Bel\u00e9m. J\u00e1 a m\u00e1xima prevista \u00e9 de 39\u00b0C, em Palmas. A umidade relativa do ar varia entre 20% e 100%.\u00a0<\/p>\n","protected":false},"author":1,"featured_media":45934,"comment_status":"open","ping_status":"open","sticky":false,"template":"","format":"standard","meta":{"fifu_image_url":"","fifu_image_alt":"","footnotes":""},"categories":[58],"tags":[],"class_list":["post-45933","post","type-post","status-publish","format-standard","has-post-thumbnail","hentry","category-cotidiano"],"distributor_meta":false,"distributor_terms":false,"distributor_media":false,"distributor_original_site_name":"Noticias em Destaque","distributor_original_site_url":"https:\/\/noticiasdestaque.com.br","push-errors":false,"_links":{"self":[{"href":"https:\/\/noticiasdestaque.com.br\/index.php\/wp-json\/wp\/v2\/posts\/45933","targetHints":{"allow":["GET"]}}],"collection":[{"href":"https:\/\/noticiasdestaque.com.br\/index.php\/wp-json\/wp\/v2\/posts"}],"about":[{"href":"https:\/\/noticiasdestaque.com.br\/index.php\/wp-json\/wp\/v2\/types\/post"}],"author":[{"embeddable":true,"href":"https:\/\/noticiasdestaque.com.br\/index.php\/wp-json\/wp\/v2\/users\/1"}],"replies":[{"embeddable":true,"href":"https:\/\/noticiasdestaque.com.br\/index.php\/wp-json\/wp\/v2\/comments?post=45933"}],"version-history":[{"count":0,"href":"https:\/\/noticiasdestaque.com.br\/index.php\/wp-json\/wp\/v2\/posts\/45933\/revisions"}],"wp:featuredmedia":[{"embeddable":true,"href":"https:\/\/noticiasdestaque.com.br\/index.php\/wp-json\/wp\/v2\/media\/45934"}],"wp:attachment":[{"href":"https:\/\/noticiasdestaque.com.br\/index.php\/wp-json\/wp\/v2\/media?parent=45933"}],"wp:term":[{"taxonomy":"category","embeddable":true,"href":"https:\/\/noticiasdestaque.com.br\/index.php\/wp-json\/wp\/v2\/categories?post=45933"},{"taxonomy":"post_tag","embeddable":true,"href":"https:\/\/noticiasdestaque.com.br\/index.php\/wp-json\/wp\/v2\/tags?post=45933"}],"curies":[{"name":"wp","href":"https:\/\/api.w.org\/{rel}","templated":true}]}}