{"id":45931,"date":"2025-09-15T18:00:00","date_gmt":"2025-09-15T21:00:00","guid":{"rendered":"https:\/\/noticiasdestaque.com.br\/index.php\/2025\/09\/15\/previsao-do-tempo-terca-feira-16-com-chuvas-no-litoral-nordestino-mas-poucas-nuvens-em-grande-parte-da-regiao\/"},"modified":"2025-09-15T18:00:00","modified_gmt":"2025-09-15T21:00:00","slug":"previsao-do-tempo-terca-feira-16-com-chuvas-no-litoral-nordestino-mas-poucas-nuvens-em-grande-parte-da-regiao","status":"publish","type":"post","link":"https:\/\/noticiasdestaque.com.br\/index.php\/2025\/09\/15\/previsao-do-tempo-terca-feira-16-com-chuvas-no-litoral-nordestino-mas-poucas-nuvens-em-grande-parte-da-regiao\/","title":{"rendered":"PREVIS\u00c3O DO TEMPO: ter\u00e7a-feira (16) com chuvas no litoral nordestino, mas poucas nuvens em grande parte da regi\u00e3o"},"content":{"rendered":"<p>\t\t\t\t\t\t\t\t\t\t<audio controls class=\"b61_audio_player\" data-noticia=\"84600\" src=\"https:\/\/brasil61.com\/rails\/active_storage\/blobs\/eyJfcmFpbHMiOnsibWVzc2FnZSI6IkJBaHBBK09hQXc9PSIsImV4cCI6bnVsbCwicHVyIjoiYmxvYl9pZCJ9fQ==--0a11e6599bb98372220301aa40a6235fb364b936\/PTND254800A\"><\/audio><\/p>\n<p>A <strong>previs\u00e3o do tempo para esta ter\u00e7a-feira (16) na regi\u00e3o Nordeste<\/strong>, \u00e9 de manh\u00e3 com muitas nuvens no interior e chuvas isoladas no litoral da <strong>Bahia, Sergipe e Alagoas<\/strong>, al\u00e9m de n\u00e9voa \u00famida em regi\u00f5es costeiras da <strong>Bahia<\/strong>, enquanto no sert\u00e3o e parte do Piau\u00ed o tempo fica com poucas nuvens.<\/p>\n<p>\u00c0 tarde, grande parte do Nordeste fica com poucas nuvens, mas o litoral, do <strong>Rio Grande do Norte<\/strong> at\u00e9 o sul da <strong>Bahia<\/strong>, segue com chuvas isoladas, enquanto Maranh\u00e3o e Cear\u00e1 ficam com sol entre nuvens.<\/p>\n<p>Durante a\u00a0noite, as\u00a0chuvas continuam entre <strong>Rio Grande do Norte, Para\u00edba, Pernambuco, Alagoas, Sergipe e Bahia<\/strong>, enquanto o interior permanece com muitas nuvens.<\/p>\n<p data-end=\"1343\" data-start=\"1109\">Entre as capitais, a temperatura m\u00ednima prevista \u00e9 de 21\u00b0C, em Macei\u00f3,\u00a0Salvador e Jo\u00e3o Pessoa. J\u00e1 a m\u00e1xima pode chegar a 37\u00b0C, em Teresina. A umidade relativa do ar varia entre 25% e 95%.<\/p>\n<h2 data-end=\"1343\" data-start=\"1109\">5 Motivos para saber das previs\u00f5es do tempo\u00a0\u00a0<\/h2>\n<ol>\n<li>Agricultura: garantia de uma boa colheita;<\/li>\n<li>Marinha: prote\u00e7\u00e3o dos marinheiros, dos navios e dos passageiros;<\/li>\n<li>Aeron\u00e1utica: prote\u00e7\u00e3o e seguran\u00e7a dos pilotos, das aeronaves e dos passageiros;<\/li>\n<li>Pesca: condi\u00e7\u00f5es favor\u00e1veis e seguras \u00e0 pesca; e<\/li>\n<li>Turismo: garantia de um passeio e de uma viagem feliz e tranquila.<\/li>\n<\/ol>\n<h2>Import\u00e2ncia das observa\u00e7\u00f5es meteorol\u00f3gicas no INMET<\/h2>\n<p>As observa\u00e7\u00f5es meteorol\u00f3gicas do <strong>INMET <\/strong>s\u00e3o essenciais para previs\u00f5es em tempo real, estat\u00edsticas clim\u00e1ticas e coopera\u00e7\u00e3o internacional. Esses dados precisos ajudam a estudar o clima passado e a produzir <strong>Normais Climatol\u00f3gicas<\/strong> conforme a <strong>Organiza\u00e7\u00e3o Meteorol\u00f3gica Mundial (OMM)<\/strong>.<\/p>\n<p>As informa\u00e7\u00f5es s\u00e3o do <strong>Instituto Nacional de Meteorologia (<a href=\"https:\/\/portal.inmet.gov.br\/\" target=\"_blank\">Inmet<\/a>)<\/strong>. \u00a0\u00a0<\/p>\n<p>\t\t\t\t\t\t\t\t\t<img loading=\"lazy\" decoding=\"async\" src=\"https:\/\/brasil61.com\/api\/v1\/serve_pixel\/17677\/84600\" alt=\"Pixel Brasil 61\" class=\"b61_pixel\" width=\"0\" height=\"0\"><\/p>\n<input type=\"hidden\" id=\"baseurl\" value=\"https:\/\/noticiasdestaque.com.br\"><input type=\"hidden\" id=\"audio_nonce\" value=\"6f73a554f1\">","protected":false},"excerpt":{"rendered":"<p>Entre as capitais, a temperatura m\u00ednima prevista \u00e9 de 21\u00b0C, em Macei\u00f3,\u00a0Salvador e Jo\u00e3o Pessoa. J\u00e1 a m\u00e1xima pode chegar a 37\u00b0C, em Teresina. A umidade relativa do ar varia entre 25% e 95%.<\/p>\n","protected":false},"author":1,"featured_media":45932,"comment_status":"open","ping_status":"open","sticky":false,"template":"","format":"standard","meta":{"fifu_image_url":"","fifu_image_alt":"","footnotes":""},"categories":[58],"tags":[],"class_list":["post-45931","post","type-post","status-publish","format-standard","has-post-thumbnail","hentry","category-cotidiano"],"distributor_meta":false,"distributor_terms":false,"distributor_media":false,"distributor_original_site_name":"Noticias em Destaque","distributor_original_site_url":"https:\/\/noticiasdestaque.com.br","push-errors":false,"_links":{"self":[{"href":"https:\/\/noticiasdestaque.com.br\/index.php\/wp-json\/wp\/v2\/posts\/45931","targetHints":{"allow":["GET"]}}],"collection":[{"href":"https:\/\/noticiasdestaque.com.br\/index.php\/wp-json\/wp\/v2\/posts"}],"about":[{"href":"https:\/\/noticiasdestaque.com.br\/index.php\/wp-json\/wp\/v2\/types\/post"}],"author":[{"embeddable":true,"href":"https:\/\/noticiasdestaque.com.br\/index.php\/wp-json\/wp\/v2\/users\/1"}],"replies":[{"embeddable":true,"href":"https:\/\/noticiasdestaque.com.br\/index.php\/wp-json\/wp\/v2\/comments?post=45931"}],"version-history":[{"count":0,"href":"https:\/\/noticiasdestaque.com.br\/index.php\/wp-json\/wp\/v2\/posts\/45931\/revisions"}],"wp:featuredmedia":[{"embeddable":true,"href":"https:\/\/noticiasdestaque.com.br\/index.php\/wp-json\/wp\/v2\/media\/45932"}],"wp:attachment":[{"href":"https:\/\/noticiasdestaque.com.br\/index.php\/wp-json\/wp\/v2\/media?parent=45931"}],"wp:term":[{"taxonomy":"category","embeddable":true,"href":"https:\/\/noticiasdestaque.com.br\/index.php\/wp-json\/wp\/v2\/categories?post=45931"},{"taxonomy":"post_tag","embeddable":true,"href":"https:\/\/noticiasdestaque.com.br\/index.php\/wp-json\/wp\/v2\/tags?post=45931"}],"curies":[{"name":"wp","href":"https:\/\/api.w.org\/{rel}","templated":true}]}}