{"id":45927,"date":"2025-09-15T04:05:00","date_gmt":"2025-09-15T07:05:00","guid":{"rendered":"https:\/\/noticiasdestaque.com.br\/index.php\/2025\/09\/15\/cnc-deflacao-no-ipca-e-passageira-precos-podem-aumentar-nos-proximos-meses\/"},"modified":"2025-09-15T04:05:00","modified_gmt":"2025-09-15T07:05:00","slug":"cnc-deflacao-no-ipca-e-passageira-precos-podem-aumentar-nos-proximos-meses","status":"publish","type":"post","link":"https:\/\/noticiasdestaque.com.br\/index.php\/2025\/09\/15\/cnc-deflacao-no-ipca-e-passageira-precos-podem-aumentar-nos-proximos-meses\/","title":{"rendered":"CNC: defla\u00e7\u00e3o no IPCA \u00e9 passageira; pre\u00e7os podem aumentar nos pr\u00f3ximos meses"},"content":{"rendered":"<p>\t\t\t\t\t\t\t\t\t\t<audio controls class=\"b61_audio_player\" data-noticia=\"84573\" src=\"https:\/\/brasil61.com\/rails\/active_storage\/blobs\/eyJfcmFpbHMiOnsibWVzc2FnZSI6IkJBaHBBM3lhQXc9PSIsImV4cCI6bnVsbCwicHVyIjoiYmxvYl9pZCJ9fQ==--32401646359ee4387c7d01346c06aa1d746be326\/BRAS2514707B\"><\/audio><\/p>\n<p>Diante da <a href=\"https:\/\/agenciadenoticias.ibge.gov.br\/agencia-noticias\/2012-agencia-de-noticias\/noticias\/44429-inflacao-fica-em-0-11-em-agosto-com-quedas-em-habitacao-alimentacao-e-transportes\" target=\"_blank\">queda de 0,11% no \u00cdndice Nacional de Pre\u00e7os ao Consumidor Amplo (IPCA)<\/a><strong>,<\/strong> em agosto, <strong>a <a href=\"https:\/\/portaldocomercio.org.br\/\">Confedera\u00e7\u00e3o Nacional do Com\u00e9rcio de Bens, Servi\u00e7os e Turismo (CNC<\/a>) aponta que o recuo representa defla\u00e7\u00e3o passageira. <\/strong>O cen\u00e1rio, de acordo com a institui\u00e7\u00e3o, <strong>demonstra um al\u00edvio tempor\u00e1rio para os consumidores<\/strong>.<\/p>\n<p>Apesar da defla\u00e7\u00e3o no \u00edndice, em nota a CNC argumentou que o<strong> resultado n\u00e3o muda o quadro de infla\u00e7\u00e3o que ainda \u00e9 pressionada pelos servi\u00e7os<\/strong>. Em 12 meses, o \u00edndice acumulado ficou em 5,13% \u2013 acima do limite superior de 4,5% do Conselho Monet\u00e1rio Nacional.<\/p>\n<p>O economista-chefe da <a href=\"https:\/\/analiseeconomica.com.br\/\">An\u00e1lise Econ\u00f4mica<\/a>, <strong>Andr\u00e9 Galhardo, explica que a defla\u00e7\u00e3o \u00e9 tempor\u00e1ria e ocasionada principalmente pelo b\u00f4nus de <a href=\"https:\/\/www.gov.br\/mme\/pt-br\/assuntos\/noticias\/bonus-de-itaipu-preve-desconto-para-97-dos-consumidores-rurais-e-residenciais\" target=\"_blank\">Itaipu<\/a><\/strong>. O cr\u00e9dito \u00e9 uma desconto anual destinada a consumidores residenciais e rurais do Sistema Interligado Nacional (SIN) que consumiram menos de 350 kWh em pelo menos um m\u00eas do ano anterior.<\/p>\n<p>Em rela\u00e7\u00e3o \u00e0 energia el\u00e9trica, o recuo foi de 4,21% em por conta do b\u00f4nus de Itaipu, creditado nas faturas de agosto. \u201cEnt\u00e3o, de fato, a defla\u00e7\u00e3o \u00e9 pontual em fun\u00e7\u00e3o desse componente\u201d, elucida Galhardo.<\/p>\n<p>O especialista lembra que outros grupos de produtos mapeados pelo <strong>IBGE <\/strong>tamb\u00e9m mostraram defla\u00e7\u00e3o de julho para agosto, como alimentos e bebidas. <strong>Galhardo aponta que o cen\u00e1rio deve implicar numa recomposi\u00e7\u00e3o dos pre\u00e7os da energia em setembro.<\/strong><\/p>\n<p>\u201cMais uma defla\u00e7\u00e3o e isso pesa bastante no bolso do consumidor. Cinco dos nove grupos do IPCA registraram defla\u00e7\u00e3o em agosto, ent\u00e3o de fato foi uma defla\u00e7\u00e3o tempor\u00e1ria, haver\u00e1 recomposi\u00e7\u00e3o dos pre\u00e7os da energia em setembro, isso deve ocasionar uma varia\u00e7\u00e3o forte de infla\u00e7\u00e3o em setembro, mas tamb\u00e9m pontual.\u201d<\/p>\n<p>Galhardo avalia, ainda, que apesar da defla\u00e7\u00e3o pontual \u2013 a infla\u00e7\u00e3o segue desacelerando.<\/p>\n<p>\u201cDe modo geral, o que isso mostra para a gente, embora tenha havido uma defla\u00e7\u00e3o pontual e um aumento forte esperado para setembro, s\u00e3o as duas coisas pontuais. De modo geral, a infla\u00e7\u00e3o segue desacelerando, convergindo para um cen\u00e1rio mais benigno, para consumidores, para empresas, os pre\u00e7os brasileiros, embora a infla\u00e7\u00e3o ainda esteja acima do teto da meta, os \u00faltimos meses foram marcados por um processo gradual, mas mais de desacelera\u00e7\u00e3o dos pre\u00e7os aqui no Brasil\u201d, destaca.<\/p>\n<p><strong>Na avalia\u00e7\u00e3o da CNC, o contraste entre bens industriais e servi\u00e7os mostra a dificuldade no controle dos pre\u00e7os no pa\u00eds \u2013 considerando que os bens industriais desaceleraram para 3,4% no acumulado em 12 meses, j\u00e1 os servi\u00e7os subiram para 6,16%.<\/strong><\/p>\n<p>\u201cEsse movimento est\u00e1 diretamente ligado ao peso dos sal\u00e1rios, que representam dois ter\u00e7os dos custos do setor e refletem o fortalecimento do mercado de trabalho\u201d, diz um trecho da nota.<\/p>\n<p>O especialista avalia poss\u00edvel continuidade de modera\u00e7\u00e3o dos pre\u00e7os no Brasil. \u201cA gente est\u00e1 esperando uma varia\u00e7\u00e3o perto de 0,58 em setembro, que \u00e9 uma varia\u00e7\u00e3o forte para o m\u00eas, mas, de modo geral, a gente espera continuidade do processo de modera\u00e7\u00e3o dos pre\u00e7os aqui no Brasil.\u201d<\/p>\n<h2>Proje\u00e7\u00f5es\u00a0<\/h2>\n<p>A CNC defende que o <strong>resultado de agosto refor\u00e7a a necessidade de cautela<\/strong>. Al\u00e9m disso, a entidade projeta que a Selic permanecer\u00e1 em 15% ao ano at\u00e9 o fim de 2025 e, ainda, que a trajet\u00f3ria da infla\u00e7\u00e3o depender\u00e1, entre outros motivos, do desfecho das negocia\u00e7\u00f5es comerciais entre Brasil e Estados Unidos sobre tarifas.\u00a0<\/p>\n<p><strong>De acordo com a entidade, a expectativa \u00e9 de alta de 4,8% no IPCA para o acumulado do ano.<\/strong><\/p>\n<p>\u201cSe as proje\u00e7\u00f5es do mercado estiverem corretas,\u00a0teremos a menor varia\u00e7\u00e3o anual m\u00e9dia em um quadri\u00eanio desde o come\u00e7o do Plano Real, quadri\u00eanios que coincidem com mandatos presidenciais, ser\u00e1 menor desde a implanta\u00e7\u00e3o do plano. Quer dizer que est\u00e1 tudo bem, que est\u00e1 tudo certo? De jeito nenhum, a meta da implanta\u00e7\u00e3o \u00e9 6, \u00e9 uma meta impratic\u00e1vel, \u00e9 verdade, mas a meta \u00e9 3, o teto da meta \u00e9 4,5, n\u00f3s estamos em 5,13 nesse momento e a gente deve encerrar esse ano com uma varia\u00e7\u00e3o perto de 5%\u201d, avalia Galhardo.<\/p>\n<p>\u201cEnt\u00e3o fecharemos acima do teto da meta, mas isso diz mais respeito \u00e0 meta estar no lugar errado do que um descontrole inflacion\u00e1rio, um problema mais grave\u201d, completa.<\/p>\n<p>Em rela\u00e7\u00e3o aos pr\u00f3ximos meses, o especialista afirma que o movimento econ\u00f4mico deve se manter dentro da normalidade para o per\u00edodo.<\/p>\n<p>\u201cO que n\u00f3s teremos em novembro, outubro, novembro, dezembro, no \u00faltimo trimestre \u00e9 um comportamento bastante t\u00edpico da infla\u00e7\u00e3o brasileira acelerando ligeiramente na passagem de um m\u00eas para o outro, mas dentro das margens, dos desvios padr\u00e3o que a gente encontra nos anos anteriores\u201d, aponta.<\/p>\n<h2>Outros dados do IPCA<\/h2>\n<p>Em contrapartida, setores como <strong>Educa\u00e7\u00e3o (+0,75%) e Vestu\u00e1rio (+0,72%) registraram<\/strong> alta no m\u00eas. J\u00e1 no setor de<strong> Transportes, houve queda de 0,27%<\/strong>, com redu\u00e7\u00e3o nos pre\u00e7os das passagens a\u00e9reas e dos combust\u00edveis. Al\u00e9m disso, a<strong> gasolina caiu 0,94%<\/strong> e soma alta de apenas 1,18% em 12 meses.<\/p>\n<p>O <strong>IPCA <\/strong>\u00e9 calculado pelo Instituto Brasileiro de Geografia e Estat\u00edstica (IBGE) desde 1980 e mede a varia\u00e7\u00e3o dos pre\u00e7os para fam\u00edlias com rendimento de 1 a 40 sal\u00e1rios m\u00ednimos, qualquer que seja a fonte. O \u00edndice abrange dez regi\u00f5es metropolitanas do pa\u00eds, al\u00e9m dos munic\u00edpios de Goi\u00e2nia, Campo Grande, Rio Branco, S\u00e3o Lu\u00eds, Aracaju e de Bras\u00edlia.\u00a0<\/p>\n<p>\t\t\t\t\t\t\t\t\t<img loading=\"lazy\" decoding=\"async\" src=\"https:\/\/brasil61.com\/api\/v1\/serve_pixel\/17677\/84573\" alt=\"Pixel Brasil 61\" class=\"b61_pixel\" width=\"0\" height=\"0\"><\/p>\n<input type=\"hidden\" id=\"baseurl\" value=\"https:\/\/noticiasdestaque.com.br\"><input type=\"hidden\" id=\"audio_nonce\" value=\"6a24ca502e\">","protected":false},"excerpt":{"rendered":"<p>Confedera\u00e7\u00e3o Nacional do Com\u00e9rcio de Bens, Servi\u00e7os e Turismo (CNC) afirma que resultado de agosto indica necessidade de cautela; especialista avalia poss\u00edvel continuidade do processo de modera\u00e7\u00e3o dos pre\u00e7os no Brasil<\/p>\n","protected":false},"author":1,"featured_media":45928,"comment_status":"open","ping_status":"open","sticky":false,"template":"","format":"standard","meta":{"fifu_image_url":"","fifu_image_alt":"","footnotes":""},"categories":[59],"tags":[],"class_list":["post-45927","post","type-post","status-publish","format-standard","has-post-thumbnail","hentry","category-economia"],"distributor_meta":false,"distributor_terms":false,"distributor_media":false,"distributor_original_site_name":"Noticias em Destaque","distributor_original_site_url":"https:\/\/noticiasdestaque.com.br","push-errors":false,"_links":{"self":[{"href":"https:\/\/noticiasdestaque.com.br\/index.php\/wp-json\/wp\/v2\/posts\/45927","targetHints":{"allow":["GET"]}}],"collection":[{"href":"https:\/\/noticiasdestaque.com.br\/index.php\/wp-json\/wp\/v2\/posts"}],"about":[{"href":"https:\/\/noticiasdestaque.com.br\/index.php\/wp-json\/wp\/v2\/types\/post"}],"author":[{"embeddable":true,"href":"https:\/\/noticiasdestaque.com.br\/index.php\/wp-json\/wp\/v2\/users\/1"}],"replies":[{"embeddable":true,"href":"https:\/\/noticiasdestaque.com.br\/index.php\/wp-json\/wp\/v2\/comments?post=45927"}],"version-history":[{"count":0,"href":"https:\/\/noticiasdestaque.com.br\/index.php\/wp-json\/wp\/v2\/posts\/45927\/revisions"}],"wp:featuredmedia":[{"embeddable":true,"href":"https:\/\/noticiasdestaque.com.br\/index.php\/wp-json\/wp\/v2\/media\/45928"}],"wp:attachment":[{"href":"https:\/\/noticiasdestaque.com.br\/index.php\/wp-json\/wp\/v2\/media?parent=45927"}],"wp:term":[{"taxonomy":"category","embeddable":true,"href":"https:\/\/noticiasdestaque.com.br\/index.php\/wp-json\/wp\/v2\/categories?post=45927"},{"taxonomy":"post_tag","embeddable":true,"href":"https:\/\/noticiasdestaque.com.br\/index.php\/wp-json\/wp\/v2\/tags?post=45927"}],"curies":[{"name":"wp","href":"https:\/\/api.w.org\/{rel}","templated":true}]}}