{"id":45925,"date":"2025-09-15T04:00:00","date_gmt":"2025-09-15T07:00:00","guid":{"rendered":"https:\/\/noticiasdestaque.com.br\/index.php\/2025\/09\/15\/semana-no-congresso-anistia-reforma-tributaria-e-ploa-marcam-agenda-do-legislativo\/"},"modified":"2025-09-15T04:00:00","modified_gmt":"2025-09-15T07:00:00","slug":"semana-no-congresso-anistia-reforma-tributaria-e-ploa-marcam-agenda-do-legislativo","status":"publish","type":"post","link":"https:\/\/noticiasdestaque.com.br\/index.php\/2025\/09\/15\/semana-no-congresso-anistia-reforma-tributaria-e-ploa-marcam-agenda-do-legislativo\/","title":{"rendered":"Semana no Congresso: anistia, reforma tribut\u00e1ria e PLOA marcam agenda do Legislativo"},"content":{"rendered":"<p>\t\t\t\t\t\t\t\t\t\t<audio controls class=\"b61_audio_player\" data-noticia=\"84557\" src=\"https:\/\/brasil61.com\/rails\/active_storage\/blobs\/eyJfcmFpbHMiOnsibWVzc2FnZSI6IkJBaHBBMk9hQXc9PSIsImV4cCI6bnVsbCwicHVyIjoiYmxvYl9pZCJ9fQ==--cae2e8928e59fdffb899029b510ad9fb6604c5e5\/BRAS2514703A\"><\/audio><\/p>\n<p>A <strong>semana promete ser intensa no Congresso Nacional<\/strong>, com temas de forte impacto pol\u00edtico e social. Entre eles, ganha destaque a articula\u00e7\u00e3o em torno dos <strong>projetos de anistia\u00a0<\/strong>que voltaram aos holofotes ap\u00f3s o julgamento no <strong>Supremo Tribunal Federal (STF)<\/strong> que condenou o <strong>ex-presidente Jair Bolsonaro <\/strong>e outros sete r\u00e9us. A movimenta\u00e7\u00e3o ocorre em paralelo a discuss\u00f5es sobre a <strong>reforma tribut\u00e1ria<\/strong>, a <strong>PEC da Seguran\u00e7a<\/strong>, o <strong>Projeto de Lei Or\u00e7ament\u00e1ria Anual (PLOA)<\/strong> de 2026 e o avan\u00e7o de propostas sobre <strong>aborto legal<\/strong>.<\/p>\n<h2>Reforma tribut\u00e1ria avan\u00e7a no Senado<\/h2>\n<p>O presidente da Comiss\u00e3o de Constitui\u00e7\u00e3o e Justi\u00e7a (CCJ), senador Otto Alencar (PSD-BA), confirmou que o relat\u00f3rio da reforma tribut\u00e1ria, entregue na semana passada pelo senador Eduardo Braga (MDB-AM), ser\u00e1 debatido nesta quarta-feira (17). Braga deve receber at\u00e9 ter\u00e7a-fera (16)\u00a0sugest\u00f5es de ajustes no texto. A expectativa \u00e9 que, encerrada a discuss\u00e3o, a CCJ vote a proposta e a encaminhe em regime de urg\u00eancia ao plen\u00e1rio do Senado j\u00e1 nesta semana.<\/p>\n<h2>Seguran\u00e7a, or\u00e7amento e aborto tamb\u00e9m em pauta<\/h2>\n<p>Na C\u00e2mara, a rec\u00e9m-instalada comiss\u00e3o que analisa a PEC 18\/25, que trata da seguran\u00e7a p\u00fablica, come\u00e7ar\u00e1 seus trabalhos sob a presid\u00eancia do deputado Aluisio Mendes (Republicanos-MA). O relator, Mendon\u00e7a Filho (Uni\u00e3o-PE), deve apresentar ainda nesta semana um roteiro de audi\u00eancias p\u00fablicas.<\/p>\n<p>J\u00e1 a Comiss\u00e3o Mista de Or\u00e7amento retoma, na ter\u00e7a, a an\u00e1lise da Lei de Diretrizes Or\u00e7ament\u00e1rias (LDO) de 2026. O relator, deputado Gerv\u00e1sio Maia (PSB-PB), pediu prazo extra para avaliar as 2.465 emendas apresentadas.<\/p>\n<p>Tamb\u00e9m na C\u00e2mara, avan\u00e7a o projeto que susta resolu\u00e7\u00e3o do Conanda sobre aborto legal em casos de crian\u00e7as e adolescentes v\u00edtimas de viol\u00eancia sexual. O parecer favor\u00e1vel do deputado Luiz Gast\u00e3o (PSD-CE) j\u00e1 foi aprovado em comiss\u00f5es, e a deputada Chris Tonietto (PL-RJ) articula urg\u00eancia para levar o tema diretamente ao plen\u00e1rio.<\/p>\n<h2>Anistia ganha f\u00f4lego, mas divide o Congresso<\/h2>\n<p>O projeto de anistia \u00e9 a principal bandeira da bancada bolsonarista e voltou a ganhar for\u00e7a com a articula\u00e7\u00e3o de partidos de centro-direita em torno do governador de S\u00e3o Paulo, Tarc\u00edsio de Freitas (Republicanos). A vers\u00e3o mais ampla, apresentada pelo deputado S\u00f3stenes Cavalcante (PL-RJ), prev\u00ea perd\u00e3o a crimes desde o in\u00edcio do inqu\u00e9rito das fake news em 2019 at\u00e9 a eventual san\u00e7\u00e3o da lei, incluindo infra\u00e7\u00f5es eleitorais que tornaram Bolsonaro ineleg\u00edvel.<\/p>\n<p>A proposta, no entanto, enfrenta resist\u00eancia no centr\u00e3o, que prefere manter espa\u00e7o para uma candidatura pr\u00f3pria em 2026, com Tarc\u00edsio despontando como alternativa. Ainda n\u00e3o h\u00e1 data definida para a vota\u00e7\u00e3o, mas a press\u00e3o deve crescer nesta semana de intensas negocia\u00e7\u00f5es em Bras\u00edlia.<\/p>\n<p>\t\t\t\t\t\t\t\t\t<img loading=\"lazy\" decoding=\"async\" src=\"https:\/\/brasil61.com\/api\/v1\/serve_pixel\/17677\/84557\" alt=\"Pixel Brasil 61\" class=\"b61_pixel\" width=\"0\" height=\"0\"><\/p>\n<input type=\"hidden\" id=\"baseurl\" value=\"https:\/\/noticiasdestaque.com.br\"><input type=\"hidden\" id=\"audio_nonce\" value=\"6a24ca502e\">","protected":false},"excerpt":{"rendered":"<p>PEC da Seguran\u00e7a e debates sobre aborto tamb\u00e9m devem ter destaque <\/p>\n","protected":false},"author":1,"featured_media":45926,"comment_status":"open","ping_status":"open","sticky":false,"template":"","format":"standard","meta":{"fifu_image_url":"","fifu_image_alt":"","footnotes":""},"categories":[50],"tags":[],"class_list":["post-45925","post","type-post","status-publish","format-standard","has-post-thumbnail","hentry","category-politica"],"distributor_meta":false,"distributor_terms":false,"distributor_media":false,"distributor_original_site_name":"Noticias em Destaque","distributor_original_site_url":"https:\/\/noticiasdestaque.com.br","push-errors":false,"_links":{"self":[{"href":"https:\/\/noticiasdestaque.com.br\/index.php\/wp-json\/wp\/v2\/posts\/45925","targetHints":{"allow":["GET"]}}],"collection":[{"href":"https:\/\/noticiasdestaque.com.br\/index.php\/wp-json\/wp\/v2\/posts"}],"about":[{"href":"https:\/\/noticiasdestaque.com.br\/index.php\/wp-json\/wp\/v2\/types\/post"}],"author":[{"embeddable":true,"href":"https:\/\/noticiasdestaque.com.br\/index.php\/wp-json\/wp\/v2\/users\/1"}],"replies":[{"embeddable":true,"href":"https:\/\/noticiasdestaque.com.br\/index.php\/wp-json\/wp\/v2\/comments?post=45925"}],"version-history":[{"count":0,"href":"https:\/\/noticiasdestaque.com.br\/index.php\/wp-json\/wp\/v2\/posts\/45925\/revisions"}],"wp:featuredmedia":[{"embeddable":true,"href":"https:\/\/noticiasdestaque.com.br\/index.php\/wp-json\/wp\/v2\/media\/45926"}],"wp:attachment":[{"href":"https:\/\/noticiasdestaque.com.br\/index.php\/wp-json\/wp\/v2\/media?parent=45925"}],"wp:term":[{"taxonomy":"category","embeddable":true,"href":"https:\/\/noticiasdestaque.com.br\/index.php\/wp-json\/wp\/v2\/categories?post=45925"},{"taxonomy":"post_tag","embeddable":true,"href":"https:\/\/noticiasdestaque.com.br\/index.php\/wp-json\/wp\/v2\/tags?post=45925"}],"curies":[{"name":"wp","href":"https:\/\/api.w.org\/{rel}","templated":true}]}}