{"id":45911,"date":"2025-09-14T04:55:00","date_gmt":"2025-09-14T07:55:00","guid":{"rendered":"https:\/\/noticiasdestaque.com.br\/index.php\/2025\/09\/14\/mpes-procompi-beneficia-27-mil-empresas-industriais-entre-2023-e-2025\/"},"modified":"2025-09-14T04:55:00","modified_gmt":"2025-09-14T07:55:00","slug":"mpes-procompi-beneficia-27-mil-empresas-industriais-entre-2023-e-2025","status":"publish","type":"post","link":"https:\/\/noticiasdestaque.com.br\/index.php\/2025\/09\/14\/mpes-procompi-beneficia-27-mil-empresas-industriais-entre-2023-e-2025\/","title":{"rendered":"MPEs: Procompi beneficia 2,7 mil empresas industriais entre 2023 e 2025"},"content":{"rendered":"<p>\t\t\t\t\t\t\t\t\t\t<audio controls class=\"b61_audio_player\" data-noticia=\"84579\" src=\"https:\/\/brasil61.com\/rails\/active_storage\/blobs\/eyJfcmFpbHMiOnsibWVzc2FnZSI6IkJBaHBBMXVhQXc9PSIsImV4cCI6bnVsbCwicHVyIjoiYmxvYl9pZCJ9fQ==--b7359d0d10d1761a0ed9e8ecaf1e679971a4c88c\/PIND254620A\"><\/audio><\/p>\n<p><!--StartFragment -->O Programa de Apoio \u00e0 Competitividade das Micro e Pequenas Ind\u00fastrias (<a href=\"https:\/\/www.portaldaindustria.com.br\/cni\/canais\/procompi\/\" target=\"_blank\"><strong>Procompi<\/strong><\/a>) j\u00e1 beneficiou 2,7 mil empresas entre 2023 e 2025, e deu in\u00edcio \u00e0 constru\u00e7\u00e3o de seu novo ciclo, mais voltado \u00e0 sustentabilidade e \u00e0 digitaliza\u00e7\u00e3o. As informa\u00e7\u00f5es s\u00e3o da coordenadora nacional do programa pela Confedera\u00e7\u00e3o Nacional da Ind\u00fastria (<a href=\"https:\/\/cni.portaldaindustria.com.br\/\" target=\"_blank\"><strong>CNI<\/strong><\/a>), Suzana Peixoto.<\/p>\n<p>O Procompi \u00e9 uma iniciativa conjunta entre a confedera\u00e7\u00e3o e o Servi\u00e7o Brasileiro de Apoio \u00e0s Micro e Pequenas Empresas (Sebrae). Criado h\u00e1 23 anos, oferece solu\u00e7\u00f5es personalizadas para apoiar a moderniza\u00e7\u00e3o, a gest\u00e3o e a inova\u00e7\u00e3o de micro e pequenas ind\u00fastrias (<a href=\"https:\/\/sebrae.com.br\/sites\/PortalSebrae\/\" target=\"_blank\"><strong>MPEs<\/strong><\/a>).<\/p>\n<p>Nos \u00faltimos dois anos, 140 projetos foram executados pelo projeto, cada um atendendo, em m\u00e9dia, 19 empresas. \u201cEstamos atendendo mais de duas mil empresas, com muitas a\u00e7\u00f5es que est\u00e3o ajudando a transformar essas empresas rumo \u00e0 sustentabilidade e \u00e0 digitaliza\u00e7\u00e3o, com resultados muito importantes, como redu\u00e7\u00e3o de custos que levam ao aumento da capacidade dessa empresa a investir e a crescer\u201d, explicou Suzana Peixoto.<\/p>\n<p>O balan\u00e7o foi feito durante o Encontro Nacional de Gestores do Procompi, realizado nesta quinta (11) e sexta-feira (12), em Salvador (BA), reunindo gestores e especialistas da ind\u00fastria de 21 estados.<\/p>\n<p>No segundo dia do encontro na capital baiana, os gestores participaram da constru\u00e7\u00e3o coletiva do Procompi 2.0, definindo prioridades e diretrizes para o pr\u00f3ximo ciclo. \u201cO novo Procompi estar\u00e1 cada vez mais conectado com as tend\u00eancias globais do setor industrial e do mundo, que s\u00e3o a sustentabilidade e a digitaliza\u00e7\u00e3o. E vamos, nesse sentido, trazer todas as oportunidades, programas e todas as conex\u00f5es dispon\u00edveis no ecossistema brasileiro, para melhor atender o empres\u00e1rio de pequeno porte do Brasil\u201d, destacou a coordenadora.<\/p>\n<h2>Gest\u00e3o e tecnologia foram foco das discuss\u00f5es<\/h2>\n<p>A programa\u00e7\u00e3o do encontro contou com palestras, pain\u00e9is, din\u00e2micas e relatos de experi\u00eancias transformadoras de empres\u00e1rios que j\u00e1 participaram do programa. Os debates abordaram temas como ESG (sigla em ingl\u00eas que se traduz para Ambiental, Social e Governan\u00e7a) e sustentabilidade, Ind\u00fastria 4.0, intelig\u00eancia artificial, gest\u00e3o e lideran\u00e7a.<\/p>\n<p>Para Suzana, a sobrecarga dos empres\u00e1rios na parte operacional dos neg\u00f3cios \u00e9 desafiadora para as pequenas ind\u00fastrias, o que dificulta o planejamento estrat\u00e9gico. \u201cO desafio da pequena empresa est\u00e1 justamente no papel do empres\u00e1rio, que em geral ele se ocupa muito na opera\u00e7\u00e3o, no dia a dia da empresa, mas tamb\u00e9m esse empres\u00e1rio deveria estar preocupado com as tend\u00eancias, com o crescimento e suas estrat\u00e9gias empresariais. Ent\u00e3o, \u00e9 nesse sentido que o Procompi traz muito conhecimento, tecnologias adaptadas para cada caso empresarial, para que ele possa se aperfei\u00e7oar e crescer, ter potencial de crescimento\u201d, explicou.<\/p>\n<p>Os gestores debateram tamb\u00e9m como as tecnologias digitais e a intelig\u00eancia artificial est\u00e3o chegando \u00e0s pequenas ind\u00fastrias. Para o pesquisador do SENAI Cimatec, Andr\u00e9 Oliveira, a transi\u00e7\u00e3o digital \u00e9 um caminho sem volta. \u201cA intelig\u00eancia artificial vai se tornar uma commodity. Quem n\u00e3o adotar agora, vai perder espa\u00e7o\u201d, alertou.<\/p>\n<p>J\u00e1 o superintendente de Pol\u00edtica Industrial da CNI, Fabr\u00edcio Silveira, refor\u00e7ou que a IA n\u00e3o \u00e9 apenas para grandes corpora\u00e7\u00f5es, as pequenas empresas podem come\u00e7ar com aplica\u00e7\u00f5es simples. \u201cAs pequenas ind\u00fastrias s\u00e3o justamente as que t\u00eam mais potencial de ganho com esse processo. Hoje, elas podem acessar informa\u00e7\u00e3o, capacita\u00e7\u00e3o e at\u00e9 financiamento via Sebrae, Senai e NACs. A IA tem potencial de revolucionar tudo, inclusive a forma como os trabalhadores atuam dentro da empresa\u201d, refor\u00e7ou.<\/p>\n<p>O encontro em Salvador evidenciou que apoiar micro e pequenas ind\u00fastrias n\u00e3o se resume a indicadores. Segundo a CNI, trata-se da constru\u00e7\u00e3o de uma ind\u00fastria mais competitiva, inovadora e sustent\u00e1vel. Com o in\u00edcio do novo ciclo do Procompi, a prioridade passa a ser a integra\u00e7\u00e3o, o acompanhamento constante e o fortalecimento das conex\u00f5es entre empresas e institui\u00e7\u00f5es.<\/p>\n<p><!--EndFragment --><\/p>\n<p>\t\t\t\t\t\t\t\t\t<img loading=\"lazy\" decoding=\"async\" src=\"https:\/\/brasil61.com\/api\/v1\/serve_pixel\/17677\/84579\" alt=\"Pixel Brasil 61\" class=\"b61_pixel\" width=\"0\" height=\"0\"><\/p>\n<input type=\"hidden\" id=\"baseurl\" value=\"https:\/\/noticiasdestaque.com.br\"><input type=\"hidden\" id=\"audio_nonce\" value=\"6f73a554f1\">","protected":false},"excerpt":{"rendered":"<p>Iniciativa da CNI e do Sebrae, o Programa de Apoio \u00e0 Competitividade das Micro e Pequenas Ind\u00fastrias refor\u00e7a a competitividade dos empreendimentos com apoio em tecnologia e gest\u00e3o. Durante encontro em Salvador (BA), gestores de todo pa\u00eds iniciaram discuss\u00f5es para novo ciclo do programa <\/p>\n","protected":false},"author":1,"featured_media":45912,"comment_status":"open","ping_status":"open","sticky":false,"template":"","format":"standard","meta":{"fifu_image_url":"","fifu_image_alt":"","footnotes":""},"categories":[54],"tags":[],"class_list":["post-45911","post","type-post","status-publish","format-standard","has-post-thumbnail","hentry","category-tecnologia"],"distributor_meta":false,"distributor_terms":false,"distributor_media":false,"distributor_original_site_name":"Noticias em Destaque","distributor_original_site_url":"https:\/\/noticiasdestaque.com.br","push-errors":false,"_links":{"self":[{"href":"https:\/\/noticiasdestaque.com.br\/index.php\/wp-json\/wp\/v2\/posts\/45911","targetHints":{"allow":["GET"]}}],"collection":[{"href":"https:\/\/noticiasdestaque.com.br\/index.php\/wp-json\/wp\/v2\/posts"}],"about":[{"href":"https:\/\/noticiasdestaque.com.br\/index.php\/wp-json\/wp\/v2\/types\/post"}],"author":[{"embeddable":true,"href":"https:\/\/noticiasdestaque.com.br\/index.php\/wp-json\/wp\/v2\/users\/1"}],"replies":[{"embeddable":true,"href":"https:\/\/noticiasdestaque.com.br\/index.php\/wp-json\/wp\/v2\/comments?post=45911"}],"version-history":[{"count":0,"href":"https:\/\/noticiasdestaque.com.br\/index.php\/wp-json\/wp\/v2\/posts\/45911\/revisions"}],"wp:featuredmedia":[{"embeddable":true,"href":"https:\/\/noticiasdestaque.com.br\/index.php\/wp-json\/wp\/v2\/media\/45912"}],"wp:attachment":[{"href":"https:\/\/noticiasdestaque.com.br\/index.php\/wp-json\/wp\/v2\/media?parent=45911"}],"wp:term":[{"taxonomy":"category","embeddable":true,"href":"https:\/\/noticiasdestaque.com.br\/index.php\/wp-json\/wp\/v2\/categories?post=45911"},{"taxonomy":"post_tag","embeddable":true,"href":"https:\/\/noticiasdestaque.com.br\/index.php\/wp-json\/wp\/v2\/tags?post=45911"}],"curies":[{"name":"wp","href":"https:\/\/api.w.org\/{rel}","templated":true}]}}