{"id":45887,"date":"2025-09-13T04:55:00","date_gmt":"2025-09-13T07:55:00","guid":{"rendered":"https:\/\/noticiasdestaque.com.br\/index.php\/2025\/09\/13\/gasto-publico-ultrapassa-r-36-tri-em-2025-alta-reacende-debate-sobre-limites-do-governo\/"},"modified":"2025-09-13T04:55:00","modified_gmt":"2025-09-13T07:55:00","slug":"gasto-publico-ultrapassa-r-36-tri-em-2025-alta-reacende-debate-sobre-limites-do-governo","status":"publish","type":"post","link":"https:\/\/noticiasdestaque.com.br\/index.php\/2025\/09\/13\/gasto-publico-ultrapassa-r-36-tri-em-2025-alta-reacende-debate-sobre-limites-do-governo\/","title":{"rendered":"Gasto p\u00fablico ultrapassa R$ 3,6 tri em 2025; alta reacende debate sobre limites do governo"},"content":{"rendered":"<p>\t\t\t\t\t\t\t\t\t\t<audio controls class=\"b61_audio_player\" data-noticia=\"84569\" src=\"https:\/\/brasil61.com\/rails\/active_storage\/blobs\/eyJfcmFpbHMiOnsibWVzc2FnZSI6IkJBaHBBMlNhQXc9PSIsImV4cCI6bnVsbCwicHVyIjoiYmxvYl9pZCJ9fQ==--77f0b69d66a6c4a5ad4da2771456916c2277276a\/CACB250060A\"><\/audio><\/p>\n<p>O gasto p\u00fablico ultrapassou os R$ 3,6 trilh\u00f5es em 2025, contabiliza a plataforma <a href=\"https:\/\/gastobrasil.com.br\/\">Gasto Brasil<\/a>, da Confedera\u00e7\u00e3o das Associa\u00e7\u00f5es Comerciais e Empresariais do Brasil (<a href=\"https:\/\/cacb.org.br\/entidade\/federacao-das-associacoes-comerciais-do-estado-de-alagoas\/\">CACB<\/a>) desenvolvida em parceria com a Associa\u00e7\u00e3o Comercial e Empresarial de S\u00e3o Paulo. O montante refor\u00e7a a escalada das despesas da Uni\u00e3o, estados, munic\u00edpios e DF, em um cen\u00e1rio no qual Executivo e Legislativo t\u00eam recorrido a manobras para flexibilizar o arcabou\u00e7o fiscal.<\/p>\n<p>\u00a0Na \u00faltima ter\u00e7a-feira (9), <a href=\"https:\/\/brasil61.com\/n\/congresso-promulga-pec-dos-precatorios-e-libera-parcelamento-de-dividas-de-estados-e-municipios-bras2514678\">o Congresso promulgou a PEC dos Precat\u00f3rios<\/a>, que retira essas despesas do teto de gastos a partir de 2026. J\u00e1 na C\u00e2mara, tramita um projeto que exclui os recursos do Fundo Social do Pr\u00e9-Sal \u2014 voltados para sa\u00fade e educa\u00e7\u00e3o \u2014 das limita\u00e7\u00f5es do novo regime fiscal, o que adicionaria at\u00e9 R$ 1,5 bilh\u00e3o ao ano nessas \u00e1reas sem impacto direto nas metas.<\/p>\n<h2>Ferramenta de transpar\u00eancia e cobran\u00e7a<\/h2>\n<p>A plataforma Gasto Brasil busca ampliar a transpar\u00eancia das contas p\u00fablicas, permitindo que qualquer cidad\u00e3o acompanhe os valores aplicados pelo poder p\u00fablico.<\/p>\n<p>Para Josinaldo dos Santos, presidente da Associa\u00e7\u00e3o Comercial de Santana do Ipanema (AL), a ferramenta \u00e9 tamb\u00e9m um instrumento de cobran\u00e7a social:<\/p>\n<p>\u201c\u00c9 importante que a popula\u00e7\u00e3o tenha acesso a esses n\u00fameros, porque o recurso p\u00fablico nasce no setor produtivo. Precisamos de publicidade e controle para frear o incha\u00e7o da m\u00e1quina. S\u00f3 em 2025, est\u00e1 previsto um crescimento de mais de R$ 150 bilh\u00f5es em supersal\u00e1rios, o que desestimula o investidor e sufoca os pequenos neg\u00f3cios, que s\u00e3o 95% das empresas do pa\u00eds\u201d, afirma.<\/p>\n<p>Segundo Josinaldo, at\u00e9 cidades pequenas j\u00e1 revelam cifras surpreendentes. \u201cNosso munic\u00edpio j\u00e1 gastou R$ 15 bilh\u00f5es at\u00e9 hoje. A sociedade precisa saber quanto cresce o gasto p\u00fablico em cada esfera e acompanhar de perto essa evolu\u00e7\u00e3o\u201d, completou.<\/p>\n<h2>O impasse do arcabou\u00e7o<\/h2>\n<p>Apesar de medidas pontuais para abrir espa\u00e7o no or\u00e7amento, especialistas alertam que a solu\u00e7\u00e3o estrutural ainda n\u00e3o foi encontrada. O economista Andr\u00e9 Galhardo, chefe da <a href=\"https:\/\/analiseeconomica.com.br\/\">An\u00e1lise Econ\u00f4mica S\u00e3o Paulo<\/a>, aponta que o governo tem buscado alternativas para retirar despesas da conta, mas sem enfrentar o problema central.<\/p>\n<p>\u00a0\u201cDe fato, o governo tem tido dificuldade para mostrar que est\u00e1 preocupado com a trajet\u00f3ria dos gastos de forma estrutural e n\u00e3o apenas pontual. Precat\u00f3rios, programas sociais e subs\u00eddios acabam sendo empurrados para fora do arcabou\u00e7o. Isso passa uma mensagem ruim ao mercado e \u00e0 opini\u00e3o p\u00fablica\u201d, avalia.<\/p>\n<p>Para Galhardo, o peso dos precat\u00f3rios e os pisos constitucionais de sa\u00fade e educa\u00e7\u00e3o tornam o cen\u00e1rio ainda mais complexo. \u201cN\u00e3o \u00e9 s\u00f3 populismo, \u00e9 uma dificuldade real de encaixar tudo dentro de uma regra que n\u00e3o comporta esse volume de despesas. A curto prazo, o governo lan\u00e7a m\u00e3o de medidas que contrariam o princ\u00edpio do arcabou\u00e7o, mas, no m\u00e9dio e longo prazo, ser\u00e1 preciso mexer em regras estruturais e colher os frutos da reforma tribut\u00e1ria.\u201d<\/p>\n<p>Enquanto empres\u00e1rios defendem mais controle e efici\u00eancia para reduzir a m\u00e1quina p\u00fablica, o governo e o Congresso continuam flexibilizando limites para evitar paralisia de servi\u00e7os essenciais. O resultado \u00e9 um quadro de al\u00edvio imediato, mas de incerteza sobre a sustentabilidade das contas p\u00fablicas nos pr\u00f3ximos anos.<br \/>\n\u00a0<\/p>\n<p>\t\t\t\t\t\t\t\t\t<img loading=\"lazy\" decoding=\"async\" src=\"https:\/\/brasil61.com\/api\/v1\/serve_pixel\/17677\/84569\" alt=\"Pixel Brasil 61\" class=\"b61_pixel\" width=\"0\" height=\"0\"><\/p>\n<input type=\"hidden\" id=\"baseurl\" value=\"https:\/\/noticiasdestaque.com.br\"><input type=\"hidden\" id=\"audio_nonce\" value=\"6f73a554f1\">","protected":false},"excerpt":{"rendered":"<p> Flexibiliza\u00e7\u00e3o do arcabou\u00e7o fiscal e PEC dos Precat\u00f3rios preocupam especialistas sobre sustentabilidade das contas p\u00fablicas<\/p>\n","protected":false},"author":1,"featured_media":45888,"comment_status":"open","ping_status":"open","sticky":false,"template":"","format":"standard","meta":{"fifu_image_url":"","fifu_image_alt":"","footnotes":""},"categories":[59],"tags":[],"class_list":["post-45887","post","type-post","status-publish","format-standard","has-post-thumbnail","hentry","category-economia"],"distributor_meta":false,"distributor_terms":false,"distributor_media":false,"distributor_original_site_name":"Noticias em Destaque","distributor_original_site_url":"https:\/\/noticiasdestaque.com.br","push-errors":false,"_links":{"self":[{"href":"https:\/\/noticiasdestaque.com.br\/index.php\/wp-json\/wp\/v2\/posts\/45887","targetHints":{"allow":["GET"]}}],"collection":[{"href":"https:\/\/noticiasdestaque.com.br\/index.php\/wp-json\/wp\/v2\/posts"}],"about":[{"href":"https:\/\/noticiasdestaque.com.br\/index.php\/wp-json\/wp\/v2\/types\/post"}],"author":[{"embeddable":true,"href":"https:\/\/noticiasdestaque.com.br\/index.php\/wp-json\/wp\/v2\/users\/1"}],"replies":[{"embeddable":true,"href":"https:\/\/noticiasdestaque.com.br\/index.php\/wp-json\/wp\/v2\/comments?post=45887"}],"version-history":[{"count":0,"href":"https:\/\/noticiasdestaque.com.br\/index.php\/wp-json\/wp\/v2\/posts\/45887\/revisions"}],"wp:featuredmedia":[{"embeddable":true,"href":"https:\/\/noticiasdestaque.com.br\/index.php\/wp-json\/wp\/v2\/media\/45888"}],"wp:attachment":[{"href":"https:\/\/noticiasdestaque.com.br\/index.php\/wp-json\/wp\/v2\/media?parent=45887"}],"wp:term":[{"taxonomy":"category","embeddable":true,"href":"https:\/\/noticiasdestaque.com.br\/index.php\/wp-json\/wp\/v2\/categories?post=45887"},{"taxonomy":"post_tag","embeddable":true,"href":"https:\/\/noticiasdestaque.com.br\/index.php\/wp-json\/wp\/v2\/tags?post=45887"}],"curies":[{"name":"wp","href":"https:\/\/api.w.org\/{rel}","templated":true}]}}