{"id":45883,"date":"2025-09-13T04:40:00","date_gmt":"2025-09-13T07:40:00","guid":{"rendered":"https:\/\/noticiasdestaque.com.br\/index.php\/2025\/09\/13\/brasil-tera-vacina-contra-o-virus-sincicial-respiratorio-a-partir-de-novembro\/"},"modified":"2025-09-13T04:40:00","modified_gmt":"2025-09-13T07:40:00","slug":"brasil-tera-vacina-contra-o-virus-sincicial-respiratorio-a-partir-de-novembro","status":"publish","type":"post","link":"https:\/\/noticiasdestaque.com.br\/index.php\/2025\/09\/13\/brasil-tera-vacina-contra-o-virus-sincicial-respiratorio-a-partir-de-novembro\/","title":{"rendered":"Brasil ter\u00e1 vacina contra o v\u00edrus sincicial respirat\u00f3rio a partir de novembro"},"content":{"rendered":"<p>\t\t\t\t\t\t\t\t\t\t<audio controls class=\"b61_audio_player\" data-noticia=\"84566\" src=\"https:\/\/brasil61.com\/rails\/active_storage\/blobs\/eyJfcmFpbHMiOnsibWVzc2FnZSI6IkJBaHBBMjJhQXc9PSIsImV4cCI6bnVsbCwicHVyIjoiYmxvYl9pZCJ9fQ==--7449eb6c13f9d1570414ef5c73e21a58cff1fb7d\/BRAS2514706A\"><\/audio><\/p>\n<p>O <a href=\"https:\/\/www.gov.br\/saude\/pt-br\"><strong>Minist\u00e9rio da Sa\u00fade <\/strong><\/a>anunciou a produ\u00e7\u00e3o nacional da <strong>vacina contra o v\u00edrus sincicial respirat\u00f3rio (VSR)<\/strong>, em parceria com o <strong><a href=\"https:\/\/butantan.gov.br\/\">Instituto Butantan <\/a>e a farmac\u00eautica <a href=\"https:\/\/www.pfizer.com.br\/\">Pfizer<\/a><\/strong>. Segundo a pasta, as primeiras <strong>1,8 milh\u00e3o de doses chegam at\u00e9 o fim deste ano<\/strong>, sendo 832,5 mil j\u00e1 em novembro, quando come\u00e7a a aplica\u00e7\u00e3o na rede p\u00fablica de sa\u00fade.<\/p>\n<\/p>\n<p dir=\"ltr\" style=\"text-align: justify\">O <strong>imunizante \u00e9 recomendado para gestantes a partir da 28\u00aa semana de gravidez, garantindo prote\u00e7\u00e3o imediata aos rec\u00e9m-nascidos<\/strong>. A expectativa \u00e9 beneficiar cerca de <strong>2 milh\u00f5es de beb\u00eas nascidos vivos por ano, prevenir at\u00e9 28 mil interna\u00e7\u00f5es e reduzir casos graves da doen\u00e7a<\/strong>, respons\u00e1vel por 80% das bronquiolites e 60% das pneumonias em crian\u00e7as menores de 2 anos.<\/p>\n<p dir=\"ltr\" style=\"text-align: justify\">No Brasil, o VSR causa, anualmente, cerca de 20 mil interna\u00e7\u00f5es de beb\u00eas menores de 1 ano. O risco \u00e9 ainda maior entre prematuros, que apresentam mortalidade sete vezes superior \u00e0 de crian\u00e7as nascidas a termo. Entre 2018 e 2024, foram registradas 83 mil interna\u00e7\u00f5es desse grupo por complica\u00e7\u00f5es ligadas ao v\u00edrus.<\/p>\n<p dir=\"ltr\" style=\"text-align: justify\">Al\u00e9m da vacina, o governo anunciou tamb\u00e9m a produ\u00e7\u00e3o nacional do <strong>natalizumabe<\/strong>, medicamento usado no tratamento da <strong>esclerose m\u00faltipla<\/strong>, por meio de transfer\u00eancia de tecnologia da farmac\u00eautica <a href=\"https:\/\/www.sandoz.com.br\/\"><strong>Sandoz <\/strong><\/a>para o Instituto Butantan. Segundo o minist\u00e9rio, medidas como essas refor\u00e7am a soberania do SUS e reduzem a depend\u00eancia de importa\u00e7\u00f5es em sa\u00fade.<\/p>\n<p>\t\t\t\t\t\t\t\t\t<img loading=\"lazy\" decoding=\"async\" src=\"https:\/\/brasil61.com\/api\/v1\/serve_pixel\/17677\/84566\" alt=\"Pixel Brasil 61\" class=\"b61_pixel\" width=\"0\" height=\"0\"><\/p>\n<input type=\"hidden\" id=\"baseurl\" value=\"https:\/\/noticiasdestaque.com.br\"><input type=\"hidden\" id=\"audio_nonce\" value=\"6f73a554f1\">","protected":false},"excerpt":{"rendered":"<p>Com 1,8 milh\u00e3o de doses previstas at\u00e9 o fim do ano, imunizante ser\u00e1 oferecido para gestantes, garantindo prote\u00e7\u00e3o imediata<\/p>\n","protected":false},"author":1,"featured_media":45884,"comment_status":"open","ping_status":"open","sticky":false,"template":"","format":"standard","meta":{"fifu_image_url":"","fifu_image_alt":"","footnotes":""},"categories":[51],"tags":[],"class_list":["post-45883","post","type-post","status-publish","format-standard","has-post-thumbnail","hentry","category-saude"],"distributor_meta":false,"distributor_terms":false,"distributor_media":false,"distributor_original_site_name":"Noticias em Destaque","distributor_original_site_url":"https:\/\/noticiasdestaque.com.br","push-errors":false,"_links":{"self":[{"href":"https:\/\/noticiasdestaque.com.br\/index.php\/wp-json\/wp\/v2\/posts\/45883","targetHints":{"allow":["GET"]}}],"collection":[{"href":"https:\/\/noticiasdestaque.com.br\/index.php\/wp-json\/wp\/v2\/posts"}],"about":[{"href":"https:\/\/noticiasdestaque.com.br\/index.php\/wp-json\/wp\/v2\/types\/post"}],"author":[{"embeddable":true,"href":"https:\/\/noticiasdestaque.com.br\/index.php\/wp-json\/wp\/v2\/users\/1"}],"replies":[{"embeddable":true,"href":"https:\/\/noticiasdestaque.com.br\/index.php\/wp-json\/wp\/v2\/comments?post=45883"}],"version-history":[{"count":0,"href":"https:\/\/noticiasdestaque.com.br\/index.php\/wp-json\/wp\/v2\/posts\/45883\/revisions"}],"wp:featuredmedia":[{"embeddable":true,"href":"https:\/\/noticiasdestaque.com.br\/index.php\/wp-json\/wp\/v2\/media\/45884"}],"wp:attachment":[{"href":"https:\/\/noticiasdestaque.com.br\/index.php\/wp-json\/wp\/v2\/media?parent=45883"}],"wp:term":[{"taxonomy":"category","embeddable":true,"href":"https:\/\/noticiasdestaque.com.br\/index.php\/wp-json\/wp\/v2\/categories?post=45883"},{"taxonomy":"post_tag","embeddable":true,"href":"https:\/\/noticiasdestaque.com.br\/index.php\/wp-json\/wp\/v2\/tags?post=45883"}],"curies":[{"name":"wp","href":"https:\/\/api.w.org\/{rel}","templated":true}]}}