{"id":45859,"date":"2025-09-12T04:15:00","date_gmt":"2025-09-12T07:15:00","guid":{"rendered":"https:\/\/noticiasdestaque.com.br\/index.php\/2025\/09\/12\/vacinacao-contra-hpv-para-jovens-de-15-a-19-anos-e-estendida-ate-dezembro-pelo-sus\/"},"modified":"2025-09-12T04:15:00","modified_gmt":"2025-09-12T07:15:00","slug":"vacinacao-contra-hpv-para-jovens-de-15-a-19-anos-e-estendida-ate-dezembro-pelo-sus","status":"publish","type":"post","link":"https:\/\/noticiasdestaque.com.br\/index.php\/2025\/09\/12\/vacinacao-contra-hpv-para-jovens-de-15-a-19-anos-e-estendida-ate-dezembro-pelo-sus\/","title":{"rendered":"Vacina\u00e7\u00e3o contra HPV para jovens de 15 a 19 anos \u00e9 estendida at\u00e9 dezembro pelo SUS"},"content":{"rendered":"<p>\t\t\t\t\t\t\t\t\t\t<audio controls class=\"b61_audio_player\" data-noticia=\"84547\" src=\"https:\/\/brasil61.com\/rails\/active_storage\/blobs\/eyJfcmFpbHMiOnsibWVzc2FnZSI6IkJBaHBBN0daQXc9PSIsImV4cCI6bnVsbCwicHVyIjoiYmxvYl9pZCJ9fQ==--a78e52253a0dd81950f929b3c865856f677fa078\/BRAS2514699A\"><\/audio><\/p>\n<p>O <strong><a href=\"https:\/\/www.gov.br\/saude\/pt-br\">Minist\u00e9rio da Sa\u00fade <\/a>anunciou a <a href=\"https:\/\/www.gov.br\/saude\/pt-br\/assuntos\/noticias\/2025\/setembro\/perdeu-a-vacina-contra-o-hpv-ministerio-da-saude-amplia-prazo-para-jovens-de-15-a-19-anos\">extens\u00e3o at\u00e9 dezembro\u00a0de vacina\u00e7\u00e3o de jovens de 15 a 19 anos contra o HPV (Papilomav\u00edrus Humano).\u00a0<\/a>Segundo a pasta, essa \u00e9\u00a0primeira vez que essa faixa et\u00e1ria passa a\u00a0receber a vacina pelo Sistema \u00danico de Sa\u00fade (SUS).<\/strong><\/p>\n<p><strong>A meta do minist\u00e9rio \u00e9 alcan\u00e7ar cerca de 7 milh\u00f5es de jovens que perderam a imuniza\u00e7\u00e3o na idade recomendada (9 a 14 anos).\u00a0<\/strong><\/p>\n<p>A <a href=\"https:\/\/brasil61.com\/n\/hpv-quais-doencas-esta-associado-e-como-previnir-blog240535\"><strong>ginecologista Denise Yanasse explica que o HPV \u00e9 a infec\u00e7\u00e3o sexualmente transmiss\u00edvel mais comum no mundo<\/strong><\/a>. \u201cO HPV \u00e9 transmitido por meio de rela\u00e7\u00f5es sexuais e \u00e9 o principal causador do c\u00e2ncer de colo do \u00fatero em mulheres. Ele tamb\u00e9m est\u00e1 associado a outros tipos de c\u00e2ncer em homens e mulheres, al\u00e9m de provocar verrugas genitais.\u201d<\/p>\n<h2 style=\"text-align: justify\">HPV: P\u00fablico-alvo da vacina (Fonte: Minist\u00e9rio da Sa\u00fade)\u00a0<\/h2>\n<ul>\n<li>Meninas e meninos de 9 a 14 anos;<\/li>\n<li>Jovens de 15 a 19 anos n\u00e3o vacinados (a\u00e7\u00e3o at\u00e9 dezembro\/2025);<\/li>\n<li>Pessoas de 15 a 45 anos imunocompetentes que sofreram viol\u00eancia sexual ou apresentam condi\u00e7\u00f5es espec\u00edficas de sa\u00fade.<\/li>\n<\/ul>\n<h2>HPV: esquema vacinal<\/h2>\n<ul>\n<li>Adolescentes imunocompetentes (9 a 14 anos): dose \u00fanica, substituindo o esquema anterior de duas doses.<\/li>\n<li>Pessoas com sistema imunol\u00f3gico comprometido \u2014 como pacientes com HIV\/AIDS, em tratamento oncol\u00f3gico ou que passaram por transplante \u2014 devem receber tr\u00eas doses para garantir maior prote\u00e7\u00e3o.<\/li>\n<li>A mesma recomenda\u00e7\u00e3o se aplica a usu\u00e1rios de PrEP (m\u00e9todo de preven\u00e7\u00e3o ao HIV) entre 15 e 45 anos e a v\u00edtimas de viol\u00eancia sexual com 15 anos ou mais.<\/li>\n<\/ul>\n<p>Embora a maioria das infec\u00e7\u00f5es seja eliminada pelo organismo em at\u00e9 dois anos, em alguns casos o v\u00edrus persiste e pode causar doen\u00e7as graves. Al\u00e9m do c\u00e2ncer de colo do \u00fatero, quase totalmente associado ao HPV, o v\u00edrus tamb\u00e9m est\u00e1 ligado a casos de c\u00e2ncer anal, de p\u00eanis, de boca e de orofaringe, al\u00e9m de provocar verrugas genitais.<\/p>\n<p style=\"text-align: justify\"><span style=\"font-size:16px\">VEJA MAIS:\u00a0<\/span><\/p>\n<ul>\n<li style=\"text-align: justify\"><a href=\"https:\/\/brasil61.com\/n\/hpv-pode-levar-ate-20-anos-para-se-manifestar-bras2411519\" target=\"_blank\">HPV pode levar at\u00e9 20 anos para se manifestar<\/a><\/li>\n<li style=\"text-align: justify\"><a href=\"https:\/\/brasil61.com\/n\/hpv-quais-doencas-esta-associado-e-como-previnir-blog240535\" target=\"_blank\">HPV: quais doen\u00e7as est\u00e1 associado e como prevenir<\/a><br \/>\n\t\u00a0<\/li>\n<\/ul>\n<p dir=\"ltr\">\u00a0<\/p>\n<p>\t\t\t\t\t\t\t\t\t<img loading=\"lazy\" decoding=\"async\" src=\"https:\/\/brasil61.com\/api\/v1\/serve_pixel\/17677\/84547\" alt=\"Pixel Brasil 61\" class=\"b61_pixel\" width=\"0\" height=\"0\"><\/p>\n<input type=\"hidden\" id=\"baseurl\" value=\"https:\/\/noticiasdestaque.com.br\"><input type=\"hidden\" id=\"audio_nonce\" value=\"6f73a554f1\">","protected":false},"excerpt":{"rendered":"<p>A medida faz parte da estrat\u00e9gia de resgate vacinal e busca ampliar a prote\u00e7\u00e3o contra o HPV, v\u00edrus respons\u00e1vel pelo c\u00e2ncer de colo do \u00fatero e outras doen\u00e7as<\/p>\n","protected":false},"author":1,"featured_media":45860,"comment_status":"open","ping_status":"open","sticky":false,"template":"","format":"standard","meta":{"fifu_image_url":"","fifu_image_alt":"","footnotes":""},"categories":[51],"tags":[],"class_list":["post-45859","post","type-post","status-publish","format-standard","has-post-thumbnail","hentry","category-saude"],"distributor_meta":false,"distributor_terms":false,"distributor_media":false,"distributor_original_site_name":"Noticias em Destaque","distributor_original_site_url":"https:\/\/noticiasdestaque.com.br","push-errors":false,"_links":{"self":[{"href":"https:\/\/noticiasdestaque.com.br\/index.php\/wp-json\/wp\/v2\/posts\/45859","targetHints":{"allow":["GET"]}}],"collection":[{"href":"https:\/\/noticiasdestaque.com.br\/index.php\/wp-json\/wp\/v2\/posts"}],"about":[{"href":"https:\/\/noticiasdestaque.com.br\/index.php\/wp-json\/wp\/v2\/types\/post"}],"author":[{"embeddable":true,"href":"https:\/\/noticiasdestaque.com.br\/index.php\/wp-json\/wp\/v2\/users\/1"}],"replies":[{"embeddable":true,"href":"https:\/\/noticiasdestaque.com.br\/index.php\/wp-json\/wp\/v2\/comments?post=45859"}],"version-history":[{"count":0,"href":"https:\/\/noticiasdestaque.com.br\/index.php\/wp-json\/wp\/v2\/posts\/45859\/revisions"}],"wp:featuredmedia":[{"embeddable":true,"href":"https:\/\/noticiasdestaque.com.br\/index.php\/wp-json\/wp\/v2\/media\/45860"}],"wp:attachment":[{"href":"https:\/\/noticiasdestaque.com.br\/index.php\/wp-json\/wp\/v2\/media?parent=45859"}],"wp:term":[{"taxonomy":"category","embeddable":true,"href":"https:\/\/noticiasdestaque.com.br\/index.php\/wp-json\/wp\/v2\/categories?post=45859"},{"taxonomy":"post_tag","embeddable":true,"href":"https:\/\/noticiasdestaque.com.br\/index.php\/wp-json\/wp\/v2\/tags?post=45859"}],"curies":[{"name":"wp","href":"https:\/\/api.w.org\/{rel}","templated":true}]}}