{"id":45857,"date":"2025-09-12T04:00:00","date_gmt":"2025-09-12T07:00:00","guid":{"rendered":"https:\/\/noticiasdestaque.com.br\/index.php\/2025\/09\/12\/reforma-tributaria-relatorio-do-ibs-segue-para-votacao-na-ccj-no-dia-17\/"},"modified":"2025-09-12T04:00:00","modified_gmt":"2025-09-12T07:00:00","slug":"reforma-tributaria-relatorio-do-ibs-segue-para-votacao-na-ccj-no-dia-17","status":"publish","type":"post","link":"https:\/\/noticiasdestaque.com.br\/index.php\/2025\/09\/12\/reforma-tributaria-relatorio-do-ibs-segue-para-votacao-na-ccj-no-dia-17\/","title":{"rendered":"Reforma tribut\u00e1ria: relat\u00f3rio do IBS segue para vota\u00e7\u00e3o na CCJ no dia 17"},"content":{"rendered":"<p>\t\t\t\t\t\t\t\t\t\t<audio controls class=\"b61_audio_player\" data-noticia=\"84541\" src=\"https:\/\/brasil61.com\/rails\/active_storage\/blobs\/eyJfcmFpbHMiOnsibWVzc2FnZSI6IkJBaHBBNnlaQXc9PSIsImV4cCI6bnVsbCwicHVyIjoiYmxvYl9pZCJ9fQ==--6f3ed9103588ae5da3e7ba53cb1dc0aa5cc685c7\/BRAS2514695A\"><\/audio><\/p>\n<p>O <a href=\"https:\/\/www12.senado.leg.br\/noticias\"><strong>Senado <\/strong><\/a>avan\u00e7ou mais uma etapa na regulamenta\u00e7\u00e3o da <strong>reforma tribut\u00e1ria <\/strong>com a <strong>apresenta\u00e7\u00e3o do relat\u00f3rio do Projeto de Lei Complementar <a href=\"https:\/\/www25.senado.leg.br\/web\/atividade\/materias\/-\/materia\/166095\">(PLP) 108\/2024<\/a>, que trata da cria\u00e7\u00e3o do Comit\u00ea Gestor do Imposto sobre Bens e Servi\u00e7os (IBS)<\/strong>. O parecer, elaborado pelo senador <strong><a href=\"https:\/\/www.instagram.com\/eduardobraga_am\/?hl=pt\">Eduardo Braga (MDB-AM)<\/a> <\/strong>e lido na Comiss\u00e3o de Constitui\u00e7\u00e3o e Justi\u00e7a (CCJ), define as compet\u00eancias do \u00f3rg\u00e3o respons\u00e1vel por coordenar a arrecada\u00e7\u00e3o e a distribui\u00e7\u00e3o do <strong>tributo que substituir\u00e1 ICMS e ISS<\/strong>.<\/p>\n<p>Segundo Braga, a proposta busca simplificar e unificar regras para o <strong>IBS <\/strong>e para a Contribui\u00e7\u00e3o sobre Bens e Servi\u00e7os (<strong>CBS<\/strong>).<br \/>\n\u201cSua miss\u00e3o \u00e9 definir diretrizes e coordenar a atua\u00e7\u00e3o entre entes em rela\u00e7\u00e3o ao IBS e garantir a distribui\u00e7\u00e3o justa da arrecada\u00e7\u00e3o. Muitas regras inicialmente pensadas apenas para o IBS foram estendidas para a CBS, promovendo uma legisla\u00e7\u00e3o unificada e simplificada\u201d, afirmou o relator.<\/p>\n<h2>Principais pontos do relat\u00f3rio<\/h2>\n<ul>\n<li><strong>Comit\u00ea Gestor do IBS (CGIBS): <\/strong>ter\u00e1 independ\u00eancia t\u00e9cnica e administrativa, reunindo representantes de estados e munic\u00edpios. O \u00f3rg\u00e3o ser\u00e1 respons\u00e1vel por arrecadar, compensar e distribuir o novo imposto.<\/li>\n<li><strong>Conselho Superior: <\/strong>novas regras de perman\u00eancia no cargo; condena\u00e7\u00f5es criminais ou por improbidade acarretam perda imediata do mandato.<\/li>\n<li><strong>Representa\u00e7\u00e3o municipal: <\/strong>solu\u00e7\u00e3o para impasse entre associa\u00e7\u00f5es de munic\u00edpios. Em 2025, a Frente Nacional de Prefeitas e Prefeitos ficar\u00e1 com 13 vagas e a Confedera\u00e7\u00e3o Nacional de Munic\u00edpios com 14.<\/li>\n<li><strong>Split payment:<\/strong> sistema de repasse autom\u00e1tico que pretende reduzir a sonega\u00e7\u00e3o, integrando informa\u00e7\u00f5es sobre IBS e CBS. Valores de opera\u00e7\u00f5es canceladas poder\u00e3o ser devolvidos em at\u00e9 tr\u00eas dias \u00fateis.<\/li>\n<li><strong>Cashback:<\/strong> devolu\u00e7\u00e3o parcial de IBS e CBS para fam\u00edlias de baixa renda inscritas no Cadastro \u00danico, com prioridade para servi\u00e7os essenciais como energia e \u00e1gua.<\/li>\n<li><strong>Domic\u00edlio Tribut\u00e1rio Eletr\u00f4nico: <\/strong>ser\u00e1 obrigat\u00f3rio para todas as empresas, como canal oficial de comunica\u00e7\u00e3o tribut\u00e1ria.<\/li>\n<li><strong>Tributa\u00e7\u00e3o de bebidas: <\/strong>introdu\u00e7\u00e3o escalonada do Imposto Seletivo sobre bebidas a\u00e7ucaradas entre 2029 e 2033.<\/li>\n<li><strong>Zona Franca de Manaus e \u00c1reas de Livre Com\u00e9rcio:<\/strong> mant\u00eam tratamento especial, com fiscaliza\u00e7\u00e3o a cargo da Suframa.<\/li>\n<\/ul>\n<h2>Pr\u00f3ximos passos<\/h2>\n<p>O presidente da CCJ, senador <a href=\"https:\/\/www.instagram.com\/ottoalencar\/\"><strong>Otto Alencar (PSD-BA)<\/strong><\/a>, destacou a import\u00e2ncia do projeto e explicou o tr\u00e2mite da proposta:<\/p>\n<p>\u201c\u00c9 o projeto de lei complementar da reforma tribut\u00e1ria que foi analisado pela comiss\u00e3o de Constitui\u00e7\u00e3o e Justi\u00e7a, o relat\u00f3rio do senador Eduardo Braga que versa sobre a fus\u00e3o do ICMS e do ISS, que \u00e9 o IBS. Ele volta na pr\u00f3xima quarta-feira para continuar a discuss\u00e3o. Encerrada a discuss\u00e3o, haver\u00e1 a vota\u00e7\u00e3o do texto na CCJ e o encaminhamento em regime de urg\u00eancia para o plen\u00e1rio do Senado deliberar sobre essa mat\u00e9ria que \u00e9 importante e que complementa a reforma tribut\u00e1ria.\u201d<\/p>\n<p>Alencar acrescentou que, caso aprovado pelo Senado, o texto poder\u00e1 ser apreciado pela C\u00e2mara dos Deputados ainda em setembro, antes de seguir para san\u00e7\u00e3o presidencial.<\/p>\n<p>O relator, Eduardo Braga, afirmou estar confiante na aprova\u00e7\u00e3o e ressaltou que j\u00e1 acatou 96 das 368 emendas apresentadas ao projeto.<\/p>\n<p>\u201cEstamos em busca de um texto que possa representar o melhor de n\u00f3s para o Brasil, para os contribuintes, para a economia, para a gera\u00e7\u00e3o de emprego, para a gera\u00e7\u00e3o de renda, para a simplifica\u00e7\u00e3o, para a transpar\u00eancia e para o combate \u00e0 sonega\u00e7\u00e3o\u201d, disse o relator.<\/p>\n<p>A vota\u00e7\u00e3o na CCJ est\u00e1 prevista para o dia <strong>17 de setembro.<\/strong><br \/>\n\u00a0<\/p>\n<p>\t\t\t\t\t\t\t\t\t<img loading=\"lazy\" decoding=\"async\" src=\"https:\/\/brasil61.com\/api\/v1\/serve_pixel\/17677\/84541\" alt=\"Pixel Brasil 61\" class=\"b61_pixel\" width=\"0\" height=\"0\"><\/p>\n<input type=\"hidden\" id=\"baseurl\" value=\"https:\/\/noticiasdestaque.com.br\"><input type=\"hidden\" id=\"audio_nonce\" value=\"6f73a554f1\">","protected":false},"excerpt":{"rendered":"<p>Parecer do senador Eduardo Braga (MDB-AM) regulamenta a cria\u00e7\u00e3o do Comit\u00ea Gestor e unifica regras para o novo imposto; texto pode chegar ao plen\u00e1rio e \u00e0 C\u00e2mara ainda em setembro<\/p>\n","protected":false},"author":1,"featured_media":45858,"comment_status":"open","ping_status":"open","sticky":false,"template":"","format":"standard","meta":{"fifu_image_url":"","fifu_image_alt":"","footnotes":""},"categories":[59],"tags":[],"class_list":["post-45857","post","type-post","status-publish","format-standard","has-post-thumbnail","hentry","category-economia"],"distributor_meta":false,"distributor_terms":false,"distributor_media":false,"distributor_original_site_name":"Noticias em Destaque","distributor_original_site_url":"https:\/\/noticiasdestaque.com.br","push-errors":false,"_links":{"self":[{"href":"https:\/\/noticiasdestaque.com.br\/index.php\/wp-json\/wp\/v2\/posts\/45857","targetHints":{"allow":["GET"]}}],"collection":[{"href":"https:\/\/noticiasdestaque.com.br\/index.php\/wp-json\/wp\/v2\/posts"}],"about":[{"href":"https:\/\/noticiasdestaque.com.br\/index.php\/wp-json\/wp\/v2\/types\/post"}],"author":[{"embeddable":true,"href":"https:\/\/noticiasdestaque.com.br\/index.php\/wp-json\/wp\/v2\/users\/1"}],"replies":[{"embeddable":true,"href":"https:\/\/noticiasdestaque.com.br\/index.php\/wp-json\/wp\/v2\/comments?post=45857"}],"version-history":[{"count":0,"href":"https:\/\/noticiasdestaque.com.br\/index.php\/wp-json\/wp\/v2\/posts\/45857\/revisions"}],"wp:featuredmedia":[{"embeddable":true,"href":"https:\/\/noticiasdestaque.com.br\/index.php\/wp-json\/wp\/v2\/media\/45858"}],"wp:attachment":[{"href":"https:\/\/noticiasdestaque.com.br\/index.php\/wp-json\/wp\/v2\/media?parent=45857"}],"wp:term":[{"taxonomy":"category","embeddable":true,"href":"https:\/\/noticiasdestaque.com.br\/index.php\/wp-json\/wp\/v2\/categories?post=45857"},{"taxonomy":"post_tag","embeddable":true,"href":"https:\/\/noticiasdestaque.com.br\/index.php\/wp-json\/wp\/v2\/tags?post=45857"}],"curies":[{"name":"wp","href":"https:\/\/api.w.org\/{rel}","templated":true}]}}