{"id":45849,"date":"2025-09-11T19:10:00","date_gmt":"2025-09-11T22:10:00","guid":{"rendered":"https:\/\/noticiasdestaque.com.br\/index.php\/2025\/09\/11\/previsao-do-tempo-sul-do-brasil-podera-ter-chuva-no-parana-e-em-santa-catarina-nesta-quinta-feira-11\/"},"modified":"2025-09-11T19:10:00","modified_gmt":"2025-09-11T22:10:00","slug":"previsao-do-tempo-sul-do-brasil-podera-ter-chuva-no-parana-e-em-santa-catarina-nesta-quinta-feira-11","status":"publish","type":"post","link":"https:\/\/noticiasdestaque.com.br\/index.php\/2025\/09\/11\/previsao-do-tempo-sul-do-brasil-podera-ter-chuva-no-parana-e-em-santa-catarina-nesta-quinta-feira-11\/","title":{"rendered":"PREVIS\u00c3O DO TEMPO: Sul do Brasil poder\u00e1 ter chuva no Paran\u00e1 e em Santa Catarina, nesta quinta-feira (11)"},"content":{"rendered":"<p>\t\t\t\t\t\t\t\t\t\t<audio controls class=\"b61_audio_player\" data-noticia=\"84525\" src=\"https:\/\/brasil61.com\/rails\/active_storage\/blobs\/eyJfcmFpbHMiOnsibWVzc2FnZSI6IkJBaHBBL1NZQXc9PSIsImV4cCI6bnVsbCwicHVyIjoiYmxvYl9pZCJ9fQ==--013d1ad3e753e7bc04307860e543f2db2b7d87b4\/PTRS254061A\"><\/audio><\/p>\n<p>A previs\u00e3o o tempo para esta quinta-feira (11) \u00e9 de possibilidade de chuva em boa parte do Sul do Brasil. No Paran\u00e1, esse quadro \u00e9 percebido em quase toda a unidade da federa\u00e7\u00e3o sobretudo mais ao oeste, sudeste e sudoeste, em cidades como Cascavel e Laranjal.<\/p>\n<p>Em Santa Catarina, h\u00e1 possibilidade de chuva em \u00e1reas do oeste, planalto e norte, em munic\u00edpios como Monte Castelo e Mafra. J\u00e1 para todo o Rio Grande do Sul, assim como nas demais \u00e1reas da regi\u00e3o, a previs\u00e3o de \u00e9 varia\u00e7\u00e3o entre muitas e poucas nuvens.<\/p>\n<p>Entre as capitais, a temperatura m\u00ednima prevista \u00e9 de 9\u00b0C, em Curitiba. A m\u00e1xima deve chegar a 25\u00b0C, no mesmo estado. A umidade relativa do ar, varia entre 40% e 95%.\u00a0<\/p>\n<p>As informa\u00e7\u00f5es s\u00e3o do Instituto Nacional de Meteorologia.\u00a0<\/p>\n<p>\n\u00a0<\/p>\n<p>\t\t\t\t\t\t\t\t\t<img loading=\"lazy\" decoding=\"async\" src=\"https:\/\/brasil61.com\/api\/v1\/serve_pixel\/17677\/84525\" alt=\"Pixel Brasil 61\" class=\"b61_pixel\" width=\"0\" height=\"0\"><\/p>\n<input type=\"hidden\" id=\"baseurl\" value=\"https:\/\/noticiasdestaque.com.br\"><input type=\"hidden\" id=\"audio_nonce\" value=\"5128c810d9\">","protected":false},"excerpt":{"rendered":"<p>Entre as capitais, a temperatura m\u00ednima prevista \u00e9 de 9\u00b0C, em Curitiba. A m\u00e1xima deve chegar a 25\u00b0C, no mesmo estado<\/p>\n","protected":false},"author":1,"featured_media":45850,"comment_status":"open","ping_status":"open","sticky":false,"template":"","format":"standard","meta":{"fifu_image_url":"","fifu_image_alt":"","footnotes":""},"categories":[58],"tags":[],"class_list":["post-45849","post","type-post","status-publish","format-standard","has-post-thumbnail","hentry","category-cotidiano"],"distributor_meta":false,"distributor_terms":false,"distributor_media":false,"distributor_original_site_name":"Noticias em Destaque","distributor_original_site_url":"https:\/\/noticiasdestaque.com.br","push-errors":false,"_links":{"self":[{"href":"https:\/\/noticiasdestaque.com.br\/index.php\/wp-json\/wp\/v2\/posts\/45849","targetHints":{"allow":["GET"]}}],"collection":[{"href":"https:\/\/noticiasdestaque.com.br\/index.php\/wp-json\/wp\/v2\/posts"}],"about":[{"href":"https:\/\/noticiasdestaque.com.br\/index.php\/wp-json\/wp\/v2\/types\/post"}],"author":[{"embeddable":true,"href":"https:\/\/noticiasdestaque.com.br\/index.php\/wp-json\/wp\/v2\/users\/1"}],"replies":[{"embeddable":true,"href":"https:\/\/noticiasdestaque.com.br\/index.php\/wp-json\/wp\/v2\/comments?post=45849"}],"version-history":[{"count":0,"href":"https:\/\/noticiasdestaque.com.br\/index.php\/wp-json\/wp\/v2\/posts\/45849\/revisions"}],"wp:featuredmedia":[{"embeddable":true,"href":"https:\/\/noticiasdestaque.com.br\/index.php\/wp-json\/wp\/v2\/media\/45850"}],"wp:attachment":[{"href":"https:\/\/noticiasdestaque.com.br\/index.php\/wp-json\/wp\/v2\/media?parent=45849"}],"wp:term":[{"taxonomy":"category","embeddable":true,"href":"https:\/\/noticiasdestaque.com.br\/index.php\/wp-json\/wp\/v2\/categories?post=45849"},{"taxonomy":"post_tag","embeddable":true,"href":"https:\/\/noticiasdestaque.com.br\/index.php\/wp-json\/wp\/v2\/tags?post=45849"}],"curies":[{"name":"wp","href":"https:\/\/api.w.org\/{rel}","templated":true}]}}