{"id":45839,"date":"2025-09-11T18:00:00","date_gmt":"2025-09-11T21:00:00","guid":{"rendered":"https:\/\/noticiasdestaque.com.br\/index.php\/2025\/09\/11\/previsao-do-tempo-sexta-feira-12-com-chuvas-no-litoral-nordestino\/"},"modified":"2025-09-11T18:00:00","modified_gmt":"2025-09-11T21:00:00","slug":"previsao-do-tempo-sexta-feira-12-com-chuvas-no-litoral-nordestino","status":"publish","type":"post","link":"https:\/\/noticiasdestaque.com.br\/index.php\/2025\/09\/11\/previsao-do-tempo-sexta-feira-12-com-chuvas-no-litoral-nordestino\/","title":{"rendered":"PREVIS\u00c3O DO TEMPO: sexta-feira (12) com chuvas no litoral nordestino"},"content":{"rendered":"<p>\t\t\t\t\t\t\t\t\t\t<audio controls class=\"b61_audio_player\" data-noticia=\"84538\" src=\"https:\/\/brasil61.com\/rails\/active_storage\/blobs\/eyJfcmFpbHMiOnsibWVzc2FnZSI6IkJBaHBBNXlaQXc9PSIsImV4cCI6bnVsbCwicHVyIjoiYmxvYl9pZCJ9fQ==--d0cf230703fd1cf174321dfc729f2453671f6493\/PTND254796A\"><\/audio><\/p>\n<p>A <strong>previs\u00e3o do tempo para o Nordeste<\/strong>\u00a0nesta sexta-feira (12) indica manh\u00e3 com\u00a0c\u00e9u nublado, com\u00a0pancadas de chuva no litoral da <strong>Para\u00edba, Pernambuco, Alagoas e Sergipe<\/strong>, al\u00e9m do norte da Bahia, incluindo a regi\u00e3o de\u00a0Salvador. No interior, em estados como Piau\u00ed e Cear\u00e1, o sol predominante.<\/p>\n<p data-end=\"945\" data-start=\"663\">A previs\u00e3o do tempo para o Nordeste nesta sexta-feira (12) indica manh\u00e3 de c\u00e9u nublado, com pancadas de chuva no litoral da Para\u00edba, Pernambuco, Alagoas e Sergipe, al\u00e9m do norte da Bahia, incluindo a regi\u00e3o de Salvador. No interior, em estados como Piau\u00ed e Cear\u00e1, o sol predomina.<\/p>\n<p data-end=\"1107\" data-start=\"947\">\u00c0 tarde, as chuvas permanecem concentradas na faixa litor\u00e2nea, especialmente entre Recife, Macei\u00f3 e Aracaju. Nas demais \u00e1reas da regi\u00e3o, o tempo segue aberto.<\/p>\n<p data-end=\"1343\" data-start=\"1109\">Durante a noite, as precipita\u00e7\u00f5es se intensificam no litoral, atingindo cidades como Jo\u00e3o Pessoa, Recife, Macei\u00f3, Aracaju e Salvador. J\u00e1 no interior do Maranh\u00e3o, Piau\u00ed e Cear\u00e1, o c\u00e9u fica parcialmente nublado, sem previs\u00e3o de chuva.<\/p>\n<p data-end=\"1343\" data-start=\"1109\">Entre as capitais, a temperatura m\u00ednima prevista \u00e9 de 22\u00b0C, em Macei\u00f3 e Salvador. J\u00e1 a m\u00e1xima pode chegar a 38\u00b0C, em Teresina. A umidade relativa do ar varia entre 20% e 95%.<\/p>\n<h2 data-end=\"1343\" data-start=\"1109\">5 Motivos para saber das previs\u00f5es do tempo\u00a0\u00a0<\/h2>\n<ol>\n<li>Agricultura: garantia de uma boa colheita;<\/li>\n<li>Marinha: prote\u00e7\u00e3o dos marinheiros, dos navios e dos passageiros;<\/li>\n<li>Aeron\u00e1utica: prote\u00e7\u00e3o e seguran\u00e7a dos pilotos, das aeronaves e dos passageiros;<\/li>\n<li>Pesca: condi\u00e7\u00f5es favor\u00e1veis e seguras \u00e0 pesca; e<\/li>\n<li>Turismo: garantia de um passeio e de uma viagem feliz e tranquila.<\/li>\n<\/ol>\n<h2>Import\u00e2ncia das observa\u00e7\u00f5es meteorol\u00f3gicas no INMET<\/h2>\n<p>As observa\u00e7\u00f5es meteorol\u00f3gicas do <strong>INMET <\/strong>s\u00e3o essenciais para previs\u00f5es em tempo real, estat\u00edsticas clim\u00e1ticas e coopera\u00e7\u00e3o internacional. Esses dados precisos ajudam a estudar o clima passado e a produzir <strong>Normais Climatol\u00f3gicas<\/strong> conforme a <strong>Organiza\u00e7\u00e3o Meteorol\u00f3gica Mundial (OMM)<\/strong>.<\/p>\n<p>As informa\u00e7\u00f5es s\u00e3o do <strong>Instituto Nacional de Meteorologia (<a href=\"https:\/\/portal.inmet.gov.br\/\" target=\"_blank\">Inmet<\/a>)<\/strong>. \u00a0\u00a0<\/p>\n<p>\u00a0<\/p>\n<p>\t\t\t\t\t\t\t\t\t<img loading=\"lazy\" decoding=\"async\" src=\"https:\/\/brasil61.com\/api\/v1\/serve_pixel\/17677\/84538\" alt=\"Pixel Brasil 61\" class=\"b61_pixel\" width=\"0\" height=\"0\"><\/p>\n<input type=\"hidden\" id=\"baseurl\" value=\"https:\/\/noticiasdestaque.com.br\"><input type=\"hidden\" id=\"audio_nonce\" value=\"6f73a554f1\">","protected":false},"excerpt":{"rendered":"<p>\u00c0 noite, as chuvas se intensificam\u00a0no litoral, atingindo cidades de Jo\u00e3o Pessoa, Recife, Macei\u00f3, Aracaju e Salvador. J\u00e1 no interior da regi\u00e3o, incluindo \u00e1reas do Maranh\u00e3o, Piau\u00ed e Cear\u00e1, o c\u00e9u fica parcialmente nublado, mas sem previs\u00e3o de chuva.<\/p>\n","protected":false},"author":1,"featured_media":45840,"comment_status":"open","ping_status":"open","sticky":false,"template":"","format":"standard","meta":{"fifu_image_url":"","fifu_image_alt":"","footnotes":""},"categories":[58],"tags":[],"class_list":["post-45839","post","type-post","status-publish","format-standard","has-post-thumbnail","hentry","category-cotidiano"],"distributor_meta":false,"distributor_terms":false,"distributor_media":false,"distributor_original_site_name":"Noticias em Destaque","distributor_original_site_url":"https:\/\/noticiasdestaque.com.br","push-errors":false,"_links":{"self":[{"href":"https:\/\/noticiasdestaque.com.br\/index.php\/wp-json\/wp\/v2\/posts\/45839","targetHints":{"allow":["GET"]}}],"collection":[{"href":"https:\/\/noticiasdestaque.com.br\/index.php\/wp-json\/wp\/v2\/posts"}],"about":[{"href":"https:\/\/noticiasdestaque.com.br\/index.php\/wp-json\/wp\/v2\/types\/post"}],"author":[{"embeddable":true,"href":"https:\/\/noticiasdestaque.com.br\/index.php\/wp-json\/wp\/v2\/users\/1"}],"replies":[{"embeddable":true,"href":"https:\/\/noticiasdestaque.com.br\/index.php\/wp-json\/wp\/v2\/comments?post=45839"}],"version-history":[{"count":0,"href":"https:\/\/noticiasdestaque.com.br\/index.php\/wp-json\/wp\/v2\/posts\/45839\/revisions"}],"wp:featuredmedia":[{"embeddable":true,"href":"https:\/\/noticiasdestaque.com.br\/index.php\/wp-json\/wp\/v2\/media\/45840"}],"wp:attachment":[{"href":"https:\/\/noticiasdestaque.com.br\/index.php\/wp-json\/wp\/v2\/media?parent=45839"}],"wp:term":[{"taxonomy":"category","embeddable":true,"href":"https:\/\/noticiasdestaque.com.br\/index.php\/wp-json\/wp\/v2\/categories?post=45839"},{"taxonomy":"post_tag","embeddable":true,"href":"https:\/\/noticiasdestaque.com.br\/index.php\/wp-json\/wp\/v2\/tags?post=45839"}],"curies":[{"name":"wp","href":"https:\/\/api.w.org\/{rel}","templated":true}]}}