{"id":45833,"date":"2025-09-11T04:10:00","date_gmt":"2025-09-11T07:10:00","guid":{"rendered":"https:\/\/noticiasdestaque.com.br\/index.php\/2025\/09\/11\/ipca-de-agosto-registra-deflacao-de-011-puxada-por-energia-alimentos-e-transportes\/"},"modified":"2025-09-11T04:10:00","modified_gmt":"2025-09-11T07:10:00","slug":"ipca-de-agosto-registra-deflacao-de-011-puxada-por-energia-alimentos-e-transportes","status":"publish","type":"post","link":"https:\/\/noticiasdestaque.com.br\/index.php\/2025\/09\/11\/ipca-de-agosto-registra-deflacao-de-011-puxada-por-energia-alimentos-e-transportes\/","title":{"rendered":"IPCA de agosto registra defla\u00e7\u00e3o de 0,11% puxada por energia, alimentos e transportes"},"content":{"rendered":"<p>\t\t\t\t\t\t\t\t\t\t<audio controls class=\"b61_audio_player\" data-noticia=\"84530\" src=\"https:\/\/brasil61.com\/rails\/active_storage\/blobs\/eyJfcmFpbHMiOnsibWVzc2FnZSI6IkJBaHBBd3laQXc9PSIsImV4cCI6bnVsbCwicHVyIjoiYmxvYl9pZCJ9fQ==--1e7a9ab7fba3ceaad107e1ae0d778854f1941ffd\/BRAS2514694A\"><\/audio><\/p>\n<p style=\"text-align: justify\">O <strong>\u00cdndice Nacional de Pre\u00e7os ao Consumidor Amplo (IPCA)<\/strong>, <a href=\"https:\/\/agenciadenoticias.ibge.gov.br\/agencia-noticias\/2012-agencia-de-noticias\/noticias\/44429-inflacao-fica-em-0-11-em-agosto-com-quedas-em-habitacao-alimentacao-e-transportes\"><strong>medido pelo IBGE<\/strong><\/a>, registrou <strong>queda de 0,11% em agosto<\/strong>, a primeira defla\u00e7\u00e3o do ano. O resultado foi influenciado principalmente pelos grupos <strong>Habita\u00e7\u00e3o <\/strong>(-0,90%), <strong>Alimenta\u00e7\u00e3o e bebidas<\/strong> (-0,46%) e <strong>Transportes <\/strong>(-0,27%), que juntos retiraram 0,37 ponto percentual do \u00edndice geral.<\/p>\n<p style=\"text-align: justify\">\n<p style=\"text-align: justify\">Na <strong>energia el\u00e9trica<\/strong>, o recuo foi de 4,21% em fun\u00e7\u00e3o do b\u00f4nus de Itaipu, creditado nas faturas de agosto. No grupo <strong>alimenta\u00e7\u00e3o<\/strong>, os destaques foram<strong> as quedas do tomate, batata-inglesa, cebola, arroz e caf\u00e9<\/strong> J\u00e1 nos <strong>transportes<\/strong>, <strong>os pre\u00e7os de gasolina, etanol e passagens a\u00e9reas tiveram retra\u00e7\u00e3o<\/strong>.<\/p>\n<p style=\"text-align: justify\">O conselheiro do <a href=\"https:\/\/corecondf.org.br\/\"><strong>Conselho Regional de Economia do Distrito Federal (Corecon-DF)<\/strong><\/a>, Guidi Nunes, avalia que o al\u00edvio em agosto foi condicionado a fatores espec\u00edficos. \u201cAssim, o fator principal que pesou nessa influ\u00eancia foi o fator habita\u00e7\u00e3o, particularmente energia, que \u00e9 o <a href=\"https:\/\/www.gov.br\/mme\/pt-br\/assuntos\/noticias\/bonus-de-itaipu-preve-desconto-para-97-dos-consumidores-rurais-e-residenciais\">b\u00f4nus de Itaipu<\/a>. Na parte de energia, teve um desconto de 4,2%, que \u00e9 s\u00f3 para agosto. N\u00e3o vai ter, em setembro, esse desconto, ent\u00e3o ela volta \u00e0 normalidade\u201d, aponta.<\/p>\n<p style=\"text-align: justify\">Com o resultado, o<strong> <\/strong><strong>IPCA acumula alta de 3,15% no ano e 5,13% em 12 meses<\/strong>.<\/p>\n<p style=\"text-align: justify\">Para o conselheiro, trata-se de um quadro positivo: \u201cEsse cen\u00e1rio todo, inflacion\u00e1rio brasileiro \u00e9 um cen\u00e1rio benigno. O Banco Central ainda tem uma taxa de juros alta, perseguindo a meta de infla\u00e7\u00e3o de 3%, sendo que o teto \u00e9 4,5%, e a infla\u00e7\u00e3o tem ficado, nos \u00faltimos seis anos, na faixa de 5%.\u201d<\/p>\n<p style=\"text-align: justify\"><span style=\"font-size:20px\">IPCA: diferen\u00e7as regionais \u00a0<\/span><\/p>\n<p style=\"text-align: justify\"><strong>O comportamento do IPCA em agosto variou entre as capitais (ver tabela abaixo)<\/strong>. <strong>Vit\u00f3ria (ES)\u00a0<\/strong>foi a que apresentou a maior alta, de 0,23%, puxada por energia el\u00e9trica e taxa de \u00e1gua e esgoto. J\u00e1 <strong>Porto Alegre<\/strong>\u00a0<strong>(RS)<\/strong> e <strong>Goi\u00e2nia\u00a0(GO)<\/strong><strong> <\/strong>tiveram as maiores quedas, ambas de -0,40%, influenciadas pela retra\u00e7\u00e3o nos pre\u00e7os da energia e da gasolina.<\/p>\n<p style=\"text-align: justify\">O gerente do IPCA, Fernando Gon\u00e7alves, refor\u00e7ou essas varia\u00e7\u00f5es. \u201cEm termos de regionais, a maior varia\u00e7\u00e3o do IPCA foi em Vit\u00f3ria, com alta de 0,23%, e a menor em Goi\u00e2nia e Porto Alegre, com queda de 0,40%.\u00a0<\/p>\n<table>\n<thead>\n<tr>\n<th rowspan=\"2\" style=\"text-align:center\">Regi\u00e3o<\/th>\n<th rowspan=\"2\" style=\"text-align:center\">Peso Regional (%)<\/th>\n<th colspan=\"2\" style=\"text-align:center\">Varia\u00e7\u00e3o (%)<\/th>\n<th colspan=\"2\" style=\"text-align:center\">Varia\u00e7\u00e3o Acumulada (%)<\/th>\n<\/tr>\n<tr>\n<th style=\"text-align:center\">Julho<\/th>\n<th style=\"text-align:center\">Agosto<\/th>\n<th style=\"text-align:center\">Ano<\/th>\n<th style=\"text-align:center\">12 meses<\/th>\n<\/tr>\n<\/thead>\n<tbody>\n<tr>\n<td>Vit\u00f3ria<\/td>\n<td style=\"text-align:center\">1,86<\/td>\n<td style=\"text-align:center\">0,10<\/td>\n<td style=\"text-align:center\">0,23<\/td>\n<td style=\"text-align:center\">3,56<\/td>\n<td style=\"text-align:center\">5,30<\/td>\n<\/tr>\n<tr>\n<td>Bras\u00edlia<\/td>\n<td style=\"text-align:center\">4,06<\/td>\n<td style=\"text-align:center\">0,01<\/td>\n<td style=\"text-align:center\">0,11<\/td>\n<td style=\"text-align:center\">3,37<\/td>\n<td style=\"text-align:center\">4,93<\/td>\n<\/tr>\n<tr>\n<td>S\u00e3o Paulo<\/td>\n<td style=\"text-align:center\">32,28<\/td>\n<td style=\"text-align:center\">0,46<\/td>\n<td style=\"text-align:center\">0,10<\/td>\n<td style=\"text-align:center\">3,57<\/td>\n<td style=\"text-align:center\">5,61<\/td>\n<\/tr>\n<tr>\n<td>Fortaleza<\/td>\n<td style=\"text-align:center\">3,23<\/td>\n<td style=\"text-align:center\">0,11<\/td>\n<td style=\"text-align:center\">-0,07<\/td>\n<td style=\"text-align:center\">3,09<\/td>\n<td style=\"text-align:center\">5,01<\/td>\n<\/tr>\n<tr>\n<td>Curitiba<\/td>\n<td style=\"text-align:center\">8,09<\/td>\n<td style=\"text-align:center\">0,33<\/td>\n<td style=\"text-align:center\">-0,07<\/td>\n<td style=\"text-align:center\">3,33<\/td>\n<td style=\"text-align:center\">5,46<\/td>\n<\/tr>\n<tr>\n<td>Rio Branco<\/td>\n<td style=\"text-align:center\">0,51<\/td>\n<td style=\"text-align:center\">-0,15<\/td>\n<td style=\"text-align:center\">-0,08<\/td>\n<td style=\"text-align:center\">1,95<\/td>\n<td style=\"text-align:center\">4,78<\/td>\n<\/tr>\n<tr>\n<td>Salvador<\/td>\n<td style=\"text-align:center\">5,99<\/td>\n<td style=\"text-align:center\">0,02<\/td>\n<td style=\"text-align:center\">-0,08<\/td>\n<td style=\"text-align:center\">2,94<\/td>\n<td style=\"text-align:center\">4,94<\/td>\n<\/tr>\n<tr>\n<td>Bel\u00e9m<\/td>\n<td style=\"text-align:center\">3,94<\/td>\n<td style=\"text-align:center\">-0,04<\/td>\n<td style=\"text-align:center\">-0,15<\/td>\n<td style=\"text-align:center\">3,19<\/td>\n<td style=\"text-align:center\">5,33<\/td>\n<\/tr>\n<tr>\n<td>Recife<\/td>\n<td style=\"text-align:center\">3,92<\/td>\n<td style=\"text-align:center\">0,32<\/td>\n<td style=\"text-align:center\">-0,24<\/td>\n<td style=\"text-align:center\">3,09<\/td>\n<td style=\"text-align:center\">4,58<\/td>\n<\/tr>\n<tr>\n<td>Aracaju<\/td>\n<td style=\"text-align:center\">1,03<\/td>\n<td style=\"text-align:center\">0,28<\/td>\n<td style=\"text-align:center\">-0,26<\/td>\n<td style=\"text-align:center\">3,48<\/td>\n<td style=\"text-align:center\">4,60<\/td>\n<\/tr>\n<tr>\n<td>Belo Horizonte<\/td>\n<td style=\"text-align:center\">9,69<\/td>\n<td style=\"text-align:center\">0,22<\/td>\n<td style=\"text-align:center\">-0,26<\/td>\n<td style=\"text-align:center\">3,34<\/td>\n<td style=\"text-align:center\">5,25<\/td>\n<\/tr>\n<tr>\n<td>S\u00e3o Lu\u00eds<\/td>\n<td style=\"text-align:center\">1,62<\/td>\n<td style=\"text-align:center\">-0,02<\/td>\n<td style=\"text-align:center\">-0,27<\/td>\n<td style=\"text-align:center\">2,60<\/td>\n<td style=\"text-align:center\">4,88<\/td>\n<\/tr>\n<tr>\n<td>Campo Grande<\/td>\n<td style=\"text-align:center\">1,57<\/td>\n<td style=\"text-align:center\">-0,19<\/td>\n<td style=\"text-align:center\">-0,28<\/td>\n<td style=\"text-align:center\">2,26<\/td>\n<td style=\"text-align:center\">4,68<\/td>\n<\/tr>\n<tr>\n<td>Rio de Janeiro<\/td>\n<td style=\"text-align:center\">9,43<\/td>\n<td style=\"text-align:center\">0,24<\/td>\n<td style=\"text-align:center\">-0,34<\/td>\n<td style=\"text-align:center\">2,35<\/td>\n<td style=\"text-align:center\">4,63<\/td>\n<\/tr>\n<tr>\n<td>Goi\u00e2nia<\/td>\n<td style=\"text-align:center\">4,17<\/td>\n<td style=\"text-align:center\">-0,14<\/td>\n<td style=\"text-align:center\">-0,40<\/td>\n<td style=\"text-align:center\">1,68<\/td>\n<td style=\"text-align:center\">4,85<\/td>\n<\/tr>\n<tr>\n<td>Porto Alegre<\/td>\n<td style=\"text-align:center\">8,61<\/td>\n<td style=\"text-align:center\">0,41<\/td>\n<td style=\"text-align:center\">-0,40<\/td>\n<td style=\"text-align:center\">3,18<\/td>\n<td style=\"text-align:center\">4,29<\/td>\n<\/tr>\n<\/tbody>\n<tfoot>\n<tr style=\"font-weight:bold;background:#f2f2f2\">\n<td>Brasil<\/td>\n<td style=\"text-align:center\">100,00<\/td>\n<td style=\"text-align:center\">0,26<\/td>\n<td style=\"text-align:center\">-0,11<\/td>\n<td style=\"text-align:center\">3,15<\/td>\n<td style=\"text-align:center\">5,13<\/td>\n<\/tr>\n<\/tfoot>\n<\/table>\n<p style=\"text-align: justify\"><a href=\"https:\/\/agenciadenoticias.ibge.gov.br\/agencia-noticias\/2012-agencia-de-noticias\/noticias\/44429-inflacao-fica-em-0-11-em-agosto-com-quedas-em-habitacao-alimentacao-e-transportes\"><span style=\"font-size:10px\">Fonte: IBGE<\/span><\/a><\/p>\n<p>O <strong>IPCA <\/strong>\u00e9 calculado pelo IBGE desde 1980, se refere \u00e0s fam\u00edlias com rendimento monet\u00e1rio de 01 a 40 sal\u00e1rios m\u00ednimos, qualquer que seja a fonte, e abrange dez regi\u00f5es metropolitanas do pa\u00eds, al\u00e9m dos munic\u00edpios de Goi\u00e2nia, Campo Grande, Rio Branco, S\u00e3o Lu\u00eds, Aracaju e de Bras\u00edlia.<\/p>\n<p>\t\t\t\t\t\t\t\t\t<img loading=\"lazy\" decoding=\"async\" src=\"https:\/\/brasil61.com\/api\/v1\/serve_pixel\/17677\/84530\" alt=\"Pixel Brasil 61\" class=\"b61_pixel\" width=\"0\" height=\"0\"><\/p>\n<input type=\"hidden\" id=\"baseurl\" value=\"https:\/\/noticiasdestaque.com.br\"><input type=\"hidden\" id=\"audio_nonce\" value=\"6f73a554f1\">","protected":false},"excerpt":{"rendered":"<p>Dados divulgados pelo IBGE mostram que a infla\u00e7\u00e3o recuou em agosto. Regionalmente, Vit\u00f3ria registrou a maior alta, enquanto Goi\u00e2nia e Porto Alegre tiveram as maiores quedas no m\u00eas<\/p>\n","protected":false},"author":1,"featured_media":45834,"comment_status":"open","ping_status":"open","sticky":false,"template":"","format":"standard","meta":{"fifu_image_url":"","fifu_image_alt":"","footnotes":""},"categories":[59],"tags":[],"class_list":["post-45833","post","type-post","status-publish","format-standard","has-post-thumbnail","hentry","category-economia"],"distributor_meta":false,"distributor_terms":false,"distributor_media":false,"distributor_original_site_name":"Noticias em Destaque","distributor_original_site_url":"https:\/\/noticiasdestaque.com.br","push-errors":false,"_links":{"self":[{"href":"https:\/\/noticiasdestaque.com.br\/index.php\/wp-json\/wp\/v2\/posts\/45833","targetHints":{"allow":["GET"]}}],"collection":[{"href":"https:\/\/noticiasdestaque.com.br\/index.php\/wp-json\/wp\/v2\/posts"}],"about":[{"href":"https:\/\/noticiasdestaque.com.br\/index.php\/wp-json\/wp\/v2\/types\/post"}],"author":[{"embeddable":true,"href":"https:\/\/noticiasdestaque.com.br\/index.php\/wp-json\/wp\/v2\/users\/1"}],"replies":[{"embeddable":true,"href":"https:\/\/noticiasdestaque.com.br\/index.php\/wp-json\/wp\/v2\/comments?post=45833"}],"version-history":[{"count":0,"href":"https:\/\/noticiasdestaque.com.br\/index.php\/wp-json\/wp\/v2\/posts\/45833\/revisions"}],"wp:featuredmedia":[{"embeddable":true,"href":"https:\/\/noticiasdestaque.com.br\/index.php\/wp-json\/wp\/v2\/media\/45834"}],"wp:attachment":[{"href":"https:\/\/noticiasdestaque.com.br\/index.php\/wp-json\/wp\/v2\/media?parent=45833"}],"wp:term":[{"taxonomy":"category","embeddable":true,"href":"https:\/\/noticiasdestaque.com.br\/index.php\/wp-json\/wp\/v2\/categories?post=45833"},{"taxonomy":"post_tag","embeddable":true,"href":"https:\/\/noticiasdestaque.com.br\/index.php\/wp-json\/wp\/v2\/tags?post=45833"}],"curies":[{"name":"wp","href":"https:\/\/api.w.org\/{rel}","templated":true}]}}